{"id":96196,"date":"2019-07-03T22:44:08","date_gmt":"2019-07-04T01:44:08","guid":{"rendered":"http:\/\/www.hoymercedes.com.ar\/principal\/?p=96196"},"modified":"2019-07-03T23:02:52","modified_gmt":"2019-07-04T02:02:52","slug":"la-faped-distinguira-a-americo-altavista","status":"publish","type":"post","link":"https:\/\/www.hoymercedes.com.ar\/principal\/2019\/07\/03\/la-faped-distinguira-a-americo-altavista\/","title":{"rendered":"La FAPED distinguir\u00e1 a Am\u00e9rico Altavista"},"content":{"rendered":"\n<p>El C\u00edrculo de Periodistas Deportivos de Mercedes propuso a\nquien fue su primer Presidente electo para la distinci\u00f3n que anualmente realiza\nla Federaci\u00f3n Argentina de Periodistas Deportivos y Altavista fue uno de los\ndiez seleccionados de todos los C\u00edrculos del pa\u00eds.<\/p>\n\n\n\n<div class=\"wp-block-image\"><figure class=\"aligncenter\"><img loading=\"lazy\" decoding=\"async\" width=\"288\" height=\"267\" data-attachment-id=\"96197\" data-permalink=\"https:\/\/www.hoymercedes.com.ar\/principal\/2019\/07\/03\/la-faped-distinguira-a-americo-altavista\/whatsapp-image-2019-06-21-at-19-55-56-1\/#main\" data-orig-file=\"https:\/\/www.hoymercedes.com.ar\/principal\/wp-content\/uploads\/2019\/07\/WhatsApp-Image-2019-06-21-at-19.55.56-1.jpeg\" data-orig-size=\"288,267\" data-comments-opened=\"0\" data-image-meta=\"{&quot;aperture&quot;:&quot;0&quot;,&quot;credit&quot;:&quot;&quot;,&quot;camera&quot;:&quot;&quot;,&quot;caption&quot;:&quot;&quot;,&quot;created_timestamp&quot;:&quot;0&quot;,&quot;copyright&quot;:&quot;&quot;,&quot;focal_length&quot;:&quot;0&quot;,&quot;iso&quot;:&quot;0&quot;,&quot;shutter_speed&quot;:&quot;0&quot;,&quot;title&quot;:&quot;&quot;,&quot;orientation&quot;:&quot;0&quot;}\" data-image-title=\"WhatsApp-Image-2019-06-21-at-19.55.56-1\" data-image-description=\"\" data-image-caption=\"\" data-large-file=\"https:\/\/www.hoymercedes.com.ar\/principal\/wp-content\/uploads\/2019\/07\/WhatsApp-Image-2019-06-21-at-19.55.56-1.jpeg\" src=\"https:\/\/www.hoymercedes.com.ar\/principal\/wp-content\/uploads\/2019\/07\/WhatsApp-Image-2019-06-21-at-19.55.56-1.jpeg\" alt=\"\" class=\"wp-image-96197\" srcset=\"https:\/\/www.hoymercedes.com.ar\/principal\/wp-content\/uploads\/2019\/07\/WhatsApp-Image-2019-06-21-at-19.55.56-1.jpeg 288w, https:\/\/www.hoymercedes.com.ar\/principal\/wp-content\/uploads\/2019\/07\/WhatsApp-Image-2019-06-21-at-19.55.56-1-150x139.jpeg 150w\" sizes=\"auto, (max-width: 288px) 100vw, 288px\" \/><\/figure><\/div>\n\n\n\n<p>La Federaci\u00f3n Argentina de Periodistas Deportivos entrega\ndesde hace tres a\u00f1os el premio FAPED \u201cMaestro del Periodismo\u201d y en esta\noportunidad, el C\u00edrculo de Periodistas Deportivos de Mercedes propuso a Am\u00e9rico\nAltavista para ser uno de los diez elegidos de todo el pa\u00eds. Tras la reuni\u00f3n de\nComit\u00e9 Ejecutivo de FAPED que se realiz\u00f3 en Mar del Plata, en la tarde de este\nmi\u00e9rcoles se emiti\u00f3 el comunicado que confirma que quien fue el primer\nPresidente del CPD, reciba el galard\u00f3n nacional.<\/p>\n\n\n\n<p>Para el C\u00edrculo de Mercedes es un orgullo volver a tener\nentre los diez seleccionados de los m\u00e1s de veinte que conforman la FAPED a un\nperiodista propuesto, ya que en 2018 fue Juan Dagnino quien se eligiera y luego\nla Federaci\u00f3n lo nombrara.<\/p>\n\n\n\n<p>En esta oportunidad, el CPD Mercedes realiz\u00f3 una votaci\u00f3n\nabierta de todos sus socios, quienes fueron eligiendo a su distinguido, de\nquien sali\u00f3 finalmente el nombre de Am\u00e9rico Altavista. En la oportunidad\nanterior, el nombre de Dagnino fue seleccionado a trav\u00e9s de una reuni\u00f3n de socios.<\/p>\n\n\n\n<p>El premio ser\u00e1 entregado al C\u00edrculo en el 51\u00b0 Congreso\nNacional e Internacional de FAPED, que se realizar\u00e1 entre el 25 y 27 de\nseptiembre en el predio La Pedrera de la localidad de Villa Mercedes, provincia\nde San Luis. Mientras tanto, la Comisi\u00f3n Directiva del CPD analiza la forma de\nentrega del mencionado premio, que podr\u00eda ser para noviembre cuando se\nconmemora el d\u00eda del periodista deportivo o en abril, cuando se realiza la\nhabitual entrega de premios.<\/p>\n\n\n\n<p>Altavista, nacido en Bol\u00edvar, provincia de Buenos Aires,\nlleg\u00f3 a Mercedes en 1967 y en su haber ya hab\u00eda fundado junto a Dino Tinelli el diario La Ma\u00f1ana y trabaj\u00f3 tambi\u00e9n en El Preg\u00f3n,\ncuyo due\u00f1o era el suegro de Dino, Francisco Domenio. Fund\u00f3 la revista deportivo\nsocial Mi Ciudad. En R\u00edo Gallegos fund\u00f3 el diario La Opini\u00f3n y el diario\nCr\u00f3nica de Comodo Rivadavia. Tambi\u00e9n trabaj\u00f3 como periodista en Carhu\u00e9.<\/p>\n\n\n\n<p>En Mercedes trabaj\u00f3 en Diario El\nOeste, fue parte de la reactivaci\u00f3n de la Liga Mercedina de F\u00fatbol, particip\u00f3\nen la primera organizaci\u00f3n de la Fiesta Nacional del Salame, realiz\u00f3 el\nlegendario programa de radio \u201cLa Voz del Deporte\u201d y en 1972 estuvo en el\nnacimiento del C\u00edrculo de Periodistas Deportivos, primero siendo parte de la\nJunta Promotora, presidida por Ra\u00fal Sosena y, semanas despu\u00e9s, siendo el primer\npresidente del C\u00edrculo constitu\u00eddo.<\/p>\n\n\n\n<p>Los premiados en todo el pa\u00eds<\/p>\n","protected":false},"excerpt":{"rendered":"<p>El C\u00edrculo de Periodistas Deportivos de Mercedes propuso a quien fue su primer Presidente electo para la distinci\u00f3n que anualmente &#8230; <a title=\"La FAPED distinguir\u00e1 a Am\u00e9rico Altavista\" class=\"read-more\" href=\"https:\/\/www.hoymercedes.com.ar\/principal\/2019\/07\/03\/la-faped-distinguira-a-americo-altavista\/\" aria-label=\"Leer m\u00e1s sobre La FAPED distinguir\u00e1 a Am\u00e9rico Altavista\">Leer m\u00e1s<\/a><\/p>\n","protected":false},"author":1,"featured_media":96197,"comment_status":"closed","ping_status":"open","sticky":false,"template":"","format":"standard","meta":{"_monsterinsights_skip_tracking":false,"_monsterinsights_sitenote_active":false,"_monsterinsights_sitenote_note":"","_monsterinsights_sitenote_category":0,"jetpack_post_was_ever_published":false,"_jetpack_newsletter_access":"","_jetpack_dont_email_post_to_subs":false,"_jetpack_newsletter_tier_id":0,"_jetpack_memberships_contains_paywalled_content":false,"_jetpack_memberships_contains_paid_content":false,"footnotes":"","jetpack_publicize_message":"","jetpack_publicize_feature_enabled":true,"jetpack_social_post_already_shared":true,"jetpack_social_options":{"image_generator_settings":{"template":"highway","default_image_id":0,"font":"","enabled":false},"version":2},"_wpas_customize_per_network":false},"categories":[21],"tags":[1540],"class_list":["post-96196","post","type-post","status-publish","format-standard","has-post-thumbnail","hentry","category-deportes","tag-faped","generate-columns","tablet-grid-50","mobile-grid-100","grid-parent","grid-50"],"jetpack_publicize_connections":[],"jetpack_featured_media_url":"https:\/\/www.hoymercedes.com.ar\/principal\/wp-content\/uploads\/2019\/07\/WhatsApp-Image-2019-06-21-at-19.55.56-1.jpeg","wps_subtitle":"Premio \u201cMaestro del Periodismo\u201d","jetpack_sharing_enabled":true,"_links":{"self":[{"href":"https:\/\/www.hoymercedes.com.ar\/principal\/wp-json\/wp\/v2\/posts\/96196","targetHints":{"allow":["GET"]}}],"collection":[{"href":"https:\/\/www.hoymercedes.com.ar\/principal\/wp-json\/wp\/v2\/posts"}],"about":[{"href":"https:\/\/www.hoymercedes.com.ar\/principal\/wp-json\/wp\/v2\/types\/post"}],"author":[{"embeddable":true,"href":"https:\/\/www.hoymercedes.com.ar\/principal\/wp-json\/wp\/v2\/users\/1"}],"replies":[{"embeddable":true,"href":"https:\/\/www.hoymercedes.com.ar\/principal\/wp-json\/wp\/v2\/comments?post=96196"}],"version-history":[{"count":0,"href":"https:\/\/www.hoymercedes.com.ar\/principal\/wp-json\/wp\/v2\/posts\/96196\/revisions"}],"wp:featuredmedia":[{"embeddable":true,"href":"https:\/\/www.hoymercedes.com.ar\/principal\/wp-json\/wp\/v2\/media\/96197"}],"wp:attachment":[{"href":"https:\/\/www.hoymercedes.com.ar\/principal\/wp-json\/wp\/v2\/media?parent=96196"}],"wp:term":[{"taxonomy":"category","embeddable":true,"href":"https:\/\/www.hoymercedes.com.ar\/principal\/wp-json\/wp\/v2\/categories?post=96196"},{"taxonomy":"post_tag","embeddable":true,"href":"https:\/\/www.hoymercedes.com.ar\/principal\/wp-json\/wp\/v2\/tags?post=96196"}],"curies":[{"name":"wp","href":"https:\/\/api.w.org\/{rel}","templated":true}]}}