{"id":96230,"date":"2019-07-04T15:07:57","date_gmt":"2019-07-04T18:07:57","guid":{"rendered":"http:\/\/www.hoymercedes.com.ar\/principal\/?p=96230"},"modified":"2019-07-04T17:18:23","modified_gmt":"2019-07-04T20:18:23","slug":"la-defensoria-le-reclamo-al-gobierno-nacional-soluciones-para-los-afectados-por-los-creditos-uva","status":"publish","type":"post","link":"https:\/\/www.hoymercedes.com.ar\/principal\/2019\/07\/04\/la-defensoria-le-reclamo-al-gobierno-nacional-soluciones-para-los-afectados-por-los-creditos-uva\/","title":{"rendered":"La Defensor\u00eda le reclam\u00f3 al gobierno nacional soluciones para los afectados por los cr\u00e9ditos UVA"},"content":{"rendered":"\n<p>El Defensor del Pueblo bonaerense, Guido Lorenzino, le reclam\u00f3 al gobierno nacional que analice alternativas para solucionar los problemas que enfrentan los usuarios de cr\u00e9ditos UVA, al tener en cuenta el impacto que gener\u00f3 la inflaci\u00f3n en el aumento de las cuotas de estos pr\u00e9stamos.<\/p>\n\n\n\n<figure class=\"wp-block-image\"><img loading=\"lazy\" decoding=\"async\" width=\"1024\" height=\"373\" data-attachment-id=\"96233\" data-permalink=\"https:\/\/www.hoymercedes.com.ar\/principal\/2019\/07\/04\/la-defensoria-le-reclamo-al-gobierno-nacional-soluciones-para-los-afectados-por-los-creditos-uva\/04-defensoria\/#main\" data-orig-file=\"https:\/\/www.hoymercedes.com.ar\/principal\/wp-content\/uploads\/2019\/07\/04-defensoria.jpg\" data-orig-size=\"1024,373\" data-comments-opened=\"0\" data-image-meta=\"{&quot;aperture&quot;:&quot;0&quot;,&quot;credit&quot;:&quot;&quot;,&quot;camera&quot;:&quot;&quot;,&quot;caption&quot;:&quot;&quot;,&quot;created_timestamp&quot;:&quot;0&quot;,&quot;copyright&quot;:&quot;&quot;,&quot;focal_length&quot;:&quot;0&quot;,&quot;iso&quot;:&quot;0&quot;,&quot;shutter_speed&quot;:&quot;0&quot;,&quot;title&quot;:&quot;&quot;,&quot;orientation&quot;:&quot;1&quot;}\" data-image-title=\"04-defensoria\" data-image-description=\"\" data-image-caption=\"\" data-large-file=\"https:\/\/www.hoymercedes.com.ar\/principal\/wp-content\/uploads\/2019\/07\/04-defensoria-1024x373.jpg\" src=\"https:\/\/www.hoymercedes.com.ar\/principal\/wp-content\/uploads\/2019\/07\/04-defensoria-1024x373.jpg\" alt=\"\" class=\"wp-image-96233\" srcset=\"https:\/\/www.hoymercedes.com.ar\/principal\/wp-content\/uploads\/2019\/07\/04-defensoria.jpg 1024w, https:\/\/www.hoymercedes.com.ar\/principal\/wp-content\/uploads\/2019\/07\/04-defensoria-150x55.jpg 150w, https:\/\/www.hoymercedes.com.ar\/principal\/wp-content\/uploads\/2019\/07\/04-defensoria-630x229.jpg 630w\" sizes=\"auto, (max-width: 1024px) 100vw, 1024px\" \/><\/figure>\n\n\n\n<p>\u201cLa pol\u00edtica inflacionaria del gobierno puso en jaque las econom\u00edas familiares, que hoy ven profundamente afectada la capacidad adquisitiva de sus ingresos, realizando sacrificios mes a mes para sostener el sue\u00f1o de la casa propia. De acuerdo con el an\u00e1lisis de las quejas que llegaron a la Defensor\u00eda, observamos que la cuota, que impactaba inicialmente entre un 20 o 30% de los salarios, hoy alcanza a casi la mitad de los sueldos\u201d, sostuvo Lorenzino.<\/p>\n\n\n\n<p>Puntualmente, el organismo envi\u00f3 un pedido al Ejecutivo para que convoque a todos los sectores involucrados para buscar una soluci\u00f3n equitativa para los usuarios que ven peligrar sus viviendas por los permanentes aumentos.<\/p>\n\n\n\n<p>Tambi\u00e9n, recomend\u00f3 al Banco Central que eval\u00fae alternativas de modificaci\u00f3n del actual sistema de cr\u00e9ditos con capital ajustable por Unidad de Valor Adquisitivo (UVA), o cualquier otro \u00edndice y\/o coeficiente, para garantizar que los tomadores de dichos pr\u00e9stamos tengan asegurado su derecho de acceso a la vivienda.<\/p>\n\n\n\n<p>A su vez, la Defensor\u00eda le reclam\u00f3 al Congreso el tratamiento de forma urgente de los proyectos de ley referidos a esta tem\u00e1tica, para encontrar una soluci\u00f3n colectiva para quienes se inclinaron por estos cr\u00e9ditos, que ven afectados sus derechos como consumidores.<\/p>\n\n\n\n<p>La particularidad distintiva de los paquetes crediticios en UVA reside en que tanto las cuotas como el capital adeudado se indexan por inflaci\u00f3n, por lo que en su valor se incrementa d\u00eda a d\u00eda. <\/p>\n\n\n\n<p>\u201cHay pocas respuestas de las autoridades a estos reclamos, por lo que queda claro que no se est\u00e1 trabajando en la elaboraci\u00f3n de alternativas debido a la falta de una discusi\u00f3n orientadora m\u00e1s amplia, que englobe a todos los sectores involucrados\u201d, puntualiz\u00f3 Lorenzino.<\/p>\n","protected":false},"excerpt":{"rendered":"<p>El Defensor del Pueblo bonaerense, Guido Lorenzino, le reclam\u00f3 al gobierno nacional que analice alternativas para solucionar los problemas que &#8230; <a title=\"La Defensor\u00eda le reclam\u00f3 al gobierno nacional soluciones para los afectados por los cr\u00e9ditos UVA\" class=\"read-more\" href=\"https:\/\/www.hoymercedes.com.ar\/principal\/2019\/07\/04\/la-defensoria-le-reclamo-al-gobierno-nacional-soluciones-para-los-afectados-por-los-creditos-uva\/\" aria-label=\"Leer m\u00e1s sobre La Defensor\u00eda le reclam\u00f3 al gobierno nacional soluciones para los afectados por los cr\u00e9ditos UVA\">Leer m\u00e1s<\/a><\/p>\n","protected":false},"author":1,"featured_media":96233,"comment_status":"closed","ping_status":"open","sticky":false,"template":"","format":"standard","meta":{"_monsterinsights_skip_tracking":false,"_monsterinsights_sitenote_active":false,"_monsterinsights_sitenote_note":"","_monsterinsights_sitenote_category":0,"jetpack_post_was_ever_published":false,"_jetpack_newsletter_access":"","_jetpack_dont_email_post_to_subs":false,"_jetpack_newsletter_tier_id":0,"_jetpack_memberships_contains_paywalled_content":false,"_jetpack_memberships_contains_paid_content":false,"footnotes":"","jetpack_publicize_message":"","jetpack_publicize_feature_enabled":true,"jetpack_social_post_already_shared":true,"jetpack_social_options":{"image_generator_settings":{"template":"highway","default_image_id":0,"font":"","enabled":false},"version":2},"_wpas_customize_per_network":false},"categories":[8881],"tags":[14676,9284,1803],"class_list":["post-96230","post","type-post","status-publish","format-standard","has-post-thumbnail","hentry","category-provincia","tag-creditos-uva","tag-defensor-del-pueblo","tag-provincia","generate-columns","tablet-grid-50","mobile-grid-100","grid-parent","grid-50"],"jetpack_publicize_connections":[],"jetpack_featured_media_url":"https:\/\/www.hoymercedes.com.ar\/principal\/wp-content\/uploads\/2019\/07\/04-defensoria.jpg","wps_subtitle":"","jetpack_sharing_enabled":true,"_links":{"self":[{"href":"https:\/\/www.hoymercedes.com.ar\/principal\/wp-json\/wp\/v2\/posts\/96230","targetHints":{"allow":["GET"]}}],"collection":[{"href":"https:\/\/www.hoymercedes.com.ar\/principal\/wp-json\/wp\/v2\/posts"}],"about":[{"href":"https:\/\/www.hoymercedes.com.ar\/principal\/wp-json\/wp\/v2\/types\/post"}],"author":[{"embeddable":true,"href":"https:\/\/www.hoymercedes.com.ar\/principal\/wp-json\/wp\/v2\/users\/1"}],"replies":[{"embeddable":true,"href":"https:\/\/www.hoymercedes.com.ar\/principal\/wp-json\/wp\/v2\/comments?post=96230"}],"version-history":[{"count":0,"href":"https:\/\/www.hoymercedes.com.ar\/principal\/wp-json\/wp\/v2\/posts\/96230\/revisions"}],"wp:featuredmedia":[{"embeddable":true,"href":"https:\/\/www.hoymercedes.com.ar\/principal\/wp-json\/wp\/v2\/media\/96233"}],"wp:attachment":[{"href":"https:\/\/www.hoymercedes.com.ar\/principal\/wp-json\/wp\/v2\/media?parent=96230"}],"wp:term":[{"taxonomy":"category","embeddable":true,"href":"https:\/\/www.hoymercedes.com.ar\/principal\/wp-json\/wp\/v2\/categories?post=96230"},{"taxonomy":"post_tag","embeddable":true,"href":"https:\/\/www.hoymercedes.com.ar\/principal\/wp-json\/wp\/v2\/tags?post=96230"}],"curies":[{"name":"wp","href":"https:\/\/api.w.org\/{rel}","templated":true}]}}