{"id":96260,"date":"2019-07-05T10:16:56","date_gmt":"2019-07-05T13:16:56","guid":{"rendered":"http:\/\/www.hoymercedes.com.ar\/principal\/?p=96260"},"modified":"2019-07-05T09:48:56","modified_gmt":"2019-07-05T12:48:56","slug":"volvio-el-gas-a-las-escuelas-de-garcia","status":"publish","type":"post","link":"https:\/\/www.hoymercedes.com.ar\/principal\/2019\/07\/05\/volvio-el-gas-a-las-escuelas-de-garcia\/","title":{"rendered":"Volvi\u00f3 el gas a las escuelas de Garc\u00eda"},"content":{"rendered":"\n<p><em>La empresa ExtraGas carg\u00f3 las instalaciones para que el Jard\u00edn 913, la EP N\u00b0 25 y la extensi\u00f3n de la ES N\u00b0 12 de la localidad de J.M. Garc\u00eda vuelvan a tener gas. Otras escuelas contin\u00faan con sus reclamos por falta de calefacci\u00f3n. <\/em><\/p>\n\n\n\n<figure class=\"wp-block-image\"><img loading=\"lazy\" decoding=\"async\" width=\"718\" height=\"478\" data-attachment-id=\"96257\" data-permalink=\"https:\/\/www.hoymercedes.com.ar\/principal\/2019\/07\/05\/cocottes-de-carnaval-se-presenta-en-el-teatro-talia\/05-gas-garcia\/#main\" data-orig-file=\"https:\/\/www.hoymercedes.com.ar\/principal\/wp-content\/uploads\/2019\/07\/05-gas-garcia.jpg\" data-orig-size=\"718,478\" data-comments-opened=\"0\" data-image-meta=\"{&quot;aperture&quot;:&quot;0&quot;,&quot;credit&quot;:&quot;&quot;,&quot;camera&quot;:&quot;&quot;,&quot;caption&quot;:&quot;&quot;,&quot;created_timestamp&quot;:&quot;0&quot;,&quot;copyright&quot;:&quot;&quot;,&quot;focal_length&quot;:&quot;0&quot;,&quot;iso&quot;:&quot;0&quot;,&quot;shutter_speed&quot;:&quot;0&quot;,&quot;title&quot;:&quot;&quot;,&quot;orientation&quot;:&quot;0&quot;}\" data-image-title=\"05 gas garcia\" data-image-description=\"\" data-image-caption=\"\" data-large-file=\"https:\/\/www.hoymercedes.com.ar\/principal\/wp-content\/uploads\/2019\/07\/05-gas-garcia.jpg\" src=\"https:\/\/www.hoymercedes.com.ar\/principal\/wp-content\/uploads\/2019\/07\/05-gas-garcia.jpg\" alt=\"\" class=\"wp-image-96257\" srcset=\"https:\/\/www.hoymercedes.com.ar\/principal\/wp-content\/uploads\/2019\/07\/05-gas-garcia.jpg 718w, https:\/\/www.hoymercedes.com.ar\/principal\/wp-content\/uploads\/2019\/07\/05-gas-garcia-150x100.jpg 150w, https:\/\/www.hoymercedes.com.ar\/principal\/wp-content\/uploads\/2019\/07\/05-gas-garcia-630x419.jpg 630w, https:\/\/www.hoymercedes.com.ar\/principal\/wp-content\/uploads\/2019\/07\/05-gas-garcia-360x240.jpg 360w\" sizes=\"auto, (max-width: 718px) 100vw, 718px\" \/><\/figure>\n\n\n\n<p>La&nbsp; semana\npasada, docentes y padres de las instituciones educativas de la localidad rural\nJ.M. Garc\u00eda hab\u00edan reclamado ante el Consejo Escolar la falta de gas en las\nescuelas que hac\u00edan dif\u00edcil el funcionamiento de los comedores escolares y de\nlas clases con el intenso fr\u00edo que hace por estos d\u00edas. <\/p>\n\n\n\n<p>En su\u00a0 momento, el Consejero Escolar<a href=\"https:\/\/www.hoymercedes.com.ar\/principal\/2019\/06\/26\/pisano-nos-falta-el-analisis-final-de-las-empresas-proveedoras-de-gas-que-no-son-las-que-nosotros-contratamos\/\" target=\"_blank\" rel=\"noreferrer noopener\" aria-label=\" Jos\u00e9 Luis Pisano (opens in a new tab)\"> Jos\u00e9 Luis Pisano<\/a> explic\u00f3 ante distintos medios que el problema era que la empresa proveedora de gas no hab\u00eda cargado la \u201cchancha\u201d en las escuelas rurales. Finalmente, el martes \u00faltimo, y tras el reclamo de docentes, padres y el mismo Consejo Escolar que reiter\u00f3 su pedido, la empresa ExtraGas, restableci\u00f3 el servicio. <\/p>\n\n\n\n<p>Esta semana, qui\u00e9n habl\u00f3 sobre la falta de\ncalefacci\u00f3n en algunas escuelas fue la titular del Consejo Escolar Ana\nDarritchon. Fue ella quien confirm\u00f3 la presencia de la empresa en las\ninstituciones educativas rurales. \u201cEl martes por suerte se solucion\u00f3 lo de la\nEscuela Primaria N\u00b0 25, el Jard\u00edn 913 y la extensi\u00f3n de la Secundaria 12 en\nGarc\u00eda. La empresa ExtraGas, la empresa que carga las chanchas vino, no lo\nestaba haciendo, as\u00ed que la obra completarse\u201d, cont\u00f3 la Presidente del Consejo\nEscolar. <\/p>\n\n\n\n<p>&nbsp;Ante la\nconsulta sobre las otras escuelas que reclaman el servicio de gas, la Consejera\nDarritchon explic\u00f3 que \u201cno hab\u00eda soluciones inmediatas\u201d ya que en algunos casos\nson obras que llevan tiempo. \u201cVenimos trabajando desde octubre del a\u00f1o pasado\ncon obras de gas. En enero licitamos algunas de las obras. Pero todo se atras\u00f3\nm\u00e1s de lo esperado\u201d, explic\u00f3 para luego contar que los primeros d\u00edas de la\nsemana el gasista estuvo trabajando en la instalaci\u00f3n de la Escuela Normal,\n\u201cacondicionar los calefactores llev\u00f3 tres d\u00edas completos de trabajo\u201d. <\/p>\n\n\n\n<p>\u201cTenemos dos gasistas matriculados. Son los\n\u00fanicos que pueden prender calefactores y hacernos el informe para que la\nempresa de gas no corte el servicio. Hay escuelas, como la Primaria 24, tienen\nla obra terminada, pero las empresas que tienen que cargar el servicio y que\nhacen las auditor\u00edas, no vienen. La cantidad de gente que tienen designados\npara eso, no les alcanza\u201d, explic\u00f3 Darritchon. <\/p>\n\n\n\n<p>Tambi\u00e9n asegur\u00f3 que a otras escuelas donde el\nreclamo est\u00e1 presente, \u201cno han llegado\u201d ya que se priorizaron las obras en los\njardines de infantes y las primarias. \u201cLa mayor\u00eda de las obras de gas las\nestamos haciendo los Consejos Escolares con fondos que mand\u00f3 directamente la\ngobernaci\u00f3n. Muchas respuestas se han dado, otras, lamentablemente, no. Siempre\nlo que falta hacer es m\u00e1s notorio que lo que se hizo. Lo que estamos haciendo\nnosotros deb\u00eda ser solo una revisi\u00f3n de lo que se ven\u00eda haciendo. Pero aparecen\ncosas que no se hicieron en su momento. Es necesario saber las situaciones de\nlas escuelas, y los tiempos que lleva hacer las obras. La planta la disponemos,\ntenemos otorgados otros tres millones m\u00e1s. Pero no tenemos empresas que las\nhagan, empresas que est\u00e9n autorizadas\u201d, expres\u00f3 la Consejera Escolar. <\/p>\n\n\n\n<p>\u201cEn octubre pasado empezamos con los\nrelevamientos. Se hicieron pruebas de hermeticidad, por ejemplo, en la Escuela\n19, y ahora est\u00e1 cortado el gas porque hay una p\u00e9rdida que no pueden encontrar.\nPor lo tanto, habr\u00eda que hacer toda la ca\u00f1er\u00eda nueva. Hay cosas que son\nimprevistas y que se tratan de resolver de manera inmediata, pero no siempre se\npuede\u201d, resalt\u00f3 la titular el organismo educativo responsable de la\ninfraestructura de las escuelas de gesti\u00f3n p\u00fablica. <\/p>\n","protected":false},"excerpt":{"rendered":"<p>La empresa ExtraGas carg\u00f3 las instalaciones para que el Jard\u00edn 913, la EP N\u00b0 25 y la extensi\u00f3n de la &#8230; <a title=\"Volvi\u00f3 el gas a las escuelas de Garc\u00eda\" class=\"read-more\" href=\"https:\/\/www.hoymercedes.com.ar\/principal\/2019\/07\/05\/volvio-el-gas-a-las-escuelas-de-garcia\/\" aria-label=\"Leer m\u00e1s sobre Volvi\u00f3 el gas a las escuelas de Garc\u00eda\">Leer m\u00e1s<\/a><\/p>\n","protected":false},"author":1,"featured_media":96257,"comment_status":"closed","ping_status":"open","sticky":false,"template":"","format":"standard","meta":{"_monsterinsights_skip_tracking":false,"_monsterinsights_sitenote_active":false,"_monsterinsights_sitenote_note":"","_monsterinsights_sitenote_category":0,"jetpack_post_was_ever_published":false,"_jetpack_newsletter_access":"","_jetpack_dont_email_post_to_subs":false,"_jetpack_newsletter_tier_id":0,"_jetpack_memberships_contains_paywalled_content":false,"_jetpack_memberships_contains_paid_content":false,"footnotes":"","jetpack_publicize_message":"","jetpack_publicize_feature_enabled":true,"jetpack_social_post_already_shared":true,"jetpack_social_options":{"image_generator_settings":{"template":"highway","default_image_id":0,"font":"","enabled":false},"version":2},"_wpas_customize_per_network":false},"categories":[23],"tags":[1317,47,989,534,9389],"class_list":["post-96260","post","type-post","status-publish","format-standard","has-post-thumbnail","hentry","category-educacion","tag-consejo-escolar","tag-educacion-2","tag-escuelas","tag-garcia","tag-gas","generate-columns","tablet-grid-50","mobile-grid-100","grid-parent","grid-50"],"jetpack_publicize_connections":[],"jetpack_featured_media_url":"https:\/\/www.hoymercedes.com.ar\/principal\/wp-content\/uploads\/2019\/07\/05-gas-garcia.jpg","wps_subtitle":"","jetpack_sharing_enabled":true,"_links":{"self":[{"href":"https:\/\/www.hoymercedes.com.ar\/principal\/wp-json\/wp\/v2\/posts\/96260","targetHints":{"allow":["GET"]}}],"collection":[{"href":"https:\/\/www.hoymercedes.com.ar\/principal\/wp-json\/wp\/v2\/posts"}],"about":[{"href":"https:\/\/www.hoymercedes.com.ar\/principal\/wp-json\/wp\/v2\/types\/post"}],"author":[{"embeddable":true,"href":"https:\/\/www.hoymercedes.com.ar\/principal\/wp-json\/wp\/v2\/users\/1"}],"replies":[{"embeddable":true,"href":"https:\/\/www.hoymercedes.com.ar\/principal\/wp-json\/wp\/v2\/comments?post=96260"}],"version-history":[{"count":0,"href":"https:\/\/www.hoymercedes.com.ar\/principal\/wp-json\/wp\/v2\/posts\/96260\/revisions"}],"wp:featuredmedia":[{"embeddable":true,"href":"https:\/\/www.hoymercedes.com.ar\/principal\/wp-json\/wp\/v2\/media\/96257"}],"wp:attachment":[{"href":"https:\/\/www.hoymercedes.com.ar\/principal\/wp-json\/wp\/v2\/media?parent=96260"}],"wp:term":[{"taxonomy":"category","embeddable":true,"href":"https:\/\/www.hoymercedes.com.ar\/principal\/wp-json\/wp\/v2\/categories?post=96260"},{"taxonomy":"post_tag","embeddable":true,"href":"https:\/\/www.hoymercedes.com.ar\/principal\/wp-json\/wp\/v2\/tags?post=96260"}],"curies":[{"name":"wp","href":"https:\/\/api.w.org\/{rel}","templated":true}]}}