{"id":96271,"date":"2019-07-05T16:38:31","date_gmt":"2019-07-05T19:38:31","guid":{"rendered":"http:\/\/www.hoymercedes.com.ar\/principal\/?p=96271"},"modified":"2019-07-05T17:10:56","modified_gmt":"2019-07-05T20:10:56","slug":"sabado-y-domingo-con-cortes-de-luz-programado","status":"publish","type":"post","link":"https:\/\/www.hoymercedes.com.ar\/principal\/2019\/07\/05\/sabado-y-domingo-con-cortes-de-luz-programado\/","title":{"rendered":"S\u00e1bado y domingo con cortes de luz programado"},"content":{"rendered":"\n<p>Para este fin de semana la empresa EDEN proyecta realizar cortes de energ\u00eda el\u00e9ctrica, tanto el s\u00e1bado como el domingo en distintos lugares de la Mercedes. El s\u00e1bado por la ma\u00f1ana el corte ser\u00e1 en zona cercanas a las rutas 5 y 41 y por la tarde en barrio El Rosedal y Bello Horizonte. El domingo incluye barrios c\u00e9ntricos. <\/p>\n\n\n\n<p>Conforme a su plan de inversiones en obras y mantenimiento para fortalecer el servicio, EDEN realizar\u00e1 trabajos en la red el\u00e9ctrica. Por esto , se realizar\u00e1 una interrupci\u00f3n del suministro el\u00e9ctrico para realizar las mejoras y como medidas de seguridad mientras se trabaja en la red el\u00e9ctrica:<\/p>\n\n\n\n<p><strong>El d\u00eda s\u00e1bado 6 de julio,<\/strong> de 8 a 13 horas, el corte ser\u00e1 en la zona comprendida por las calles 1 a 107 y 104 a 122; 102 a 122, de 107 a 119 y en el paraje La Clementina. <\/p>\n\n\n\n<p>Tambi\u00e9n de 8.30 a 13 horas habr\u00e1 un corte de energ\u00eda el\u00e9ctrica en el paraje Bajada al \u00c1lamo y Ruta Provincial 41. <\/p>\n\n\n\n<p>Por la tarde, de 14.30 a 17.30 horas, la interrupci\u00f3n de la energ\u00eda el\u00e9ctrica ser\u00e1 en la zona comprendida por las calles 105 a 113, de 22 bis a 28, barrio El Rosedal, Club Quilmes, Bello Horizonte, Club Estudiantes y Los \u00c1lamos.<\/p>\n\n\n\n<p><strong>El d\u00eda domingo 7 de julio<\/strong>; de 8 a 13 horas, el corte de luz ser\u00e1 en la zona comprendida por las calles 1 a 39 y 24 a 40.<\/p>\n\n\n\n<p>En caso de presentarse condiciones clim\u00e1ticas adversas, las actividades ser\u00e1n reprogramadas.<\/p>\n\n\n\n<p><\/p>\n","protected":false},"excerpt":{"rendered":"<p>Para este fin de semana la empresa EDEN proyecta realizar cortes de energ\u00eda el\u00e9ctrica, tanto el s\u00e1bado como el domingo &#8230; <a title=\"S\u00e1bado y domingo con cortes de luz programado\" class=\"read-more\" href=\"https:\/\/www.hoymercedes.com.ar\/principal\/2019\/07\/05\/sabado-y-domingo-con-cortes-de-luz-programado\/\" aria-label=\"Leer m\u00e1s sobre S\u00e1bado y domingo con cortes de luz programado\">Leer m\u00e1s<\/a><\/p>\n","protected":false},"author":1,"featured_media":46617,"comment_status":"closed","ping_status":"open","sticky":false,"template":"","format":"standard","meta":{"_monsterinsights_skip_tracking":false,"_monsterinsights_sitenote_active":false,"_monsterinsights_sitenote_note":"","_monsterinsights_sitenote_category":0,"jetpack_post_was_ever_published":false,"_jetpack_newsletter_access":"","_jetpack_dont_email_post_to_subs":false,"_jetpack_newsletter_tier_id":0,"_jetpack_memberships_contains_paywalled_content":false,"_jetpack_memberships_contains_paid_content":false,"footnotes":"","jetpack_publicize_message":"","jetpack_publicize_feature_enabled":true,"jetpack_social_post_already_shared":true,"jetpack_social_options":{"image_generator_settings":{"template":"highway","default_image_id":0,"font":"","enabled":false},"version":2},"_wpas_customize_per_network":false},"categories":[8],"tags":[12059,1023,14986],"class_list":["post-96271","post","type-post","status-publish","format-standard","has-post-thumbnail","hentry","category-sociedad","tag-corte-de-energia-electrica","tag-eden","tag-programacion-de-corte-de-luz","generate-columns","tablet-grid-50","mobile-grid-100","grid-parent","grid-50"],"jetpack_publicize_connections":[],"jetpack_featured_media_url":"https:\/\/www.hoymercedes.com.ar\/principal\/wp-content\/uploads\/2015\/12\/eden.jpg","wps_subtitle":"Informaci\u00f3n a la comunidad","jetpack_sharing_enabled":true,"_links":{"self":[{"href":"https:\/\/www.hoymercedes.com.ar\/principal\/wp-json\/wp\/v2\/posts\/96271","targetHints":{"allow":["GET"]}}],"collection":[{"href":"https:\/\/www.hoymercedes.com.ar\/principal\/wp-json\/wp\/v2\/posts"}],"about":[{"href":"https:\/\/www.hoymercedes.com.ar\/principal\/wp-json\/wp\/v2\/types\/post"}],"author":[{"embeddable":true,"href":"https:\/\/www.hoymercedes.com.ar\/principal\/wp-json\/wp\/v2\/users\/1"}],"replies":[{"embeddable":true,"href":"https:\/\/www.hoymercedes.com.ar\/principal\/wp-json\/wp\/v2\/comments?post=96271"}],"version-history":[{"count":0,"href":"https:\/\/www.hoymercedes.com.ar\/principal\/wp-json\/wp\/v2\/posts\/96271\/revisions"}],"wp:featuredmedia":[{"embeddable":true,"href":"https:\/\/www.hoymercedes.com.ar\/principal\/wp-json\/wp\/v2\/media\/46617"}],"wp:attachment":[{"href":"https:\/\/www.hoymercedes.com.ar\/principal\/wp-json\/wp\/v2\/media?parent=96271"}],"wp:term":[{"taxonomy":"category","embeddable":true,"href":"https:\/\/www.hoymercedes.com.ar\/principal\/wp-json\/wp\/v2\/categories?post=96271"},{"taxonomy":"post_tag","embeddable":true,"href":"https:\/\/www.hoymercedes.com.ar\/principal\/wp-json\/wp\/v2\/tags?post=96271"}],"curies":[{"name":"wp","href":"https:\/\/api.w.org\/{rel}","templated":true}]}}