{"id":96274,"date":"2019-07-05T18:00:21","date_gmt":"2019-07-05T21:00:21","guid":{"rendered":"http:\/\/www.hoymercedes.com.ar\/principal\/?p=96274"},"modified":"2019-07-05T18:03:36","modified_gmt":"2019-07-05T21:03:36","slug":"muestra-homenaje-a-palotinos-asesinados-en-1976","status":"publish","type":"post","link":"https:\/\/www.hoymercedes.com.ar\/principal\/2019\/07\/05\/muestra-homenaje-a-palotinos-asesinados-en-1976\/","title":{"rendered":"Muestra homenaje a Palotinos asesinados en 1976"},"content":{"rendered":"\n<p>En la tarde noche de este jueves, 4 de julio, al conmemorarse un nuevo aniversario de la Masacre de San Patricio, se inaugur\u00f3 una muestra homenaje a los sacerdotes y seminaristas palotinos asesinados en la Parroquia San Patricio del barrio porte\u00f1o Belgrano. La muestra de materiales de la \u00e9poca est\u00e1 en el primer piso del teatro municipal. En la tarde, la comunidad palotina los homenaje\u00f3 en el cementerio local donde los Padres Alfie Kelly, Alfredo Leaden y Pedro Duffau se encuentran enterrados. <\/p>\n\n\n\n<figure class=\"wp-block-image\"><img loading=\"lazy\" decoding=\"async\" width=\"750\" height=\"500\" data-attachment-id=\"96276\" data-permalink=\"https:\/\/www.hoymercedes.com.ar\/principal\/2019\/07\/05\/muestra-homenaje-a-palotinos-asesinados-en-1976\/05-palotinos-1-2\/#main\" data-orig-file=\"https:\/\/www.hoymercedes.com.ar\/principal\/wp-content\/uploads\/2019\/07\/05-Palotinos-1.jpg\" data-orig-size=\"750,500\" data-comments-opened=\"0\" data-image-meta=\"{&quot;aperture&quot;:&quot;0&quot;,&quot;credit&quot;:&quot;SEBASTIANAMBROSSIO&quot;,&quot;camera&quot;:&quot;&quot;,&quot;caption&quot;:&quot;&quot;,&quot;created_timestamp&quot;:&quot;0&quot;,&quot;copyright&quot;:&quot;SebastianAmbrossio&quot;,&quot;focal_length&quot;:&quot;0&quot;,&quot;iso&quot;:&quot;0&quot;,&quot;shutter_speed&quot;:&quot;0&quot;,&quot;title&quot;:&quot;&quot;,&quot;orientation&quot;:&quot;0&quot;}\" data-image-title=\"05 Palotinos-1\" data-image-description=\"\" data-image-caption=\"\" data-large-file=\"https:\/\/www.hoymercedes.com.ar\/principal\/wp-content\/uploads\/2019\/07\/05-Palotinos-1.jpg\" src=\"https:\/\/www.hoymercedes.com.ar\/principal\/wp-content\/uploads\/2019\/07\/05-Palotinos-1.jpg\" alt=\"\" class=\"wp-image-96276\" srcset=\"https:\/\/www.hoymercedes.com.ar\/principal\/wp-content\/uploads\/2019\/07\/05-Palotinos-1.jpg 750w, https:\/\/www.hoymercedes.com.ar\/principal\/wp-content\/uploads\/2019\/07\/05-Palotinos-1-150x100.jpg 150w, https:\/\/www.hoymercedes.com.ar\/principal\/wp-content\/uploads\/2019\/07\/05-Palotinos-1-630x420.jpg 630w, https:\/\/www.hoymercedes.com.ar\/principal\/wp-content\/uploads\/2019\/07\/05-Palotinos-1-720x480.jpg 720w, https:\/\/www.hoymercedes.com.ar\/principal\/wp-content\/uploads\/2019\/07\/05-Palotinos-1-360x240.jpg 360w\" sizes=\"auto, (max-width: 750px) 100vw, 750px\" \/><\/figure>\n\n\n\n<p>La coordinaciones de Derechos Humanos y Museos, junto a la comunidad Palotina inaugur\u00f3 una muestra homenaje a los sacerdotes y seminaristas muertos en lo que se conoce como la Masacre de San Patricio. Cuarenta y tres a\u00f1os pasaron del asesinato de los cinco religiosos en la parroquia palotina del barrio de Belgrano. Los tres <\/p>\n\n\n\n<p>Los sacerdotes\u00a0Alfredo Leaden,\u00a0Alfredo Kelly\u00a0y\u00a0Pedro Duffau, y los seminaristas\u00a0Salvador Barbeito\u00a0y\u00a0Emilio Barletti fueron homenajeados por la comunidad mercedina como todos los a\u00f1os. Los tres sacerdotes est\u00e1n enterrados en el Cementerio Local. Kelly es de Suipacha y durante muchos a\u00f1os estuvo a cargo de la Parroquia San Patricio local, adem\u00e1s de estar su familia viviendo en Mercedes. Mientras Duffau es nacido en la ciudad. <\/p>\n\n\n\n<p>El acto inaugural de la muestra fue con la presencia del Padre Tom, p\u00e1rroco de San Patricio, y cont\u00f3 con la presencia de autoridades eclesi\u00e1sticas, educativas, concejales, artistas, familiares e integrantes de la comunidad palotina. <\/p>\n\n\n\n<p>La muestra fotogr\u00e1fica y documental est\u00e1 en el foyer (primer piso del teatro municipal) y est\u00e1 a cargo de Marcela Brown y Javier Navarro Gallo.Estar\u00e1 abierta a todo el p\u00fablico de forma gratuita hasta el 30 de julio <\/p>\n\n\n\n<figure class=\"wp-block-image\"><img loading=\"lazy\" decoding=\"async\" width=\"750\" height=\"500\" data-attachment-id=\"96275\" data-permalink=\"https:\/\/www.hoymercedes.com.ar\/principal\/2019\/07\/05\/muestra-homenaje-a-palotinos-asesinados-en-1976\/05-palotinos-1\/#main\" data-orig-file=\"https:\/\/www.hoymercedes.com.ar\/principal\/wp-content\/uploads\/2019\/07\/05-palotinos-1.jpg\" data-orig-size=\"750,500\" data-comments-opened=\"0\" data-image-meta=\"{&quot;aperture&quot;:&quot;0&quot;,&quot;credit&quot;:&quot;SEBASTIANAMBROSSIO&quot;,&quot;camera&quot;:&quot;&quot;,&quot;caption&quot;:&quot;&quot;,&quot;created_timestamp&quot;:&quot;0&quot;,&quot;copyright&quot;:&quot;SebastianAmbrossio&quot;,&quot;focal_length&quot;:&quot;0&quot;,&quot;iso&quot;:&quot;0&quot;,&quot;shutter_speed&quot;:&quot;0&quot;,&quot;title&quot;:&quot;&quot;,&quot;orientation&quot;:&quot;0&quot;}\" data-image-title=\"05 palotinos 1\" data-image-description=\"\" data-image-caption=\"\" data-large-file=\"https:\/\/www.hoymercedes.com.ar\/principal\/wp-content\/uploads\/2019\/07\/05-palotinos-1.jpg\" src=\"https:\/\/www.hoymercedes.com.ar\/principal\/wp-content\/uploads\/2019\/07\/05-palotinos-1.jpg\" alt=\"\" class=\"wp-image-96275\" srcset=\"https:\/\/www.hoymercedes.com.ar\/principal\/wp-content\/uploads\/2019\/07\/05-palotinos-1.jpg 750w, https:\/\/www.hoymercedes.com.ar\/principal\/wp-content\/uploads\/2019\/07\/05-palotinos-1-150x100.jpg 150w, https:\/\/www.hoymercedes.com.ar\/principal\/wp-content\/uploads\/2019\/07\/05-palotinos-1-630x420.jpg 630w, https:\/\/www.hoymercedes.com.ar\/principal\/wp-content\/uploads\/2019\/07\/05-palotinos-1-720x480.jpg 720w, https:\/\/www.hoymercedes.com.ar\/principal\/wp-content\/uploads\/2019\/07\/05-palotinos-1-360x240.jpg 360w\" sizes=\"auto, (max-width: 750px) 100vw, 750px\" \/><\/figure>\n","protected":false},"excerpt":{"rendered":"<p>En la tarde noche de este jueves, 4 de julio, al conmemorarse un nuevo aniversario de la Masacre de San &#8230; <a title=\"Muestra homenaje a Palotinos asesinados en 1976\" class=\"read-more\" href=\"https:\/\/www.hoymercedes.com.ar\/principal\/2019\/07\/05\/muestra-homenaje-a-palotinos-asesinados-en-1976\/\" aria-label=\"Leer m\u00e1s sobre Muestra homenaje a Palotinos asesinados en 1976\">Leer m\u00e1s<\/a><\/p>\n","protected":false},"author":1,"featured_media":96275,"comment_status":"closed","ping_status":"open","sticky":false,"template":"","format":"standard","meta":{"_monsterinsights_skip_tracking":false,"_monsterinsights_sitenote_active":false,"_monsterinsights_sitenote_note":"","_monsterinsights_sitenote_category":0,"jetpack_post_was_ever_published":false,"_jetpack_newsletter_access":"","_jetpack_dont_email_post_to_subs":false,"_jetpack_newsletter_tier_id":0,"_jetpack_memberships_contains_paywalled_content":false,"_jetpack_memberships_contains_paid_content":false,"footnotes":"","jetpack_publicize_message":"","jetpack_publicize_feature_enabled":true,"jetpack_social_post_already_shared":true,"jetpack_social_options":{"image_generator_settings":{"template":"highway","default_image_id":0,"font":"","enabled":false},"version":2},"_wpas_customize_per_network":false},"categories":[104],"tags":[7805,8861,8715,9606],"class_list":["post-96274","post","type-post","status-publish","format-standard","has-post-thumbnail","hentry","category-cultura","tag-cultura","tag-foyer","tag-muestra","tag-palotinos","generate-columns","tablet-grid-50","mobile-grid-100","grid-parent","grid-50"],"jetpack_publicize_connections":[],"jetpack_featured_media_url":"https:\/\/www.hoymercedes.com.ar\/principal\/wp-content\/uploads\/2019\/07\/05-palotinos-1.jpg","wps_subtitle":"Abierta hasta el 30 de julio","jetpack_sharing_enabled":true,"_links":{"self":[{"href":"https:\/\/www.hoymercedes.com.ar\/principal\/wp-json\/wp\/v2\/posts\/96274","targetHints":{"allow":["GET"]}}],"collection":[{"href":"https:\/\/www.hoymercedes.com.ar\/principal\/wp-json\/wp\/v2\/posts"}],"about":[{"href":"https:\/\/www.hoymercedes.com.ar\/principal\/wp-json\/wp\/v2\/types\/post"}],"author":[{"embeddable":true,"href":"https:\/\/www.hoymercedes.com.ar\/principal\/wp-json\/wp\/v2\/users\/1"}],"replies":[{"embeddable":true,"href":"https:\/\/www.hoymercedes.com.ar\/principal\/wp-json\/wp\/v2\/comments?post=96274"}],"version-history":[{"count":0,"href":"https:\/\/www.hoymercedes.com.ar\/principal\/wp-json\/wp\/v2\/posts\/96274\/revisions"}],"wp:featuredmedia":[{"embeddable":true,"href":"https:\/\/www.hoymercedes.com.ar\/principal\/wp-json\/wp\/v2\/media\/96275"}],"wp:attachment":[{"href":"https:\/\/www.hoymercedes.com.ar\/principal\/wp-json\/wp\/v2\/media?parent=96274"}],"wp:term":[{"taxonomy":"category","embeddable":true,"href":"https:\/\/www.hoymercedes.com.ar\/principal\/wp-json\/wp\/v2\/categories?post=96274"},{"taxonomy":"post_tag","embeddable":true,"href":"https:\/\/www.hoymercedes.com.ar\/principal\/wp-json\/wp\/v2\/tags?post=96274"}],"curies":[{"name":"wp","href":"https:\/\/api.w.org\/{rel}","templated":true}]}}