{"id":96283,"date":"2019-07-05T19:55:46","date_gmt":"2019-07-05T22:55:46","guid":{"rendered":"http:\/\/www.hoymercedes.com.ar\/principal\/?p=96283"},"modified":"2019-07-05T19:58:17","modified_gmt":"2019-07-05T22:58:17","slug":"quilmes-inaugura-este-domingo-su-cancha-para-jugar-con-primera-division","status":"publish","type":"post","link":"https:\/\/www.hoymercedes.com.ar\/principal\/2019\/07\/05\/quilmes-inaugura-este-domingo-su-cancha-para-jugar-con-primera-division\/","title":{"rendered":"Quilmes inaugura este domingo su cancha para jugar con Primera Divisi\u00f3n"},"content":{"rendered":"\n<p>Luego de la suspensi\u00f3n por lluvia del fin de semana pasado, la Liga Mercedina de F\u00fatbol program\u00f3 la fecha de Primera Divisi\u00f3n y Reserva, en la que se jugar\u00e1 todo lo que no se pudo llevar adelante hace una semana. Quilmes tendr\u00e1 la posibilidad de inaugurar este domingo al mediod\u00eda su cancha de once para jugar con la m\u00e1xima categor\u00eda.<\/p>\n\n\n\n<figure class=\"wp-block-image\"><img loading=\"lazy\" decoding=\"async\" width=\"960\" height=\"720\" data-attachment-id=\"96284\" data-permalink=\"https:\/\/www.hoymercedes.com.ar\/principal\/2019\/07\/05\/quilmes-inaugura-este-domingo-su-cancha-para-jugar-con-primera-division\/club-quilmes-cancha-futbol-11-2-3\/#main\" data-orig-file=\"https:\/\/www.hoymercedes.com.ar\/principal\/wp-content\/uploads\/2019\/07\/Club-Quilmes-cancha-futbol-11-2.jpg\" data-orig-size=\"960,720\" data-comments-opened=\"0\" data-image-meta=\"{&quot;aperture&quot;:&quot;0&quot;,&quot;credit&quot;:&quot;&quot;,&quot;camera&quot;:&quot;&quot;,&quot;caption&quot;:&quot;&quot;,&quot;created_timestamp&quot;:&quot;0&quot;,&quot;copyright&quot;:&quot;&quot;,&quot;focal_length&quot;:&quot;0&quot;,&quot;iso&quot;:&quot;0&quot;,&quot;shutter_speed&quot;:&quot;0&quot;,&quot;title&quot;:&quot;&quot;,&quot;orientation&quot;:&quot;0&quot;}\" data-image-title=\"Club-Quilmes-cancha-futbol-11-2\" data-image-description=\"\" data-image-caption=\"\" data-large-file=\"https:\/\/www.hoymercedes.com.ar\/principal\/wp-content\/uploads\/2019\/07\/Club-Quilmes-cancha-futbol-11-2.jpg\" src=\"https:\/\/www.hoymercedes.com.ar\/principal\/wp-content\/uploads\/2019\/07\/Club-Quilmes-cancha-futbol-11-2.jpg\" alt=\"\" class=\"wp-image-96284\" srcset=\"https:\/\/www.hoymercedes.com.ar\/principal\/wp-content\/uploads\/2019\/07\/Club-Quilmes-cancha-futbol-11-2.jpg 960w, https:\/\/www.hoymercedes.com.ar\/principal\/wp-content\/uploads\/2019\/07\/Club-Quilmes-cancha-futbol-11-2-150x113.jpg 150w, https:\/\/www.hoymercedes.com.ar\/principal\/wp-content\/uploads\/2019\/07\/Club-Quilmes-cancha-futbol-11-2-630x473.jpg 630w, https:\/\/www.hoymercedes.com.ar\/principal\/wp-content\/uploads\/2019\/07\/Club-Quilmes-cancha-futbol-11-2-320x240.jpg 320w, https:\/\/www.hoymercedes.com.ar\/principal\/wp-content\/uploads\/2019\/07\/Club-Quilmes-cancha-futbol-11-2-100x75.jpg 100w\" sizes=\"auto, (max-width: 960px) 100vw, 960px\" \/><\/figure>\n\n\n\n<p>Habr\u00e1 una ceremonia inaugural el domingo a las 11.30 de la ma\u00f1ana y luego al mediod\u00eda saldr\u00e1n los equipos a la cancha. El cervecero recibir\u00e1 a Talleres Payr\u00f3, mientras que luego, La Diego Armando y Uni\u00f3n se medir\u00e1n a partir de las 14. <\/p>\n\n\n\n<p><strong>Primera divisi\u00f3n<br>S\u00e1bado 6 de junio<br>Cancha:&nbsp;<\/strong>Municipal de Luj\u00e1n.<br>A las 15.30 Col\u00f3n vs. Club Mercedes.<\/p>\n\n\n\n<p><strong>S\u00e1bado 6 de junio<br>Cancha:\u00a0<\/strong>Liga Mercedina.<br>A las 13.30 Los Carteros vs. Defensores Juniors.<br>A las 15.30 \u00a0Holanda vs. Pabell\u00f3n Argentino.<br>A las 17.30 V\u00e9lez Sarsfield vs. El Tim\u00f3n.<br>A las 19.30 AMEFIP San Mart\u00edn vs. Juventud.<\/p>\n\n\n\n<p><strong>Domingo 7<\/strong><br><strong>Cancha:&nbsp;<\/strong>Quilmes.<br>A las 12 Quilmes vs. Talleres Payr\u00f3.<br>A las 12 La Diego Armando vs. Uni\u00f3n.<\/p>\n\n\n\n<p><strong>Cancha:&nbsp;<\/strong>Municipalidad de Suipacha.<br>A las 14 Costa Brava vs. Palometas FC.<\/p>\n\n\n\n<p><strong>Cancha:\u00a0<\/strong>Atl\u00e9tico Marcos Paz.<br>A las 15 Atl\u00e9tico Marcos Paz vs. Ateneo.<\/p>\n\n\n\n<p><strong>Reserva<\/strong><\/p>\n\n\n\n<p><strong>S\u00e1bado 6 de julio<br>Cancha:&nbsp;<\/strong>V\u00e9lez Sarsfield.<br>A las 13 &nbsp;Holanda vs. Pabell\u00f3n Argentino.<br>A las 15 AMEFIP San Mart\u00edn vs. Juventud.<\/p>\n\n\n\n<p><strong>Cancha:&nbsp;<\/strong>Municipal de Luj\u00e1n.<br>A las 13.30 Col\u00f3n vs. Mercedes.<\/p>\n\n\n\n<p><strong>Cancha:&nbsp;<\/strong>Los Carteros<strong>.&nbsp;<\/strong><br>A las 15 Los Carteros vs. Defensores.<\/p>\n\n\n\n<p><strong>Cancha:&nbsp;<\/strong>Quilmes.<br>A las 15 Quilmes vs. Talleres Payr\u00f3.<\/p>\n\n\n\n<p><strong>Domingo 7 de julio<br>Cancha:&nbsp;<\/strong>Municipal de Suipacha.<br>A las 12 Costa Brava vs. Palometas FC.<\/p>\n\n\n\n<p><strong>Cancha:&nbsp;<\/strong>Atl\u00e9tico Marcos Paz.<br>A las 13 Atl\u00e9tico Marcos Paz vs. Ateneo.<\/p>\n","protected":false},"excerpt":{"rendered":"<p>Luego de la suspensi\u00f3n por lluvia del fin de semana pasado, la Liga Mercedina de F\u00fatbol program\u00f3 la fecha de &#8230; <a title=\"Quilmes inaugura este domingo su cancha para jugar con Primera Divisi\u00f3n\" class=\"read-more\" href=\"https:\/\/www.hoymercedes.com.ar\/principal\/2019\/07\/05\/quilmes-inaugura-este-domingo-su-cancha-para-jugar-con-primera-division\/\" aria-label=\"Leer m\u00e1s sobre Quilmes inaugura este domingo su cancha para jugar con Primera Divisi\u00f3n\">Leer m\u00e1s<\/a><\/p>\n","protected":false},"author":1,"featured_media":96284,"comment_status":"closed","ping_status":"open","sticky":false,"template":"","format":"standard","meta":{"_monsterinsights_skip_tracking":false,"_monsterinsights_sitenote_active":false,"_monsterinsights_sitenote_note":"","_monsterinsights_sitenote_category":0,"jetpack_post_was_ever_published":false,"_jetpack_newsletter_access":"","_jetpack_dont_email_post_to_subs":false,"_jetpack_newsletter_tier_id":0,"_jetpack_memberships_contains_paywalled_content":false,"_jetpack_memberships_contains_paid_content":false,"footnotes":"","jetpack_publicize_message":"","jetpack_publicize_feature_enabled":true,"jetpack_social_post_already_shared":true,"jetpack_social_options":{"image_generator_settings":{"template":"highway","default_image_id":0,"font":"","enabled":false},"version":2},"_wpas_customize_per_network":false},"categories":[21],"tags":[1350,413],"class_list":["post-96283","post","type-post","status-publish","format-standard","has-post-thumbnail","hentry","category-deportes","tag-club-quilmes","tag-liga-mercedina-de-futbol","generate-columns","tablet-grid-50","mobile-grid-100","grid-parent","grid-50"],"jetpack_publicize_connections":[],"jetpack_featured_media_url":"https:\/\/www.hoymercedes.com.ar\/principal\/wp-content\/uploads\/2019\/07\/Club-Quilmes-cancha-futbol-11-2.jpg","wps_subtitle":"Liga Mercedina","jetpack_sharing_enabled":true,"_links":{"self":[{"href":"https:\/\/www.hoymercedes.com.ar\/principal\/wp-json\/wp\/v2\/posts\/96283","targetHints":{"allow":["GET"]}}],"collection":[{"href":"https:\/\/www.hoymercedes.com.ar\/principal\/wp-json\/wp\/v2\/posts"}],"about":[{"href":"https:\/\/www.hoymercedes.com.ar\/principal\/wp-json\/wp\/v2\/types\/post"}],"author":[{"embeddable":true,"href":"https:\/\/www.hoymercedes.com.ar\/principal\/wp-json\/wp\/v2\/users\/1"}],"replies":[{"embeddable":true,"href":"https:\/\/www.hoymercedes.com.ar\/principal\/wp-json\/wp\/v2\/comments?post=96283"}],"version-history":[{"count":0,"href":"https:\/\/www.hoymercedes.com.ar\/principal\/wp-json\/wp\/v2\/posts\/96283\/revisions"}],"wp:featuredmedia":[{"embeddable":true,"href":"https:\/\/www.hoymercedes.com.ar\/principal\/wp-json\/wp\/v2\/media\/96284"}],"wp:attachment":[{"href":"https:\/\/www.hoymercedes.com.ar\/principal\/wp-json\/wp\/v2\/media?parent=96283"}],"wp:term":[{"taxonomy":"category","embeddable":true,"href":"https:\/\/www.hoymercedes.com.ar\/principal\/wp-json\/wp\/v2\/categories?post=96283"},{"taxonomy":"post_tag","embeddable":true,"href":"https:\/\/www.hoymercedes.com.ar\/principal\/wp-json\/wp\/v2\/tags?post=96283"}],"curies":[{"name":"wp","href":"https:\/\/api.w.org\/{rel}","templated":true}]}}