{"id":96292,"date":"2019-07-06T11:00:39","date_gmt":"2019-07-06T14:00:39","guid":{"rendered":"http:\/\/www.hoymercedes.com.ar\/principal\/?p=96292"},"modified":"2019-07-06T09:40:57","modified_gmt":"2019-07-06T12:40:57","slug":"facundo-desima-dejo-san-martin-de-san-juan-para-jugar-en-union-de-sunchales","status":"publish","type":"post","link":"https:\/\/www.hoymercedes.com.ar\/principal\/2019\/07\/06\/facundo-desima-dejo-san-martin-de-san-juan-para-jugar-en-union-de-sunchales\/","title":{"rendered":"Facundo D\u00e9sima dej\u00f3 San Mart\u00edn de San Juan para jugar en Uni\u00f3n de Sunchales"},"content":{"rendered":"\n<p>Luego de su estad\u00eda en San Mart\u00edn de San Juan y al no verse con posibilidades de mejorar en la Primera Divisi\u00f3n del cuadro que descendi\u00f3 de la Superliga a la B Nacional, el arquero mercedino Facundo D\u00e9sima pas\u00f3 a Uni\u00f3n de Sunchales, equipo que milita en el Federal A.<\/p>\n\n\n\n<div class=\"wp-block-image\"><figure class=\"aligncenter\"><img loading=\"lazy\" decoding=\"async\" width=\"450\" height=\"517\" data-attachment-id=\"96293\" data-permalink=\"https:\/\/www.hoymercedes.com.ar\/principal\/2019\/07\/06\/facundo-desima-dejo-san-martin-de-san-juan-para-jugar-en-union-de-sunchales\/facundo-desima-contrato\/#main\" data-orig-file=\"https:\/\/www.hoymercedes.com.ar\/principal\/wp-content\/uploads\/2019\/07\/Facundo-Desima-Contrato.jpg\" data-orig-size=\"450,517\" data-comments-opened=\"0\" data-image-meta=\"{&quot;aperture&quot;:&quot;0&quot;,&quot;credit&quot;:&quot;&quot;,&quot;camera&quot;:&quot;&quot;,&quot;caption&quot;:&quot;&quot;,&quot;created_timestamp&quot;:&quot;0&quot;,&quot;copyright&quot;:&quot;&quot;,&quot;focal_length&quot;:&quot;0&quot;,&quot;iso&quot;:&quot;0&quot;,&quot;shutter_speed&quot;:&quot;0&quot;,&quot;title&quot;:&quot;&quot;,&quot;orientation&quot;:&quot;0&quot;}\" data-image-title=\"Facundo-Desima-Contrato\" data-image-description=\"\" data-image-caption=\"\" data-large-file=\"https:\/\/www.hoymercedes.com.ar\/principal\/wp-content\/uploads\/2019\/07\/Facundo-Desima-Contrato.jpg\" src=\"https:\/\/www.hoymercedes.com.ar\/principal\/wp-content\/uploads\/2019\/07\/Facundo-Desima-Contrato.jpg\" alt=\"\" class=\"wp-image-96293\" srcset=\"https:\/\/www.hoymercedes.com.ar\/principal\/wp-content\/uploads\/2019\/07\/Facundo-Desima-Contrato.jpg 450w, https:\/\/www.hoymercedes.com.ar\/principal\/wp-content\/uploads\/2019\/07\/Facundo-Desima-Contrato-131x150.jpg 131w\" sizes=\"auto, (max-width: 450px) 100vw, 450px\" \/><\/figure><\/div>\n\n\n\n<p>En el elenco sanjuanino, el guardameta estaba atajando en la Reserva y ahora buscar\u00e1 tener minutos en el primer equipo santafesino, que ser\u00e1 dirigido por Marcelo Milanessio, quien acaba de llegar al club para buscar un ascenso al Nacional B.<\/p>\n","protected":false},"excerpt":{"rendered":"<p>Luego de su estad\u00eda en San Mart\u00edn de San Juan y al no verse con posibilidades de mejorar en la &#8230; <a title=\"Facundo D\u00e9sima dej\u00f3 San Mart\u00edn de San Juan para jugar en Uni\u00f3n de Sunchales\" class=\"read-more\" href=\"https:\/\/www.hoymercedes.com.ar\/principal\/2019\/07\/06\/facundo-desima-dejo-san-martin-de-san-juan-para-jugar-en-union-de-sunchales\/\" aria-label=\"Leer m\u00e1s sobre Facundo D\u00e9sima dej\u00f3 San Mart\u00edn de San Juan para jugar en Uni\u00f3n de Sunchales\">Leer m\u00e1s<\/a><\/p>\n","protected":false},"author":1,"featured_media":96293,"comment_status":"closed","ping_status":"open","sticky":false,"template":"","format":"standard","meta":{"_monsterinsights_skip_tracking":false,"_monsterinsights_sitenote_active":false,"_monsterinsights_sitenote_note":"","_monsterinsights_sitenote_category":0,"jetpack_post_was_ever_published":false,"_jetpack_newsletter_access":"","_jetpack_dont_email_post_to_subs":false,"_jetpack_newsletter_tier_id":0,"_jetpack_memberships_contains_paywalled_content":false,"_jetpack_memberships_contains_paid_content":false,"footnotes":"","jetpack_publicize_message":"","jetpack_publicize_feature_enabled":true,"jetpack_social_post_already_shared":true,"jetpack_social_options":{"image_generator_settings":{"template":"highway","default_image_id":0,"font":"","enabled":false},"version":2},"_wpas_customize_per_network":false},"categories":[21],"tags":[15457,15459,15458],"class_list":["post-96292","post","type-post","status-publish","format-standard","has-post-thumbnail","hentry","category-deportes","tag-facundo-desima","tag-san-martin-san-juan","tag-union-sunchales","generate-columns","tablet-grid-50","mobile-grid-100","grid-parent","grid-50"],"jetpack_publicize_connections":[],"jetpack_featured_media_url":"https:\/\/www.hoymercedes.com.ar\/principal\/wp-content\/uploads\/2019\/07\/Facundo-Desima-Contrato.jpg","wps_subtitle":"La Legi\u00f3n","jetpack_sharing_enabled":true,"_links":{"self":[{"href":"https:\/\/www.hoymercedes.com.ar\/principal\/wp-json\/wp\/v2\/posts\/96292","targetHints":{"allow":["GET"]}}],"collection":[{"href":"https:\/\/www.hoymercedes.com.ar\/principal\/wp-json\/wp\/v2\/posts"}],"about":[{"href":"https:\/\/www.hoymercedes.com.ar\/principal\/wp-json\/wp\/v2\/types\/post"}],"author":[{"embeddable":true,"href":"https:\/\/www.hoymercedes.com.ar\/principal\/wp-json\/wp\/v2\/users\/1"}],"replies":[{"embeddable":true,"href":"https:\/\/www.hoymercedes.com.ar\/principal\/wp-json\/wp\/v2\/comments?post=96292"}],"version-history":[{"count":0,"href":"https:\/\/www.hoymercedes.com.ar\/principal\/wp-json\/wp\/v2\/posts\/96292\/revisions"}],"wp:featuredmedia":[{"embeddable":true,"href":"https:\/\/www.hoymercedes.com.ar\/principal\/wp-json\/wp\/v2\/media\/96293"}],"wp:attachment":[{"href":"https:\/\/www.hoymercedes.com.ar\/principal\/wp-json\/wp\/v2\/media?parent=96292"}],"wp:term":[{"taxonomy":"category","embeddable":true,"href":"https:\/\/www.hoymercedes.com.ar\/principal\/wp-json\/wp\/v2\/categories?post=96292"},{"taxonomy":"post_tag","embeddable":true,"href":"https:\/\/www.hoymercedes.com.ar\/principal\/wp-json\/wp\/v2\/tags?post=96292"}],"curies":[{"name":"wp","href":"https:\/\/api.w.org\/{rel}","templated":true}]}}