{"id":96338,"date":"2019-07-06T09:45:43","date_gmt":"2019-07-06T12:45:43","guid":{"rendered":"http:\/\/www.hoymercedes.com.ar\/principal\/?p=96338"},"modified":"2019-07-06T09:38:22","modified_gmt":"2019-07-06T12:38:22","slug":"habilitan-la-circulacion-de-av-2-entre-1-y-15","status":"publish","type":"post","link":"https:\/\/www.hoymercedes.com.ar\/principal\/2019\/07\/06\/habilitan-la-circulacion-de-av-2-entre-1-y-15\/","title":{"rendered":"Habilitan la circulaci\u00f3n de Av. 2 entre 1 y 15"},"content":{"rendered":"\n<p><strong><em>El viernes se habilit\u00f3 el tramo que va de calle 11 a 15 de la Avenida 2, dejando paso a la circulaci\u00f3n vehicular. Este s\u00e1bado se abrir\u00e1 el paso desde la avenida 1.<\/em><\/strong><\/p>\n\n\n\n<figure class=\"wp-block-image\"><img loading=\"lazy\" decoding=\"async\" width=\"750\" height=\"500\" data-attachment-id=\"96340\" data-permalink=\"https:\/\/www.hoymercedes.com.ar\/principal\/2019\/07\/06\/habilitan-la-circulacion-de-av-2-entre-1-y-15\/06-av2apertura62\/#main\" data-orig-file=\"https:\/\/www.hoymercedes.com.ar\/principal\/wp-content\/uploads\/2019\/07\/06-Av2Apertura62.jpg\" data-orig-size=\"750,500\" data-comments-opened=\"0\" data-image-meta=\"{&quot;aperture&quot;:&quot;0&quot;,&quot;credit&quot;:&quot;&quot;,&quot;camera&quot;:&quot;&quot;,&quot;caption&quot;:&quot;&quot;,&quot;created_timestamp&quot;:&quot;0&quot;,&quot;copyright&quot;:&quot;&quot;,&quot;focal_length&quot;:&quot;0&quot;,&quot;iso&quot;:&quot;0&quot;,&quot;shutter_speed&quot;:&quot;0&quot;,&quot;title&quot;:&quot;&quot;,&quot;orientation&quot;:&quot;0&quot;}\" data-image-title=\"06 Av2Apertura6(2)\" data-image-description=\"\" data-image-caption=\"\" data-large-file=\"https:\/\/www.hoymercedes.com.ar\/principal\/wp-content\/uploads\/2019\/07\/06-Av2Apertura62.jpg\" src=\"https:\/\/www.hoymercedes.com.ar\/principal\/wp-content\/uploads\/2019\/07\/06-Av2Apertura62.jpg\" alt=\"\" class=\"wp-image-96340\" srcset=\"https:\/\/www.hoymercedes.com.ar\/principal\/wp-content\/uploads\/2019\/07\/06-Av2Apertura62.jpg 750w, https:\/\/www.hoymercedes.com.ar\/principal\/wp-content\/uploads\/2019\/07\/06-Av2Apertura62-150x100.jpg 150w, https:\/\/www.hoymercedes.com.ar\/principal\/wp-content\/uploads\/2019\/07\/06-Av2Apertura62-630x420.jpg 630w, https:\/\/www.hoymercedes.com.ar\/principal\/wp-content\/uploads\/2019\/07\/06-Av2Apertura62-720x480.jpg 720w, https:\/\/www.hoymercedes.com.ar\/principal\/wp-content\/uploads\/2019\/07\/06-Av2Apertura62-360x240.jpg 360w\" sizes=\"auto, (max-width: 750px) 100vw, 750px\" \/><\/figure>\n\n\n\n<p>La obra que tiene un costo 59 millones de pesos de fondos municipales, ayer comenz\u00f3 a ser realidad. El intendente Juan Ignacio Ustarroz, inform\u00f3 este viernes que \u201ca partir de hoy &#8211; por ese d\u00eda &#8211; estamos abriendo la intersecci\u00f3n de avenida 2 de calle 11 a 15. En tanto, el s\u00e1bado 6 se prev\u00e9 que el tramo de avenida 1 a calle 15 est\u00e9 plenamente en uso. <\/p>\n\n\n\n<p>En ese sentido, Ustarroz sostuvo \u201cle\npedimos a la gente que lo cuide, que a todos nos cuesta much\u00edsimo\u201d e indic\u00f3\n\u201ctomamos en cuenta la realidad y la necesidad de los vecinos y los comerciantes\nque nos piden que las obras se realicen lo m\u00e1s r\u00e1pido posible, ya que este\ncontexto econ\u00f3mico desfavorable sumado a la dificultad de accesibilidad es un\ncombo nocivo para el comercio\u201d.<\/p>\n\n\n\n<p>\u201cEsta era una obra totalmente\nnecesaria para la ciudad, la que jerarquizar\u00e1 enormemente el acceso de la\nciudad, porque no es solamente levantar y hacer todo nuevo en hormig\u00f3n, sino\nmejorar la iluminaci\u00f3n, colocar bicisendas, una intervenci\u00f3n del paisajismo,\nobras urban\u00edsticas con una perspectiva de seguridad vial, es decir, todo un\nplan integral de puesta en valor de esta avenida 2\u201d destac\u00f3 el intendente.&nbsp;<\/p>\n\n\n\n<p>Por otro lado, el jefe comunal\nUstarroz sostuvo \u201cla idea es llegar hasta la avenida 29, finalizar ese primer\ntramo \u2013se estima que para fines de julio- para luego del asentamiento y\nhabilitaci\u00f3n iremos hacia el otro tramo\u201d y a\u00f1adi\u00f3 \u201ctodos trabajos hechos de manera\norganizada, haciendo lo mejor de s\u00ed desde cada \u00e1rea, para que en conjunto\npodamos dar un salto de calidad para la ciudad\u201d.<\/p>\n\n\n\n<p>Ustarroz estuvo acompa\u00f1ando de parte de su gabinete, como ser el Jefe de Gabinete, Mat\u00edas Dematei, el Secretario de Gobierno Juan Pablo L\u00f3pez Baggio, el concejal Carlos Garro, el director de espacios verdes Leonardo Belforte, entre otros.<\/p>\n\n\n\n<p>Se reitera la importancia de cumplir las normas de seguridad vial y andar con precauci\u00f3n. Si bien el tramo estar\u00e1 abierto con el cruce de 15 y 11, la obra contin\u00faa. <\/p>\n\n\n\n<figure class=\"wp-block-image\"><img loading=\"lazy\" decoding=\"async\" width=\"750\" height=\"500\" data-attachment-id=\"96339\" data-permalink=\"https:\/\/www.hoymercedes.com.ar\/principal\/2019\/07\/06\/habilitan-la-circulacion-de-av-2-entre-1-y-15\/06-av2apertura61\/#main\" data-orig-file=\"https:\/\/www.hoymercedes.com.ar\/principal\/wp-content\/uploads\/2019\/07\/06-Av2Apertura61.jpg\" data-orig-size=\"750,500\" data-comments-opened=\"0\" data-image-meta=\"{&quot;aperture&quot;:&quot;0&quot;,&quot;credit&quot;:&quot;&quot;,&quot;camera&quot;:&quot;&quot;,&quot;caption&quot;:&quot;&quot;,&quot;created_timestamp&quot;:&quot;0&quot;,&quot;copyright&quot;:&quot;&quot;,&quot;focal_length&quot;:&quot;0&quot;,&quot;iso&quot;:&quot;0&quot;,&quot;shutter_speed&quot;:&quot;0&quot;,&quot;title&quot;:&quot;&quot;,&quot;orientation&quot;:&quot;0&quot;}\" data-image-title=\"06 Av2Apertura6(1)\" data-image-description=\"\" data-image-caption=\"\" data-large-file=\"https:\/\/www.hoymercedes.com.ar\/principal\/wp-content\/uploads\/2019\/07\/06-Av2Apertura61.jpg\" src=\"https:\/\/www.hoymercedes.com.ar\/principal\/wp-content\/uploads\/2019\/07\/06-Av2Apertura61.jpg\" alt=\"\" class=\"wp-image-96339\" srcset=\"https:\/\/www.hoymercedes.com.ar\/principal\/wp-content\/uploads\/2019\/07\/06-Av2Apertura61.jpg 750w, https:\/\/www.hoymercedes.com.ar\/principal\/wp-content\/uploads\/2019\/07\/06-Av2Apertura61-150x100.jpg 150w, https:\/\/www.hoymercedes.com.ar\/principal\/wp-content\/uploads\/2019\/07\/06-Av2Apertura61-630x420.jpg 630w, https:\/\/www.hoymercedes.com.ar\/principal\/wp-content\/uploads\/2019\/07\/06-Av2Apertura61-720x480.jpg 720w, https:\/\/www.hoymercedes.com.ar\/principal\/wp-content\/uploads\/2019\/07\/06-Av2Apertura61-360x240.jpg 360w\" sizes=\"auto, (max-width: 750px) 100vw, 750px\" \/><\/figure>\n","protected":false},"excerpt":{"rendered":"<p>El viernes se habilit\u00f3 el tramo que va de calle 11 a 15 de la Avenida 2, dejando paso a &#8230; <a title=\"Habilitan la circulaci\u00f3n de Av. 2 entre 1 y 15\" class=\"read-more\" href=\"https:\/\/www.hoymercedes.com.ar\/principal\/2019\/07\/06\/habilitan-la-circulacion-de-av-2-entre-1-y-15\/\" aria-label=\"Leer m\u00e1s sobre Habilitan la circulaci\u00f3n de Av. 2 entre 1 y 15\">Leer m\u00e1s<\/a><\/p>\n","protected":false},"author":1,"featured_media":96339,"comment_status":"closed","ping_status":"open","sticky":false,"template":"","format":"standard","meta":{"_monsterinsights_skip_tracking":false,"_monsterinsights_sitenote_active":false,"_monsterinsights_sitenote_note":"","_monsterinsights_sitenote_category":0,"jetpack_post_was_ever_published":false,"_jetpack_newsletter_access":"","_jetpack_dont_email_post_to_subs":false,"_jetpack_newsletter_tier_id":0,"_jetpack_memberships_contains_paywalled_content":false,"_jetpack_memberships_contains_paid_content":false,"footnotes":"","jetpack_publicize_message":"","jetpack_publicize_feature_enabled":true,"jetpack_social_post_already_shared":true,"jetpack_social_options":{"image_generator_settings":{"template":"highway","default_image_id":0,"font":"","enabled":false},"version":2},"_wpas_customize_per_network":false},"categories":[30],"tags":[11636,244,5947],"class_list":["post-96338","post","type-post","status-publish","format-standard","has-post-thumbnail","hentry","category-municipio","tag-avenida-2","tag-municipio-2","tag-obras-publicas","generate-columns","tablet-grid-50","mobile-grid-100","grid-parent","grid-50"],"jetpack_publicize_connections":[],"jetpack_featured_media_url":"https:\/\/www.hoymercedes.com.ar\/principal\/wp-content\/uploads\/2019\/07\/06-Av2Apertura61.jpg","wps_subtitle":"Mano habilitada","jetpack_sharing_enabled":true,"_links":{"self":[{"href":"https:\/\/www.hoymercedes.com.ar\/principal\/wp-json\/wp\/v2\/posts\/96338","targetHints":{"allow":["GET"]}}],"collection":[{"href":"https:\/\/www.hoymercedes.com.ar\/principal\/wp-json\/wp\/v2\/posts"}],"about":[{"href":"https:\/\/www.hoymercedes.com.ar\/principal\/wp-json\/wp\/v2\/types\/post"}],"author":[{"embeddable":true,"href":"https:\/\/www.hoymercedes.com.ar\/principal\/wp-json\/wp\/v2\/users\/1"}],"replies":[{"embeddable":true,"href":"https:\/\/www.hoymercedes.com.ar\/principal\/wp-json\/wp\/v2\/comments?post=96338"}],"version-history":[{"count":0,"href":"https:\/\/www.hoymercedes.com.ar\/principal\/wp-json\/wp\/v2\/posts\/96338\/revisions"}],"wp:featuredmedia":[{"embeddable":true,"href":"https:\/\/www.hoymercedes.com.ar\/principal\/wp-json\/wp\/v2\/media\/96339"}],"wp:attachment":[{"href":"https:\/\/www.hoymercedes.com.ar\/principal\/wp-json\/wp\/v2\/media?parent=96338"}],"wp:term":[{"taxonomy":"category","embeddable":true,"href":"https:\/\/www.hoymercedes.com.ar\/principal\/wp-json\/wp\/v2\/categories?post=96338"},{"taxonomy":"post_tag","embeddable":true,"href":"https:\/\/www.hoymercedes.com.ar\/principal\/wp-json\/wp\/v2\/tags?post=96338"}],"curies":[{"name":"wp","href":"https:\/\/api.w.org\/{rel}","templated":true}]}}