{"id":96452,"date":"2019-07-09T18:44:46","date_gmt":"2019-07-09T21:44:46","guid":{"rendered":"http:\/\/www.hoymercedes.com.ar\/principal\/?p=96452"},"modified":"2019-07-09T18:46:17","modified_gmt":"2019-07-09T21:46:17","slug":"colocaron-estrella-amarilla-por-karina-wuilfe","status":"publish","type":"post","link":"https:\/\/www.hoymercedes.com.ar\/principal\/2019\/07\/09\/colocaron-estrella-amarilla-por-karina-wuilfe\/","title":{"rendered":"Colocaron Estrella Amarilla por Karina Wuilfe"},"content":{"rendered":"\n<p>En la ma\u00f1ana del \u00faltimo s\u00e1bado, una nueva Estrella Amarilla se descubri\u00f3 en la vea de la colectora de la Ruta Nacional N\u00b0 5, a la altura del kil\u00f3metro 93,700 sentido Mercedes &#8211; Gowland. En esta oportunidad, el homenaje fue para Karina Elisabet Wuilfe, que falleci\u00f3 el 21 de diciembre del pasado a\u00f1o producto de un siniestro vial donde se coloc\u00f3 la se\u00f1alizaci\u00f3n vertical. <\/p>\n\n\n\n<figure class=\"wp-block-image\"><img loading=\"lazy\" decoding=\"async\" width=\"750\" height=\"500\" data-attachment-id=\"96454\" data-permalink=\"https:\/\/www.hoymercedes.com.ar\/principal\/2019\/07\/09\/colocaron-estrella-amarilla-por-karina-wuilfe\/09-estrella-amarilla-2\/#main\" data-orig-file=\"https:\/\/www.hoymercedes.com.ar\/principal\/wp-content\/uploads\/2019\/07\/09-estrella-amarilla-2.jpg\" data-orig-size=\"750,500\" data-comments-opened=\"0\" data-image-meta=\"{&quot;aperture&quot;:&quot;0&quot;,&quot;credit&quot;:&quot;&quot;,&quot;camera&quot;:&quot;&quot;,&quot;caption&quot;:&quot;&quot;,&quot;created_timestamp&quot;:&quot;0&quot;,&quot;copyright&quot;:&quot;&quot;,&quot;focal_length&quot;:&quot;0&quot;,&quot;iso&quot;:&quot;0&quot;,&quot;shutter_speed&quot;:&quot;0&quot;,&quot;title&quot;:&quot;&quot;,&quot;orientation&quot;:&quot;0&quot;}\" data-image-title=\"09 estrella amarilla 2\" data-image-description=\"\" data-image-caption=\"\" data-large-file=\"https:\/\/www.hoymercedes.com.ar\/principal\/wp-content\/uploads\/2019\/07\/09-estrella-amarilla-2.jpg\" src=\"https:\/\/www.hoymercedes.com.ar\/principal\/wp-content\/uploads\/2019\/07\/09-estrella-amarilla-2.jpg\" alt=\"\" class=\"wp-image-96454\" srcset=\"https:\/\/www.hoymercedes.com.ar\/principal\/wp-content\/uploads\/2019\/07\/09-estrella-amarilla-2.jpg 750w, https:\/\/www.hoymercedes.com.ar\/principal\/wp-content\/uploads\/2019\/07\/09-estrella-amarilla-2-150x100.jpg 150w, https:\/\/www.hoymercedes.com.ar\/principal\/wp-content\/uploads\/2019\/07\/09-estrella-amarilla-2-630x420.jpg 630w, https:\/\/www.hoymercedes.com.ar\/principal\/wp-content\/uploads\/2019\/07\/09-estrella-amarilla-2-720x480.jpg 720w, https:\/\/www.hoymercedes.com.ar\/principal\/wp-content\/uploads\/2019\/07\/09-estrella-amarilla-2-360x240.jpg 360w\" sizes=\"auto, (max-width: 750px) 100vw, 750px\" \/><\/figure>\n\n\n\n<p>La fr\u00eda ma\u00f1ana del s\u00e1bado reuni\u00f3 a los familiares y amigos de Karina, as\u00ed como al Grupo Estrellas Amarillas, en el mismo lugar donde la joven de 32 a\u00f1os, impact\u00f3 con su moto en la entrada de una quinta, luego de haber, aparentemente, perdido el control del rodado. <\/p>\n\n\n\n<p>Sentidas palabras dijeron los presentes recordando a Karina, para luego colocar unas plantas en su memoria y arrojar al cielo un mensaje de concientizaci\u00f3n en materia vial. <\/p>\n\n\n\n<p>La familia Wuilfe  y grupo Estrellas Amarillas Mercedes agradecieron a los presentes por el acompa\u00f1amiento en el homenaje, en particular al \u00e1rea de Tr\u00e1nsito a trav\u00e9s de Nancy Okos y los agentes de tr\u00e1nsito que colaboraron en el acto. <\/p>\n\n\n\n<figure class=\"wp-block-image\"><img loading=\"lazy\" decoding=\"async\" width=\"750\" height=\"499\" data-attachment-id=\"96453\" data-permalink=\"https:\/\/www.hoymercedes.com.ar\/principal\/2019\/07\/09\/colocaron-estrella-amarilla-por-karina-wuilfe\/09-estrella-amarilla-1\/#main\" data-orig-file=\"https:\/\/www.hoymercedes.com.ar\/principal\/wp-content\/uploads\/2019\/07\/09-estrella-amarilla-1.jpg\" data-orig-size=\"750,499\" data-comments-opened=\"0\" data-image-meta=\"{&quot;aperture&quot;:&quot;0&quot;,&quot;credit&quot;:&quot;&quot;,&quot;camera&quot;:&quot;&quot;,&quot;caption&quot;:&quot;&quot;,&quot;created_timestamp&quot;:&quot;0&quot;,&quot;copyright&quot;:&quot;&quot;,&quot;focal_length&quot;:&quot;0&quot;,&quot;iso&quot;:&quot;0&quot;,&quot;shutter_speed&quot;:&quot;0&quot;,&quot;title&quot;:&quot;&quot;,&quot;orientation&quot;:&quot;0&quot;}\" data-image-title=\"09 estrella amarilla 1\" data-image-description=\"\" data-image-caption=\"\" data-large-file=\"https:\/\/www.hoymercedes.com.ar\/principal\/wp-content\/uploads\/2019\/07\/09-estrella-amarilla-1.jpg\" src=\"https:\/\/www.hoymercedes.com.ar\/principal\/wp-content\/uploads\/2019\/07\/09-estrella-amarilla-1.jpg\" alt=\"\" class=\"wp-image-96453\" srcset=\"https:\/\/www.hoymercedes.com.ar\/principal\/wp-content\/uploads\/2019\/07\/09-estrella-amarilla-1.jpg 750w, https:\/\/www.hoymercedes.com.ar\/principal\/wp-content\/uploads\/2019\/07\/09-estrella-amarilla-1-150x100.jpg 150w, https:\/\/www.hoymercedes.com.ar\/principal\/wp-content\/uploads\/2019\/07\/09-estrella-amarilla-1-630x419.jpg 630w, https:\/\/www.hoymercedes.com.ar\/principal\/wp-content\/uploads\/2019\/07\/09-estrella-amarilla-1-720x480.jpg 720w, https:\/\/www.hoymercedes.com.ar\/principal\/wp-content\/uploads\/2019\/07\/09-estrella-amarilla-1-360x240.jpg 360w\" sizes=\"auto, (max-width: 750px) 100vw, 750px\" \/><\/figure>\n","protected":false},"excerpt":{"rendered":"<p>En la ma\u00f1ana del \u00faltimo s\u00e1bado, una nueva Estrella Amarilla se descubri\u00f3 en la vea de la colectora de la &#8230; <a title=\"Colocaron Estrella Amarilla por Karina Wuilfe\" class=\"read-more\" href=\"https:\/\/www.hoymercedes.com.ar\/principal\/2019\/07\/09\/colocaron-estrella-amarilla-por-karina-wuilfe\/\" aria-label=\"Leer m\u00e1s sobre Colocaron Estrella Amarilla por Karina Wuilfe\">Leer m\u00e1s<\/a><\/p>\n","protected":false},"author":1,"featured_media":96453,"comment_status":"closed","ping_status":"open","sticky":false,"template":"","format":"standard","meta":{"_monsterinsights_skip_tracking":false,"_monsterinsights_sitenote_active":false,"_monsterinsights_sitenote_note":"","_monsterinsights_sitenote_category":0,"jetpack_post_was_ever_published":false,"_jetpack_newsletter_access":"","_jetpack_dont_email_post_to_subs":false,"_jetpack_newsletter_tier_id":0,"_jetpack_memberships_contains_paywalled_content":false,"_jetpack_memberships_contains_paid_content":false,"footnotes":"","jetpack_publicize_message":"","jetpack_publicize_feature_enabled":true,"jetpack_social_post_already_shared":true,"jetpack_social_options":{"image_generator_settings":{"template":"highway","default_image_id":0,"font":"","enabled":false},"version":2},"_wpas_customize_per_network":false},"categories":[8],"tags":[9444,626,10395],"class_list":["post-96452","post","type-post","status-publish","format-standard","has-post-thumbnail","hentry","category-sociedad","tag-estrella-amarilla","tag-seguridad-vial","tag-siniestro-vial","generate-columns","tablet-grid-50","mobile-grid-100","grid-parent","grid-50"],"jetpack_publicize_connections":[],"jetpack_featured_media_url":"https:\/\/www.hoymercedes.com.ar\/principal\/wp-content\/uploads\/2019\/07\/09-estrella-amarilla-1.jpg","wps_subtitle":"En colectora de Ruta 5","jetpack_sharing_enabled":true,"_links":{"self":[{"href":"https:\/\/www.hoymercedes.com.ar\/principal\/wp-json\/wp\/v2\/posts\/96452","targetHints":{"allow":["GET"]}}],"collection":[{"href":"https:\/\/www.hoymercedes.com.ar\/principal\/wp-json\/wp\/v2\/posts"}],"about":[{"href":"https:\/\/www.hoymercedes.com.ar\/principal\/wp-json\/wp\/v2\/types\/post"}],"author":[{"embeddable":true,"href":"https:\/\/www.hoymercedes.com.ar\/principal\/wp-json\/wp\/v2\/users\/1"}],"replies":[{"embeddable":true,"href":"https:\/\/www.hoymercedes.com.ar\/principal\/wp-json\/wp\/v2\/comments?post=96452"}],"version-history":[{"count":0,"href":"https:\/\/www.hoymercedes.com.ar\/principal\/wp-json\/wp\/v2\/posts\/96452\/revisions"}],"wp:featuredmedia":[{"embeddable":true,"href":"https:\/\/www.hoymercedes.com.ar\/principal\/wp-json\/wp\/v2\/media\/96453"}],"wp:attachment":[{"href":"https:\/\/www.hoymercedes.com.ar\/principal\/wp-json\/wp\/v2\/media?parent=96452"}],"wp:term":[{"taxonomy":"category","embeddable":true,"href":"https:\/\/www.hoymercedes.com.ar\/principal\/wp-json\/wp\/v2\/categories?post=96452"},{"taxonomy":"post_tag","embeddable":true,"href":"https:\/\/www.hoymercedes.com.ar\/principal\/wp-json\/wp\/v2\/tags?post=96452"}],"curies":[{"name":"wp","href":"https:\/\/api.w.org\/{rel}","templated":true}]}}