{"id":96461,"date":"2019-07-09T20:32:22","date_gmt":"2019-07-09T23:32:22","guid":{"rendered":"http:\/\/www.hoymercedes.com.ar\/principal\/?p=96461"},"modified":"2019-07-09T19:44:13","modified_gmt":"2019-07-09T22:44:13","slug":"estrenan-antonin-artaud-actos-de-crueldad-en-el-mamm","status":"publish","type":"post","link":"https:\/\/www.hoymercedes.com.ar\/principal\/2019\/07\/09\/estrenan-antonin-artaud-actos-de-crueldad-en-el-mamm\/","title":{"rendered":"Estrenan Antonin Artaud-Actos de Crueldad en el MAMM"},"content":{"rendered":"\n<p>Este mi\u00e9rcoles 10 de julio, 20 horas, se entrenar\u00e1 en el Museo de Arte Municipalidad de Mercedes la obra teatral \u00abAntonin Artaud &#8211; Actos de Crueldad\u00bb de Wilson Coelho con traducci\u00f3n al espa\u00f1ol y puesta en escena de Fabi\u00e1n Morales.\u00a0<\/p>\n\n\n\n<figure class=\"wp-block-image\"><img loading=\"lazy\" decoding=\"async\" width=\"750\" height=\"497\" data-attachment-id=\"96462\" data-permalink=\"https:\/\/www.hoymercedes.com.ar\/principal\/2019\/07\/09\/estrenan-antonin-artaud-actos-de-crueldad-en-el-mamm\/09-teatro-morales\/#main\" data-orig-file=\"https:\/\/www.hoymercedes.com.ar\/principal\/wp-content\/uploads\/2019\/07\/09-teatro-morales.jpg\" data-orig-size=\"750,497\" data-comments-opened=\"0\" data-image-meta=\"{&quot;aperture&quot;:&quot;0&quot;,&quot;credit&quot;:&quot;&quot;,&quot;camera&quot;:&quot;&quot;,&quot;caption&quot;:&quot;&quot;,&quot;created_timestamp&quot;:&quot;0&quot;,&quot;copyright&quot;:&quot;&quot;,&quot;focal_length&quot;:&quot;0&quot;,&quot;iso&quot;:&quot;0&quot;,&quot;shutter_speed&quot;:&quot;0&quot;,&quot;title&quot;:&quot;&quot;,&quot;orientation&quot;:&quot;0&quot;}\" data-image-title=\"09 teatro morales\" data-image-description=\"\" data-image-caption=\"\" data-large-file=\"https:\/\/www.hoymercedes.com.ar\/principal\/wp-content\/uploads\/2019\/07\/09-teatro-morales.jpg\" src=\"https:\/\/www.hoymercedes.com.ar\/principal\/wp-content\/uploads\/2019\/07\/09-teatro-morales.jpg\" alt=\"\" class=\"wp-image-96462\" srcset=\"https:\/\/www.hoymercedes.com.ar\/principal\/wp-content\/uploads\/2019\/07\/09-teatro-morales.jpg 750w, https:\/\/www.hoymercedes.com.ar\/principal\/wp-content\/uploads\/2019\/07\/09-teatro-morales-150x99.jpg 150w, https:\/\/www.hoymercedes.com.ar\/principal\/wp-content\/uploads\/2019\/07\/09-teatro-morales-630x417.jpg 630w, https:\/\/www.hoymercedes.com.ar\/principal\/wp-content\/uploads\/2019\/07\/09-teatro-morales-360x240.jpg 360w\" sizes=\"auto, (max-width: 750px) 100vw, 750px\" \/><\/figure>\n\n\n\n<p>En una coproducci\u00f3n Argentina &#8211; Brasile\u00f1a, entre la Organizaci\u00f3n \u00abEl Negro Olmedo\u00bb y el \u00abGrupo Tarahumaras\u00bb, se estrenar\u00e1 la pieza teatral del autor brasilero que visitar\u00e1 la ciudad en octubre pr\u00f3ximo. <\/p>\n\n\n\n<p>\u00abAntonin Artaud &#8211; Actos de Crueldad\u00bb parte de la cr\u00edtica del estado actual del teatro, y del arte en general. Crea un nuevo lenguaje del arte teatral, \u00abinspirados en la vida &#8211; viajes, guerras, revoluciones -, el cual supon\u00eda una ruptura con lo establecido por la tradici\u00f3n y admitido por las sociedades actuales\u00bb, explican anticipando lo que se ver\u00e1 el mi\u00e9rcoles.\u00a0 <\/p>\n","protected":false},"excerpt":{"rendered":"<p>Este mi\u00e9rcoles 10 de julio, 20 horas, se entrenar\u00e1 en el Museo de Arte Municipalidad de Mercedes la obra teatral &#8230; <a title=\"Estrenan Antonin Artaud-Actos de Crueldad en el MAMM\" class=\"read-more\" href=\"https:\/\/www.hoymercedes.com.ar\/principal\/2019\/07\/09\/estrenan-antonin-artaud-actos-de-crueldad-en-el-mamm\/\" aria-label=\"Leer m\u00e1s sobre Estrenan Antonin Artaud-Actos de Crueldad en el MAMM\">Leer m\u00e1s<\/a><\/p>\n","protected":false},"author":1,"featured_media":96462,"comment_status":"closed","ping_status":"open","sticky":false,"template":"","format":"standard","meta":{"_monsterinsights_skip_tracking":false,"_monsterinsights_sitenote_active":false,"_monsterinsights_sitenote_note":"","_monsterinsights_sitenote_category":0,"jetpack_post_was_ever_published":false,"_jetpack_newsletter_access":"","_jetpack_dont_email_post_to_subs":false,"_jetpack_newsletter_tier_id":0,"_jetpack_memberships_contains_paywalled_content":false,"_jetpack_memberships_contains_paid_content":false,"footnotes":"","jetpack_publicize_message":"","jetpack_publicize_feature_enabled":true,"jetpack_social_post_already_shared":true,"jetpack_social_options":{"image_generator_settings":{"template":"highway","default_image_id":0,"font":"","enabled":false},"version":2},"_wpas_customize_per_network":false},"categories":[104],"tags":[7805,8674,1218,1180],"class_list":["post-96461","post","type-post","status-publish","format-standard","has-post-thumbnail","hentry","category-cultura","tag-cultura","tag-mamm","tag-organizacion-el-negro-olmedo","tag-teatro","generate-columns","tablet-grid-50","mobile-grid-100","grid-parent","grid-50"],"jetpack_publicize_connections":[],"jetpack_featured_media_url":"https:\/\/www.hoymercedes.com.ar\/principal\/wp-content\/uploads\/2019\/07\/09-teatro-morales.jpg","wps_subtitle":"Teatro en el Museo","jetpack_sharing_enabled":true,"_links":{"self":[{"href":"https:\/\/www.hoymercedes.com.ar\/principal\/wp-json\/wp\/v2\/posts\/96461","targetHints":{"allow":["GET"]}}],"collection":[{"href":"https:\/\/www.hoymercedes.com.ar\/principal\/wp-json\/wp\/v2\/posts"}],"about":[{"href":"https:\/\/www.hoymercedes.com.ar\/principal\/wp-json\/wp\/v2\/types\/post"}],"author":[{"embeddable":true,"href":"https:\/\/www.hoymercedes.com.ar\/principal\/wp-json\/wp\/v2\/users\/1"}],"replies":[{"embeddable":true,"href":"https:\/\/www.hoymercedes.com.ar\/principal\/wp-json\/wp\/v2\/comments?post=96461"}],"version-history":[{"count":0,"href":"https:\/\/www.hoymercedes.com.ar\/principal\/wp-json\/wp\/v2\/posts\/96461\/revisions"}],"wp:featuredmedia":[{"embeddable":true,"href":"https:\/\/www.hoymercedes.com.ar\/principal\/wp-json\/wp\/v2\/media\/96462"}],"wp:attachment":[{"href":"https:\/\/www.hoymercedes.com.ar\/principal\/wp-json\/wp\/v2\/media?parent=96461"}],"wp:term":[{"taxonomy":"category","embeddable":true,"href":"https:\/\/www.hoymercedes.com.ar\/principal\/wp-json\/wp\/v2\/categories?post=96461"},{"taxonomy":"post_tag","embeddable":true,"href":"https:\/\/www.hoymercedes.com.ar\/principal\/wp-json\/wp\/v2\/tags?post=96461"}],"curies":[{"name":"wp","href":"https:\/\/api.w.org\/{rel}","templated":true}]}}