{"id":96476,"date":"2019-07-11T11:36:06","date_gmt":"2019-07-11T14:36:06","guid":{"rendered":"http:\/\/www.hoymercedes.com.ar\/principal\/?p=96476"},"modified":"2019-07-11T17:14:15","modified_gmt":"2019-07-11T20:14:15","slug":"tango-en-el-ciclo-musical-proarte-mercedes","status":"publish","type":"post","link":"https:\/\/www.hoymercedes.com.ar\/principal\/2019\/07\/11\/tango-en-el-ciclo-musical-proarte-mercedes\/","title":{"rendered":"Tango en el ciclo musical ProArte Mercedes"},"content":{"rendered":"\n<p>Organizado por el Centro de Egresado del Colegio Nacional, el 13\nde julio se presenta nuevamente \u201cLa Juan D\u2019Arienzo\u201d en el Auditorio del Colegio\nNacional \u201cFlorentino Ameghino\u201d,&nbsp; (habr\u00e1\ncalefacci\u00f3n) de Avenida 17&nbsp; entre 30 y\n32, de nuestra Ciudad, a partir de las 20,30 horas.<\/p>\n\n\n\n<p>Respondiendo\nal pedido del p\u00fablico, el Centro de Egresados del Colegio Nacional presenta\nnuevamente a \u201cLa Juan D\u2019Arienzo\u201d orquesta de tango creada en el a\u00f1o 2012 con el\nfin de continuar ofreciendo al p\u00fablico el sonido caracter\u00edstico del \u201cRey del\nComp\u00e1s \u201c.<\/p>\n\n\n\n<p>Est\u00e1\nintegrada por diez m\u00fasicos bajo la direcci\u00f3n de Facundo L\u00e1zzari, 1\u00ba bandone\u00f3n y\nnieto del maestro, y la integran&nbsp; 10\nm\u00fasicos entre los que se destaca en el contrabajo, el mercedino Andr\u00e9s\nSantarciero. <\/p>\n\n\n\n<p>El\nconcierto tendr\u00e1 lugar el s\u00e1bado 13 de julio a las 20.30 hs, en el auditorio\ndel Colegio Nacional de calle 17 entre 30 y 32. La sala estar\u00e1 calefaccionada.<\/p>\n\n\n\n<p>Los\nbonos contribuci\u00f3n pueden adquirirse en J\u00f3ser Casa y Dise\u00f1o Galer\u00eda Metro,\nJ\u00f3ser Boutique Calle 27 entre 18 y 20, Talabarter\u00eda Las Mar\u00edas, y librer\u00eda\nTiempos de papel, en calle 30 y 21 o en el Colegio antes de la funci\u00f3n.<\/p>\n","protected":false},"excerpt":{"rendered":"<p>Organizado por el Centro de Egresado del Colegio Nacional, el 13 de julio se presenta nuevamente \u201cLa Juan D\u2019Arienzo\u201d en &#8230; <a title=\"Tango en el ciclo musical ProArte Mercedes\" class=\"read-more\" href=\"https:\/\/www.hoymercedes.com.ar\/principal\/2019\/07\/11\/tango-en-el-ciclo-musical-proarte-mercedes\/\" aria-label=\"Leer m\u00e1s sobre Tango en el ciclo musical ProArte Mercedes\">Leer m\u00e1s<\/a><\/p>\n","protected":false},"author":1,"featured_media":96507,"comment_status":"closed","ping_status":"open","sticky":false,"template":"","format":"standard","meta":{"_monsterinsights_skip_tracking":false,"_monsterinsights_sitenote_active":false,"_monsterinsights_sitenote_note":"","_monsterinsights_sitenote_category":0,"jetpack_post_was_ever_published":false,"_jetpack_newsletter_access":"","_jetpack_dont_email_post_to_subs":false,"_jetpack_newsletter_tier_id":0,"_jetpack_memberships_contains_paywalled_content":false,"_jetpack_memberships_contains_paid_content":false,"footnotes":"","jetpack_publicize_message":"","jetpack_publicize_feature_enabled":true,"jetpack_social_post_already_shared":true,"jetpack_social_options":{"image_generator_settings":{"template":"highway","default_image_id":0,"font":"","enabled":false},"version":2},"_wpas_customize_per_network":false},"categories":[104],"tags":[7805,10732,1362],"class_list":["post-96476","post","type-post","status-publish","format-standard","has-post-thumbnail","hentry","category-cultura","tag-cultura","tag-proarte-mercedes","tag-tango","generate-columns","tablet-grid-50","mobile-grid-100","grid-parent","grid-50"],"jetpack_publicize_connections":[],"jetpack_featured_media_url":"https:\/\/www.hoymercedes.com.ar\/principal\/wp-content\/uploads\/2019\/07\/11-proarte.jpg","wps_subtitle":"M\u00fasica en el Colegio Nacional","jetpack_sharing_enabled":true,"_links":{"self":[{"href":"https:\/\/www.hoymercedes.com.ar\/principal\/wp-json\/wp\/v2\/posts\/96476","targetHints":{"allow":["GET"]}}],"collection":[{"href":"https:\/\/www.hoymercedes.com.ar\/principal\/wp-json\/wp\/v2\/posts"}],"about":[{"href":"https:\/\/www.hoymercedes.com.ar\/principal\/wp-json\/wp\/v2\/types\/post"}],"author":[{"embeddable":true,"href":"https:\/\/www.hoymercedes.com.ar\/principal\/wp-json\/wp\/v2\/users\/1"}],"replies":[{"embeddable":true,"href":"https:\/\/www.hoymercedes.com.ar\/principal\/wp-json\/wp\/v2\/comments?post=96476"}],"version-history":[{"count":0,"href":"https:\/\/www.hoymercedes.com.ar\/principal\/wp-json\/wp\/v2\/posts\/96476\/revisions"}],"wp:featuredmedia":[{"embeddable":true,"href":"https:\/\/www.hoymercedes.com.ar\/principal\/wp-json\/wp\/v2\/media\/96507"}],"wp:attachment":[{"href":"https:\/\/www.hoymercedes.com.ar\/principal\/wp-json\/wp\/v2\/media?parent=96476"}],"wp:term":[{"taxonomy":"category","embeddable":true,"href":"https:\/\/www.hoymercedes.com.ar\/principal\/wp-json\/wp\/v2\/categories?post=96476"},{"taxonomy":"post_tag","embeddable":true,"href":"https:\/\/www.hoymercedes.com.ar\/principal\/wp-json\/wp\/v2\/tags?post=96476"}],"curies":[{"name":"wp","href":"https:\/\/api.w.org\/{rel}","templated":true}]}}