{"id":9649,"date":"2011-12-07T11:52:26","date_gmt":"2011-12-07T11:52:26","guid":{"rendered":"http:\/\/www.hoymercedes.com.ar\/principal\/?p=9649"},"modified":"2011-12-07T11:52:26","modified_gmt":"2011-12-07T11:52:26","slug":"juran-hoy-a-las-19-30-los-ediles-electos-el-pasado-23-de-octubre","status":"publish","type":"post","link":"https:\/\/www.hoymercedes.com.ar\/principal\/2011\/12\/07\/juran-hoy-a-las-19-30-los-ediles-electos-el-pasado-23-de-octubre\/","title":{"rendered":"Juran hoy a las 19.30 los ediles electos el pasado 23 de octubre"},"content":{"rendered":"<p><a href=\"https:\/\/www.hoymercedes.com.ar\/principal\/wp-content\/uploads\/2011\/12\/JolandaGorosito.jpg\"><img loading=\"lazy\" decoding=\"async\" data-attachment-id=\"9651\" data-permalink=\"https:\/\/www.hoymercedes.com.ar\/principal\/2011\/12\/07\/juran-hoy-a-las-19-30-los-ediles-electos-el-pasado-23-de-octubre\/jolandagorosito\/#main\" data-orig-file=\"https:\/\/www.hoymercedes.com.ar\/principal\/wp-content\/uploads\/2011\/12\/JolandaGorosito.jpg\" data-orig-size=\"612,536\" data-comments-opened=\"1\" data-image-meta=\"{&quot;aperture&quot;:&quot;2.8&quot;,&quot;credit&quot;:&quot;&quot;,&quot;camera&quot;:&quot;COOLPIX L10&quot;,&quot;caption&quot;:&quot;&quot;,&quot;created_timestamp&quot;:&quot;1322983172&quot;,&quot;copyright&quot;:&quot;Copyright 2006&quot;,&quot;focal_length&quot;:&quot;6.2&quot;,&quot;iso&quot;:&quot;64&quot;,&quot;shutter_speed&quot;:&quot;0.033333333333333&quot;,&quot;title&quot;:&quot;&quot;}\" data-image-title=\"JolandaGorosito\" data-image-description=\"\" data-image-caption=\"\" data-large-file=\"https:\/\/www.hoymercedes.com.ar\/principal\/wp-content\/uploads\/2011\/12\/JolandaGorosito.jpg\" class=\"aligncenter size-full wp-image-9651\" title=\"JolandaGorosito\" src=\"https:\/\/www.hoymercedes.com.ar\/principal\/wp-content\/uploads\/2011\/12\/JolandaGorosito.jpg\" alt=\"\" width=\"612\" height=\"536\" \/><\/a><\/p>\n<p>En horas de la ma\u00f1ana se desarrollar\u00e1n a las 10.00 la sesi\u00f3n preparatoria y una hora m\u00e1s tarde la despedida a quienes dejan sus bancas. Expectativas por la elecci\u00f3n de las nuevas autoridades<\/p>\n<p>Los nueve Concejales consagrados tras las elecciones efectuadas el pasado 23 de octubre prestar\u00e1n juramento hoy durante un acto que se llevar\u00e1 a cabo a partir de las 19.30 de acuerdo a lo informado oficialmente por la Secretaria del HCD Yolanda Gorosito qui\u00e9n manifest\u00f3 \u201cen las \u00faltimas horas del lunes recibimos una comunicaci\u00f3n telef\u00f3nica desde la Junta Electoral en la que se nos informaba que hab\u00edan resuelto que los actos de jura de los nuevos concejales se llevaran a cabo en todos los distritos de la provincia este mi\u00e9rcoles en el horario que cada uno delos Cuerpos Legislativos dispusiesen.<\/p>\n<p>Por tal motivo, esta ma\u00f1ana (por ayer) se resolvi\u00f3 con los concejales presentes elaborar un cronograma que ser\u00e1 implementado a lo largo de la jornada de este mi\u00e9rcoles comenzando a partir de las 10.00 con la realizaci\u00f3n de la Sesi\u00f3n Preparatoria en la que deber\u00e1n elegirse las nuevas autoridades del<\/p>\n<p>Cuerpo Legislativo de nuestra ciudad y se verifican los diplomas de los concejales electos.<\/p>\n<p>Calculamos que esto demandar\u00e1 alrededor de una hora por lo cual a partir de las 11,00 se ha dispuesto efectuar la despedida de aquellos que habiendo cumplido con su mandato de cuatro a\u00f1os y no haberse presentado nuevamente para ser electos dejan sus bancas, reuni\u00f3n en la que seguramente el intendente Carlos Selva les har\u00e1 entrega de alg\u00fan presente recordatorio del paso por el Cuerpo Legislativo de Mercedes y l\u00f3gicamente se dir\u00e1n las palabras ya tradicionales en este tipo de acto y con esto se da por concluida la primera parte del organigrama elaborado.<\/p>\n<p>La continuaci\u00f3n ser\u00e1 por la tarde cuando desde las 19.00 se lleve adelante la sesi\u00f3n en la que prestar\u00e1n juramento aquellos concejales que se incorporen al Cuerpo de acuerdo a los resultados de las elecciones del 23 de octubre \u00faltimo y junto a ellos quienes han renovado sus bancas por otros cuatro a\u00f1os, siendo el encargado de recibir dicho juramente qui\u00e9n en horas de la ma\u00f1ana haya sido consagrado presidente del Concejo.<\/p>\n<p>En este caso se ha previsto la presencia de aquellos que integran el Protocolo Oficial de la Municipalidad como as\u00ed tambi\u00e9n invitados especiales y los familiares de quienes vayan a jurar\u201d.<\/p>\n<p>Luego Gorosito record\u00f3 que en el Consejo Escolar y el Departamento Ejecutivo los actos se llevar\u00e1n a cabo el lunes 12 por la ma\u00f1ana en el caso de los consejeros y a la tarde en el Teatro Julio Cesar Gioscio la jura del Intendente y posteriormente de los Secretarios que integran su gabinete de gobierno<\/p>\n<p>La elecci\u00f3n del presidente del HCD<\/p>\n<p>Si bien de manera oficial nada se pudo conocoer, todo indica que al menos las dos principales fuerzas que tendr\u00e1 desde ahora en adelante el Concejo Deliberante se inclinar\u00e1n por proponer a uno de sus integrantes para que se haga cargo de la presidencia del mismo por lo que solo resta conocer es cual ser\u00e1 el papel de los seis concejales restantes<\/p>\n<p>Los comentarios m\u00e1s confiables que se escuchaban ayer en la sede del Legislativo era que tanto In\u00e9s Ghione, como Jose Luis Ramos y Jos\u00e9 Cestari apoyar\u00edan la postura en el sentido que debe ser un representantes del bloque que gano las elecciones de octubre quien presida el Cuerpo, en tal caso el elegido ser\u00eda Marcelo Den\u00e1pole, mientras que por el lado de Uni\u00f3n Pro, Juan Carlos Ben\u00edtez, Mar\u00eda Ruth Muracca y Carlos Aristi se mantendr\u00edan independiente ya que propondr\u00edan a uno de sus integrantes para ocupar dicho lugar.<\/p>\n<p>La otra duda es quien ejercer\u00e1 la Vicepresidencia primera, mientras algunos sostienen que deber\u00eda continuar qui\u00e9n ejerce dicho cargo en la actualidad, es decir la se\u00f1ora In\u00e9s Ghione, otros sostienen que debe ser un representante del Frente Mercedino para la Victoria por haber resultado segundo en los comicios del pasado 23 de octubre.<\/p>\n<p>Todo esto se conocer\u00e1 finalmente hoy cuando a partir de las 10.00 se ponga en marcha la Sesi\u00f3n Preparatoria del HCD.<\/p>\n","protected":false},"excerpt":{"rendered":"<p>En horas de la ma\u00f1ana se desarrollar\u00e1n a las 10.00 la sesi\u00f3n preparatoria y una hora m\u00e1s tarde la despedida &#8230; <a title=\"Juran hoy a las 19.30 los ediles electos el pasado 23 de octubre\" class=\"read-more\" href=\"https:\/\/www.hoymercedes.com.ar\/principal\/2011\/12\/07\/juran-hoy-a-las-19-30-los-ediles-electos-el-pasado-23-de-octubre\/\" aria-label=\"Leer m\u00e1s sobre Juran hoy a las 19.30 los ediles electos el pasado 23 de octubre\">Leer m\u00e1s<\/a><\/p>\n","protected":false},"author":1,"featured_media":0,"comment_status":"open","ping_status":"open","sticky":false,"template":"","format":"standard","meta":{"_monsterinsights_skip_tracking":false,"_monsterinsights_sitenote_active":false,"_monsterinsights_sitenote_note":"","_monsterinsights_sitenote_category":0,"jetpack_post_was_ever_published":false,"_jetpack_newsletter_access":"","_jetpack_dont_email_post_to_subs":false,"_jetpack_newsletter_tier_id":0,"_jetpack_memberships_contains_paywalled_content":false,"_jetpack_memberships_contains_paid_content":false,"footnotes":"","jetpack_publicize_message":"","jetpack_publicize_feature_enabled":true,"jetpack_social_post_already_shared":false,"jetpack_social_options":{"image_generator_settings":{"template":"highway","default_image_id":0,"font":"","enabled":false},"version":2},"_wpas_customize_per_network":false},"categories":[5],"tags":[1687],"class_list":["post-9649","post","type-post","status-publish","format-standard","hentry","category-politica","tag-yolanda-gorosito","generate-columns","tablet-grid-50","mobile-grid-100","grid-parent","grid-50"],"jetpack_publicize_connections":[],"jetpack_featured_media_url":"","wps_subtitle":"","jetpack_sharing_enabled":true,"_links":{"self":[{"href":"https:\/\/www.hoymercedes.com.ar\/principal\/wp-json\/wp\/v2\/posts\/9649","targetHints":{"allow":["GET"]}}],"collection":[{"href":"https:\/\/www.hoymercedes.com.ar\/principal\/wp-json\/wp\/v2\/posts"}],"about":[{"href":"https:\/\/www.hoymercedes.com.ar\/principal\/wp-json\/wp\/v2\/types\/post"}],"author":[{"embeddable":true,"href":"https:\/\/www.hoymercedes.com.ar\/principal\/wp-json\/wp\/v2\/users\/1"}],"replies":[{"embeddable":true,"href":"https:\/\/www.hoymercedes.com.ar\/principal\/wp-json\/wp\/v2\/comments?post=9649"}],"version-history":[{"count":0,"href":"https:\/\/www.hoymercedes.com.ar\/principal\/wp-json\/wp\/v2\/posts\/9649\/revisions"}],"wp:attachment":[{"href":"https:\/\/www.hoymercedes.com.ar\/principal\/wp-json\/wp\/v2\/media?parent=9649"}],"wp:term":[{"taxonomy":"category","embeddable":true,"href":"https:\/\/www.hoymercedes.com.ar\/principal\/wp-json\/wp\/v2\/categories?post=9649"},{"taxonomy":"post_tag","embeddable":true,"href":"https:\/\/www.hoymercedes.com.ar\/principal\/wp-json\/wp\/v2\/tags?post=9649"}],"curies":[{"name":"wp","href":"https:\/\/api.w.org\/{rel}","templated":true}]}}