{"id":96514,"date":"2019-07-11T17:38:03","date_gmt":"2019-07-11T20:38:03","guid":{"rendered":"http:\/\/www.hoymercedes.com.ar\/principal\/?p=96514"},"modified":"2019-07-11T17:23:55","modified_gmt":"2019-07-11T20:23:55","slug":"se-esclarece-un-violento-robo-en-la-localidad-de-san-antonio-de-areco","status":"publish","type":"post","link":"https:\/\/www.hoymercedes.com.ar\/principal\/2019\/07\/11\/se-esclarece-un-violento-robo-en-la-localidad-de-san-antonio-de-areco\/","title":{"rendered":"Se esclarece un violento robo en la localidad de San Antonio de Areco"},"content":{"rendered":"\n<p>En la localidad de San Antonio de Areco, a principios del mes de mayo del corriente,\u00a0\u00a0 un grupo de malvivientes ingres\u00f3 la estancia \u201cLa Porte\u00f1a\u201d ubicada en dicho partido de la provincia de Buenos Aires con fines de cometer un atraco. Lograron llevarlo a cabo vali\u00e9ndose de violencia y munidos de armas de fuego, buscando salvaguardar su identidad con sus rostros parcialmente cubiertos.<\/p>\n\n\n\n<figure class=\"wp-block-image\"><img loading=\"lazy\" decoding=\"async\" width=\"772\" height=\"719\" data-attachment-id=\"96515\" data-permalink=\"https:\/\/www.hoymercedes.com.ar\/principal\/2019\/07\/11\/se-esclarece-un-violento-robo-en-la-localidad-de-san-antonio-de-areco\/11-policial-areco-1\/#main\" data-orig-file=\"https:\/\/www.hoymercedes.com.ar\/principal\/wp-content\/uploads\/2019\/07\/11-policial-Areco-1.jpg\" data-orig-size=\"772,719\" data-comments-opened=\"0\" data-image-meta=\"{&quot;aperture&quot;:&quot;0&quot;,&quot;credit&quot;:&quot;&quot;,&quot;camera&quot;:&quot;&quot;,&quot;caption&quot;:&quot;&quot;,&quot;created_timestamp&quot;:&quot;0&quot;,&quot;copyright&quot;:&quot;&quot;,&quot;focal_length&quot;:&quot;0&quot;,&quot;iso&quot;:&quot;0&quot;,&quot;shutter_speed&quot;:&quot;0&quot;,&quot;title&quot;:&quot;&quot;,&quot;orientation&quot;:&quot;0&quot;}\" data-image-title=\"11 policial Areco 1\" data-image-description=\"\" data-image-caption=\"\" data-large-file=\"https:\/\/www.hoymercedes.com.ar\/principal\/wp-content\/uploads\/2019\/07\/11-policial-Areco-1.jpg\" src=\"https:\/\/www.hoymercedes.com.ar\/principal\/wp-content\/uploads\/2019\/07\/11-policial-Areco-1.jpg\" alt=\"\" class=\"wp-image-96515\" srcset=\"https:\/\/www.hoymercedes.com.ar\/principal\/wp-content\/uploads\/2019\/07\/11-policial-Areco-1.jpg 772w, https:\/\/www.hoymercedes.com.ar\/principal\/wp-content\/uploads\/2019\/07\/11-policial-Areco-1-150x140.jpg 150w, https:\/\/www.hoymercedes.com.ar\/principal\/wp-content\/uploads\/2019\/07\/11-policial-Areco-1-630x587.jpg 630w\" sizes=\"auto, (max-width: 772px) 100vw, 772px\" \/><\/figure>\n\n\n\n<p>Al menos tres\npersonas irrumpieron ferozmente en la vivienda, previo violentar la puerta de\ningreso ubicada sobre un lateral de la finca y desplegaron un agresivo y\nviolento accionar para reducir a las v\u00edctimas: Gonzalo Susini y Catalina Novoa\ny sus tres hijos menores de edad.<\/p>\n\n\n\n<p>Durante aproximadamente\nuna hora y media los malvivientes amedrentaron a los damnificados, adem\u00e1s de\ncausarles diversas lesiones. Lograron hacerse de dinero en efectivo, armas,\nalhajas, perfumes, entre otros elementos de valor econ\u00f3mico. <\/p>\n\n\n\n<p>Posteriormente se\ndieron a la fuga a bordo de camioneta marca KIA, modelo Sportage de color\nverde, propiedad de&nbsp; la v\u00edctima. Por un\nproblema mec\u00e1nico no pudieron continuar, y dejaron el rodado abandonado en\ncercan\u00edas de la Ruta Provincial N.\u00ba 41. Lograron huir utilizando un &nbsp;autom\u00f3vil de apoyo que los esperaba y en el\nque -se estima &#8211; hab\u00edan arribado.<\/p>\n\n\n\n<p><strong>Investigaci\u00f3n<\/strong><\/p>\n\n\n\n<p>Tras conocerse el\nepisodio delictivo, y al lograr las v\u00edctimas dar aviso a las autoridades\npoliciales de la regi\u00f3n, se inici\u00f3 una investigaci\u00f3n por los delitos de \u201cRobo\nagravado por el uso de armas utilizadas en forma impropia, con armas de fuego\ncuya aptitud para el disparo no ha podido acreditarse, y por su comisi\u00f3n en\ndespoblado y en banda y con efracci\u00f3n\u201d, a instancias de la UFIJ N.\u00ba 6 a cargo\ndel doctor Luis Carcagno.<\/p>\n\n\n\n<p>Comenzaron a recopilarse\ndiversos elementos de inter\u00e9s para la causa, y de averiguaciones practicadas\nsurgieron los sospechosos.<\/p>\n\n\n\n<p>Se comenz\u00f3 a\ntrabajar en la hip\u00f3tesis de una banda delictiva, y se estimaba que los tres\nhombres que ingresaron a la finca, contaron con el apoyo log\u00edstico de al menos\ndos personas m\u00e1s que se movilizaban en el veh\u00edculo de apoyo. As\u00ed se arrib\u00f3 a la\nsospecha de que cinco hombres \u2013 todos mayores de edad y oriundos de la\nlocalidad de San Pedro &#8211; no eran ajenos al delito.<\/p>\n\n\n\n<figure class=\"wp-block-image\"><img loading=\"lazy\" decoding=\"async\" width=\"772\" height=\"515\" data-attachment-id=\"96516\" data-permalink=\"https:\/\/www.hoymercedes.com.ar\/principal\/2019\/07\/11\/se-esclarece-un-violento-robo-en-la-localidad-de-san-antonio-de-areco\/11-policial-areco-2\/#main\" data-orig-file=\"https:\/\/www.hoymercedes.com.ar\/principal\/wp-content\/uploads\/2019\/07\/11-policial-Areco-2.jpg\" data-orig-size=\"772,515\" data-comments-opened=\"0\" data-image-meta=\"{&quot;aperture&quot;:&quot;0&quot;,&quot;credit&quot;:&quot;&quot;,&quot;camera&quot;:&quot;&quot;,&quot;caption&quot;:&quot;&quot;,&quot;created_timestamp&quot;:&quot;0&quot;,&quot;copyright&quot;:&quot;&quot;,&quot;focal_length&quot;:&quot;0&quot;,&quot;iso&quot;:&quot;0&quot;,&quot;shutter_speed&quot;:&quot;0&quot;,&quot;title&quot;:&quot;&quot;,&quot;orientation&quot;:&quot;0&quot;}\" data-image-title=\"11 policial Areco 2\" data-image-description=\"\" data-image-caption=\"\" data-large-file=\"https:\/\/www.hoymercedes.com.ar\/principal\/wp-content\/uploads\/2019\/07\/11-policial-Areco-2.jpg\" src=\"https:\/\/www.hoymercedes.com.ar\/principal\/wp-content\/uploads\/2019\/07\/11-policial-Areco-2.jpg\" alt=\"\" class=\"wp-image-96516\" srcset=\"https:\/\/www.hoymercedes.com.ar\/principal\/wp-content\/uploads\/2019\/07\/11-policial-Areco-2.jpg 772w, https:\/\/www.hoymercedes.com.ar\/principal\/wp-content\/uploads\/2019\/07\/11-policial-Areco-2-150x100.jpg 150w, https:\/\/www.hoymercedes.com.ar\/principal\/wp-content\/uploads\/2019\/07\/11-policial-Areco-2-630x420.jpg 630w, https:\/\/www.hoymercedes.com.ar\/principal\/wp-content\/uploads\/2019\/07\/11-policial-Areco-2-720x480.jpg 720w, https:\/\/www.hoymercedes.com.ar\/principal\/wp-content\/uploads\/2019\/07\/11-policial-Areco-2-360x240.jpg 360w\" sizes=\"auto, (max-width: 772px) 100vw, 772px\" \/><\/figure>\n\n\n\n<p><strong>Allanamiento y\ndetenci\u00f3n<\/strong><\/p>\n\n\n\n<p>Recabados los\nelementos de inter\u00e9s y necesarios, el fiscal actuante solicit\u00f3 ante el Juzgado\nde Garant\u00edas N.\u00ba 3 \u2013 a cargo del doctor Pablo Mor\u00e1n \u2013 una serie de\nallanamientos, y la orden de detenci\u00f3n para al menos uno de los ahora imputados\npor el hecho. La misma fue concedida y se ejecut\u00f3 en la jornada de este jueves\nen cinco domicilios de la localidad de San Pedro. Estuvo a cargo de los agentes\nYesica Nocetti Dimitroff (secretaria de la UFIJ) y Mat\u00edas Garc\u00eda (oficial cuarto);\ncon la colaboraci\u00f3n de la DDI Mercedes, el GAD de Exaltaci\u00f3n de la Cruz, y\nCoordinadora del CPR de la regi\u00f3n Chivilcoy.<\/p>\n\n\n\n<p>Producto de los\noperativos, que dieron resultado positivo, se lograron incautar elementos\nvinculados al atraco y de inter\u00e9s para la investigaci\u00f3n. Se detuvo al sospechoso\nque se buscaba \u2013con fuertes elementos para acreditar su participaci\u00f3n en el\nrobo \u2013 resultando este de 35 a\u00f1os de edad, y un segundo sujeto (de 40 a\u00f1os) fue\naprehendido en la urgencia al encontrarse serios indicios de su participaci\u00f3n\nen el atraco. Se logr\u00f3 secuestrar tambi\u00e9n un autom\u00f3vil marca Peugeot, modelo\n306, de color azul que habr\u00eda sido utilizado en la comisi\u00f3n del hecho.<\/p>\n\n\n\n<p>Por el delito que se les imputa, estos dos sujetos comparecer\u00e1n ante el fiscal Luis Carcagno en la jornada de este viernes, para prestar declaraci\u00f3n indagatoria.<\/p>\n\n\n\n<p>Fuente: Ministerio P\u00fablico Bonaerense &#8211; Dpto. Judicial Mercedes<\/p>\n","protected":false},"excerpt":{"rendered":"<p>En la localidad de San Antonio de Areco, a principios del mes de mayo del corriente,\u00a0\u00a0 un grupo de malvivientes &#8230; <a title=\"Se esclarece un violento robo en la localidad de San Antonio de Areco\" class=\"read-more\" href=\"https:\/\/www.hoymercedes.com.ar\/principal\/2019\/07\/11\/se-esclarece-un-violento-robo-en-la-localidad-de-san-antonio-de-areco\/\" aria-label=\"Leer m\u00e1s sobre Se esclarece un violento robo en la localidad de San Antonio de Areco\">Leer m\u00e1s<\/a><\/p>\n","protected":false},"author":1,"featured_media":96516,"comment_status":"closed","ping_status":"open","sticky":false,"template":"","format":"standard","meta":{"_monsterinsights_skip_tracking":false,"_monsterinsights_sitenote_active":false,"_monsterinsights_sitenote_note":"","_monsterinsights_sitenote_category":0,"jetpack_post_was_ever_published":false,"_jetpack_newsletter_access":"","_jetpack_dont_email_post_to_subs":false,"_jetpack_newsletter_tier_id":0,"_jetpack_memberships_contains_paywalled_content":false,"_jetpack_memberships_contains_paid_content":false,"footnotes":"","jetpack_publicize_message":"","jetpack_publicize_feature_enabled":true,"jetpack_social_post_already_shared":true,"jetpack_social_options":{"image_generator_settings":{"template":"highway","default_image_id":0,"font":"","enabled":false},"version":2},"_wpas_customize_per_network":false},"categories":[85],"tags":[96,1057,889,2427],"class_list":["post-96514","post","type-post","status-publish","format-standard","has-post-thumbnail","hentry","category-policial","tag-policial-2","tag-regional","tag-robo","tag-san-antonio-de-areco","generate-columns","tablet-grid-50","mobile-grid-100","grid-parent","grid-50"],"jetpack_publicize_connections":[],"jetpack_featured_media_url":"https:\/\/www.hoymercedes.com.ar\/principal\/wp-content\/uploads\/2019\/07\/11-policial-Areco-2.jpg","wps_subtitle":"Esclarecimiento","jetpack_sharing_enabled":true,"_links":{"self":[{"href":"https:\/\/www.hoymercedes.com.ar\/principal\/wp-json\/wp\/v2\/posts\/96514","targetHints":{"allow":["GET"]}}],"collection":[{"href":"https:\/\/www.hoymercedes.com.ar\/principal\/wp-json\/wp\/v2\/posts"}],"about":[{"href":"https:\/\/www.hoymercedes.com.ar\/principal\/wp-json\/wp\/v2\/types\/post"}],"author":[{"embeddable":true,"href":"https:\/\/www.hoymercedes.com.ar\/principal\/wp-json\/wp\/v2\/users\/1"}],"replies":[{"embeddable":true,"href":"https:\/\/www.hoymercedes.com.ar\/principal\/wp-json\/wp\/v2\/comments?post=96514"}],"version-history":[{"count":0,"href":"https:\/\/www.hoymercedes.com.ar\/principal\/wp-json\/wp\/v2\/posts\/96514\/revisions"}],"wp:featuredmedia":[{"embeddable":true,"href":"https:\/\/www.hoymercedes.com.ar\/principal\/wp-json\/wp\/v2\/media\/96516"}],"wp:attachment":[{"href":"https:\/\/www.hoymercedes.com.ar\/principal\/wp-json\/wp\/v2\/media?parent=96514"}],"wp:term":[{"taxonomy":"category","embeddable":true,"href":"https:\/\/www.hoymercedes.com.ar\/principal\/wp-json\/wp\/v2\/categories?post=96514"},{"taxonomy":"post_tag","embeddable":true,"href":"https:\/\/www.hoymercedes.com.ar\/principal\/wp-json\/wp\/v2\/tags?post=96514"}],"curies":[{"name":"wp","href":"https:\/\/api.w.org\/{rel}","templated":true}]}}