{"id":96540,"date":"2019-07-12T09:49:44","date_gmt":"2019-07-12T12:49:44","guid":{"rendered":"http:\/\/www.hoymercedes.com.ar\/principal\/?p=96540"},"modified":"2019-07-12T15:19:28","modified_gmt":"2019-07-12T18:19:28","slug":"estudiantes-secundarios-reclamaron-por-falta-de-calefaccion-en-distintas-escuelas","status":"publish","type":"post","link":"https:\/\/www.hoymercedes.com.ar\/principal\/2019\/07\/12\/estudiantes-secundarios-reclamaron-por-falta-de-calefaccion-en-distintas-escuelas\/","title":{"rendered":"Estudiantes secundarios reclamaron por falta de calefacci\u00f3n en distintas escuelas"},"content":{"rendered":"\n<p><em>Marcharon desde la Plaza San Mart\u00edn hasta el Consejo Escolar acompa\u00f1ados por padres, docentes y representantes gremiales. Fueron atendidos por los Consejeros Jos\u00e9 Pisano y Agust\u00edn Bavastro para labrar un acta para que sea tratada en la pr\u00f3xima reuni\u00f3n de UEGD. <\/em><\/p>\n\n\n\n<figure class=\"wp-block-image\"><img loading=\"lazy\" decoding=\"async\" width=\"750\" height=\"500\" data-attachment-id=\"96542\" data-permalink=\"https:\/\/www.hoymercedes.com.ar\/principal\/2019\/07\/12\/estudiantes-secundarios-reclamaron-por-falta-de-calefaccion-en-distintas-escuelas\/12-reclamo-escuelas\/#main\" data-orig-file=\"https:\/\/www.hoymercedes.com.ar\/principal\/wp-content\/uploads\/2019\/07\/12-reclamo-escuelas.jpg\" data-orig-size=\"750,500\" data-comments-opened=\"0\" data-image-meta=\"{&quot;aperture&quot;:&quot;2&quot;,&quot;credit&quot;:&quot;&quot;,&quot;camera&quot;:&quot;Moto G (5S) Plus&quot;,&quot;caption&quot;:&quot;&quot;,&quot;created_timestamp&quot;:&quot;1562843143&quot;,&quot;copyright&quot;:&quot;&quot;,&quot;focal_length&quot;:&quot;3.59&quot;,&quot;iso&quot;:&quot;100&quot;,&quot;shutter_speed&quot;:&quot;0.0013227513227513&quot;,&quot;title&quot;:&quot;&quot;,&quot;orientation&quot;:&quot;1&quot;}\" data-image-title=\"12 reclamo escuelas\" data-image-description=\"\" data-image-caption=\"\" data-large-file=\"https:\/\/www.hoymercedes.com.ar\/principal\/wp-content\/uploads\/2019\/07\/12-reclamo-escuelas.jpg\" src=\"https:\/\/www.hoymercedes.com.ar\/principal\/wp-content\/uploads\/2019\/07\/12-reclamo-escuelas.jpg\" alt=\"\" class=\"wp-image-96542\" srcset=\"https:\/\/www.hoymercedes.com.ar\/principal\/wp-content\/uploads\/2019\/07\/12-reclamo-escuelas.jpg 750w, https:\/\/www.hoymercedes.com.ar\/principal\/wp-content\/uploads\/2019\/07\/12-reclamo-escuelas-150x100.jpg 150w, https:\/\/www.hoymercedes.com.ar\/principal\/wp-content\/uploads\/2019\/07\/12-reclamo-escuelas-630x420.jpg 630w, https:\/\/www.hoymercedes.com.ar\/principal\/wp-content\/uploads\/2019\/07\/12-reclamo-escuelas-720x480.jpg 720w, https:\/\/www.hoymercedes.com.ar\/principal\/wp-content\/uploads\/2019\/07\/12-reclamo-escuelas-360x240.jpg 360w\" sizes=\"auto, (max-width: 750px) 100vw, 750px\" \/><\/figure>\n\n\n\n<p>Promediando\nla ma\u00f1ana de este jueves, desde la Plaza San Mart\u00edn march\u00f3 una peque\u00f1a marcha\nde estudiantes secundarios de distintos establecimientos acompa\u00f1ados con\nrepresentantes del gremio docente SUTEBA. El objetivo fue llegar a la sede del\nConsejo Escolar y hablar con los Consejeros por la falta de calefacci\u00f3n en\nalgunas escuelas. <\/p>\n\n\n\n<p>Estudiantes\nsecundarios de Nacional (EES N\u00b03), T\u00e9cnica N\u00b0 1 (EET N\u00b0 1), Media N\u00b0 1 (EES N\u00b0\n1) y &nbsp;Normal (EES N\u00b0 5), acompa\u00f1ados por\ndocentes, padres y representantes del gremio SUTEBA emprendieron la marcha por\nlas calles c\u00e9ntricas para luego encontrarse en el Consejo Escolar con los\nconsejeros Jos\u00e9 Luis Pisano y Agust\u00edn Bavastro. <\/p>\n\n\n\n<p>Previo paso\npor las sedes de la Inspecci\u00f3n Regional y por la Inspecci\u00f3n Distrital, la\nmarcha ten\u00eda como motivo principal la falta de calefacci\u00f3n en algunas escuelas\nde Mercedes. \u201cNosotros calculamos que son 2500 alumnos sin calefacci\u00f3n en la\ntotalidad de los establecimientos afectados. Algunas de las escuelas\nsuspendieron sus clases por ese motivo. Lo ven\u00edamos anunciando hace algunas\nsemanas cuando acompa\u00f1amos a los padres de las escuelas de Garc\u00eda\u201d, expres\u00f3\nFabi\u00e1n D\u00edaz, Secretario General de SUTEBA Mercedes. <\/p>\n\n\n\n<p>La reuni\u00f3n\nentre estudiantes, docentes y consejeros escolares se centr\u00f3 en las diferentes\nproblem\u00e1ticas de infraestructura que viven en las escuelas de la ciudad. Fueron\nlos estudiantes los que m\u00e1s preguntaron, a lo que le respondieron que el\ntrabajo era permanente en la b\u00fasqueda de solucionar todos los planteos. Adem\u00e1s,\nlos consejeros les recordaron a los estudiantes de Normal presentes que la obra\ntiene un plazo de un a\u00f1o, fecha que se vencer\u00eda reci\u00e9n en noviembre venidero, y\npor la cual es frecuente la suspensi\u00f3n de clases para llevar adelante los\ntrabajos son alumnos y docentes dentro del edificio. <\/p>\n\n\n\n<p>Los\nestudiantes, docentes y consejeros escolares labraron un acta donde se\nexplicit\u00f3 las problem\u00e1ticas de las escuelas locales. All\u00ed se explicita: <br>\nEES N\u00b0 3: caldera, humedad en paredes, mobiliario, ba\u00f1os<br>\nEET N\u00b0 1: calefacci\u00f3n, mobiliario, comedor<br>\nEET N\u00b0 2: techo sal\u00f3n del 2\u00b0 piso<br>\nEES N\u00b0 1: calefacci\u00f3n, pared\u00f3n patio, servicio alimentario escolar<br>\nEES N\u00b0 13: arreglo del edificio de la calle 6 o asignar un edificio propio y\ncalefacci\u00f3n en los espacios donde est\u00e1n hoy en la Primaria N\u00b0 11<br>\nEES N\u00b0 12: calefactores<br>\nCENS N\u00b0 451 (comparte edificio son la EES N\u00b0 12 actualmente): calefactores <\/p>\n\n\n\n<p>El acta\nser\u00e1 elevada a la Unidad Educativa de Gesti\u00f3n Distrital (UEGD) que mantendr\u00eda\nuna reuni\u00f3n este viernes a fin de acelerar las obras y arreglos necesarios para\nlas escuelas citadas. <\/p>\n","protected":false},"excerpt":{"rendered":"<p>Marcharon desde la Plaza San Mart\u00edn hasta el Consejo Escolar acompa\u00f1ados por padres, docentes y representantes gremiales. Fueron atendidos por &#8230; <a title=\"Estudiantes secundarios reclamaron por falta de calefacci\u00f3n en distintas escuelas\" class=\"read-more\" href=\"https:\/\/www.hoymercedes.com.ar\/principal\/2019\/07\/12\/estudiantes-secundarios-reclamaron-por-falta-de-calefaccion-en-distintas-escuelas\/\" aria-label=\"Leer m\u00e1s sobre Estudiantes secundarios reclamaron por falta de calefacci\u00f3n en distintas escuelas\">Leer m\u00e1s<\/a><\/p>\n","protected":false},"author":1,"featured_media":96542,"comment_status":"closed","ping_status":"open","sticky":false,"template":"","format":"standard","meta":{"_monsterinsights_skip_tracking":false,"_monsterinsights_sitenote_active":false,"_monsterinsights_sitenote_note":"","_monsterinsights_sitenote_category":0,"jetpack_post_was_ever_published":false,"_jetpack_newsletter_access":"","_jetpack_dont_email_post_to_subs":false,"_jetpack_newsletter_tier_id":0,"_jetpack_memberships_contains_paywalled_content":false,"_jetpack_memberships_contains_paid_content":false,"footnotes":"","jetpack_publicize_message":"","jetpack_publicize_feature_enabled":true,"jetpack_social_post_already_shared":true,"jetpack_social_options":{"image_generator_settings":{"template":"highway","default_image_id":0,"font":"","enabled":false},"version":2},"_wpas_customize_per_network":false},"categories":[23],"tags":[1317,47,5597,100],"class_list":["post-96540","post","type-post","status-publish","format-standard","has-post-thumbnail","hentry","category-educacion","tag-consejo-escolar","tag-educacion-2","tag-infraestructura","tag-reclamo","generate-columns","tablet-grid-50","mobile-grid-100","grid-parent","grid-50"],"jetpack_publicize_connections":[],"jetpack_featured_media_url":"https:\/\/www.hoymercedes.com.ar\/principal\/wp-content\/uploads\/2019\/07\/12-reclamo-escuelas.jpg","wps_subtitle":"Durante la ma\u00f1ana del jueves","jetpack_sharing_enabled":true,"_links":{"self":[{"href":"https:\/\/www.hoymercedes.com.ar\/principal\/wp-json\/wp\/v2\/posts\/96540","targetHints":{"allow":["GET"]}}],"collection":[{"href":"https:\/\/www.hoymercedes.com.ar\/principal\/wp-json\/wp\/v2\/posts"}],"about":[{"href":"https:\/\/www.hoymercedes.com.ar\/principal\/wp-json\/wp\/v2\/types\/post"}],"author":[{"embeddable":true,"href":"https:\/\/www.hoymercedes.com.ar\/principal\/wp-json\/wp\/v2\/users\/1"}],"replies":[{"embeddable":true,"href":"https:\/\/www.hoymercedes.com.ar\/principal\/wp-json\/wp\/v2\/comments?post=96540"}],"version-history":[{"count":0,"href":"https:\/\/www.hoymercedes.com.ar\/principal\/wp-json\/wp\/v2\/posts\/96540\/revisions"}],"wp:featuredmedia":[{"embeddable":true,"href":"https:\/\/www.hoymercedes.com.ar\/principal\/wp-json\/wp\/v2\/media\/96542"}],"wp:attachment":[{"href":"https:\/\/www.hoymercedes.com.ar\/principal\/wp-json\/wp\/v2\/media?parent=96540"}],"wp:term":[{"taxonomy":"category","embeddable":true,"href":"https:\/\/www.hoymercedes.com.ar\/principal\/wp-json\/wp\/v2\/categories?post=96540"},{"taxonomy":"post_tag","embeddable":true,"href":"https:\/\/www.hoymercedes.com.ar\/principal\/wp-json\/wp\/v2\/tags?post=96540"}],"curies":[{"name":"wp","href":"https:\/\/api.w.org\/{rel}","templated":true}]}}