{"id":96545,"date":"2019-07-12T10:45:56","date_gmt":"2019-07-12T13:45:56","guid":{"rendered":"http:\/\/www.hoymercedes.com.ar\/principal\/?p=96545"},"modified":"2019-07-12T15:19:11","modified_gmt":"2019-07-12T18:19:11","slug":"pondran-en-marcha-nuevo-consultorio-odontologico-municipal","status":"publish","type":"post","link":"https:\/\/www.hoymercedes.com.ar\/principal\/2019\/07\/12\/pondran-en-marcha-nuevo-consultorio-odontologico-municipal\/","title":{"rendered":"Pondr\u00e1n en marcha nuevo consultorio odontol\u00f3gico municipal"},"content":{"rendered":"\n<p>El Municipio de Mercedes est\u00e1 pr\u00f3ximo a inaugurar el sexto consultorio odontol\u00f3gico en la localidad de Agote. Dentro del inmenso plan de obras llevado adelante desde la comuna local, se planific\u00f3 y se est\u00e1 ejecutando este lugar que traer\u00e1 bienestar a un sector de la poblaci\u00f3n que antes no era tenida en cuenta. <\/p>\n\n\n\n<figure class=\"wp-block-image\"><img loading=\"lazy\" decoding=\"async\" width=\"750\" height=\"563\" data-attachment-id=\"96546\" data-permalink=\"https:\/\/www.hoymercedes.com.ar\/principal\/2019\/07\/12\/pondran-en-marcha-nuevo-consultorio-odontologico-municipal\/12-caps-agote\/#main\" data-orig-file=\"https:\/\/www.hoymercedes.com.ar\/principal\/wp-content\/uploads\/2019\/07\/12-caps-Agote.jpeg\" data-orig-size=\"750,563\" data-comments-opened=\"0\" data-image-meta=\"{&quot;aperture&quot;:&quot;0&quot;,&quot;credit&quot;:&quot;&quot;,&quot;camera&quot;:&quot;&quot;,&quot;caption&quot;:&quot;&quot;,&quot;created_timestamp&quot;:&quot;0&quot;,&quot;copyright&quot;:&quot;&quot;,&quot;focal_length&quot;:&quot;0&quot;,&quot;iso&quot;:&quot;0&quot;,&quot;shutter_speed&quot;:&quot;0&quot;,&quot;title&quot;:&quot;&quot;,&quot;orientation&quot;:&quot;0&quot;}\" data-image-title=\"12 caps Agote\" data-image-description=\"\" data-image-caption=\"\" data-large-file=\"https:\/\/www.hoymercedes.com.ar\/principal\/wp-content\/uploads\/2019\/07\/12-caps-Agote.jpeg\" src=\"https:\/\/www.hoymercedes.com.ar\/principal\/wp-content\/uploads\/2019\/07\/12-caps-Agote.jpeg\" alt=\"\" class=\"wp-image-96546\" srcset=\"https:\/\/www.hoymercedes.com.ar\/principal\/wp-content\/uploads\/2019\/07\/12-caps-Agote.jpeg 750w, https:\/\/www.hoymercedes.com.ar\/principal\/wp-content\/uploads\/2019\/07\/12-caps-Agote-150x113.jpeg 150w, https:\/\/www.hoymercedes.com.ar\/principal\/wp-content\/uploads\/2019\/07\/12-caps-Agote-630x473.jpeg 630w, https:\/\/www.hoymercedes.com.ar\/principal\/wp-content\/uploads\/2019\/07\/12-caps-Agote-320x240.jpeg 320w, https:\/\/www.hoymercedes.com.ar\/principal\/wp-content\/uploads\/2019\/07\/12-caps-Agote-100x75.jpeg 100w\" sizes=\"auto, (max-width: 750px) 100vw, 750px\" \/><\/figure>\n\n\n\n<p>Esta obra est\u00e1 enmarcada dentro de una importante refacci\u00f3n y remodelaci\u00f3n de este Centro de Atenci\u00f3n Primaria de la Salud. Misma que conllevar\u00e1 una inversi\u00f3n de un $1.400.000 de fondos municipales.<\/p>\n\n\n\n<p>El Secretario de Salud, el m\u00e9dico Pablo Cassiani destac\u00f3 que buscan ampliar el plan de salud bucal, tal es as\u00ed que en los pr\u00f3ximos d\u00edas habilitar\u00e1n el sexto consultorio odontol\u00f3gico. \u00c9ste ser\u00e1 en el CAPS de Agote para atender a los vecinos de las zona rural aleda\u00f1a. <\/p>\n\n\n\n<p>Fuente: Prensa Municipal<\/p>\n\n\n\n<p><br><\/p>\n","protected":false},"excerpt":{"rendered":"<p>El Municipio de Mercedes est\u00e1 pr\u00f3ximo a inaugurar el sexto consultorio odontol\u00f3gico en la localidad de Agote. Dentro del inmenso &#8230; <a title=\"Pondr\u00e1n en marcha nuevo consultorio odontol\u00f3gico municipal\" class=\"read-more\" href=\"https:\/\/www.hoymercedes.com.ar\/principal\/2019\/07\/12\/pondran-en-marcha-nuevo-consultorio-odontologico-municipal\/\" aria-label=\"Leer m\u00e1s sobre Pondr\u00e1n en marcha nuevo consultorio odontol\u00f3gico municipal\">Leer m\u00e1s<\/a><\/p>\n","protected":false},"author":1,"featured_media":96546,"comment_status":"closed","ping_status":"open","sticky":false,"template":"","format":"standard","meta":{"_monsterinsights_skip_tracking":false,"_monsterinsights_sitenote_active":false,"_monsterinsights_sitenote_note":"","_monsterinsights_sitenote_category":0,"jetpack_post_was_ever_published":false,"_jetpack_newsletter_access":"","_jetpack_dont_email_post_to_subs":false,"_jetpack_newsletter_tier_id":0,"_jetpack_memberships_contains_paywalled_content":false,"_jetpack_memberships_contains_paid_content":false,"footnotes":"","jetpack_publicize_message":"","jetpack_publicize_feature_enabled":true,"jetpack_social_post_already_shared":true,"jetpack_social_options":{"image_generator_settings":{"template":"highway","default_image_id":0,"font":"","enabled":false},"version":2},"_wpas_customize_per_network":false},"categories":[30],"tags":[14249,244],"class_list":["post-96545","post","type-post","status-publish","format-standard","has-post-thumbnail","hentry","category-municipio","tag-consultorio-odontologico","tag-municipio-2","generate-columns","tablet-grid-50","mobile-grid-100","grid-parent","grid-50"],"jetpack_publicize_connections":[],"jetpack_featured_media_url":"https:\/\/www.hoymercedes.com.ar\/principal\/wp-content\/uploads\/2019\/07\/12-caps-Agote.jpeg","wps_subtitle":"En el CAPS de Agote","jetpack_sharing_enabled":true,"_links":{"self":[{"href":"https:\/\/www.hoymercedes.com.ar\/principal\/wp-json\/wp\/v2\/posts\/96545","targetHints":{"allow":["GET"]}}],"collection":[{"href":"https:\/\/www.hoymercedes.com.ar\/principal\/wp-json\/wp\/v2\/posts"}],"about":[{"href":"https:\/\/www.hoymercedes.com.ar\/principal\/wp-json\/wp\/v2\/types\/post"}],"author":[{"embeddable":true,"href":"https:\/\/www.hoymercedes.com.ar\/principal\/wp-json\/wp\/v2\/users\/1"}],"replies":[{"embeddable":true,"href":"https:\/\/www.hoymercedes.com.ar\/principal\/wp-json\/wp\/v2\/comments?post=96545"}],"version-history":[{"count":0,"href":"https:\/\/www.hoymercedes.com.ar\/principal\/wp-json\/wp\/v2\/posts\/96545\/revisions"}],"wp:featuredmedia":[{"embeddable":true,"href":"https:\/\/www.hoymercedes.com.ar\/principal\/wp-json\/wp\/v2\/media\/96546"}],"wp:attachment":[{"href":"https:\/\/www.hoymercedes.com.ar\/principal\/wp-json\/wp\/v2\/media?parent=96545"}],"wp:term":[{"taxonomy":"category","embeddable":true,"href":"https:\/\/www.hoymercedes.com.ar\/principal\/wp-json\/wp\/v2\/categories?post=96545"},{"taxonomy":"post_tag","embeddable":true,"href":"https:\/\/www.hoymercedes.com.ar\/principal\/wp-json\/wp\/v2\/tags?post=96545"}],"curies":[{"name":"wp","href":"https:\/\/api.w.org\/{rel}","templated":true}]}}