{"id":96570,"date":"2019-07-12T20:42:10","date_gmt":"2019-07-12T23:42:10","guid":{"rendered":"http:\/\/www.hoymercedes.com.ar\/principal\/?p=96570"},"modified":"2019-07-13T08:57:32","modified_gmt":"2019-07-13T11:57:32","slug":"programa-mil-dias-iniciaron-ciclo-de-capacitacion-en-primera-infancia","status":"publish","type":"post","link":"https:\/\/www.hoymercedes.com.ar\/principal\/2019\/07\/12\/programa-mil-dias-iniciaron-ciclo-de-capacitacion-en-primera-infancia\/","title":{"rendered":"Programa Mil D\u00edas: Iniciaron ciclo de capacitaci\u00f3n en Primera Infancia"},"content":{"rendered":"\n<p><em>El primer encuentro se centr\u00f3 en los juegos y objetos l\u00fadicos en las infancias y el impacto de la tecnolog\u00eda en los ni\u00f1os y ni\u00f1as. Continuar\u00e1n una vez por mes con otros aspectos relacionados con los desaf\u00edos de los adultos en las infancias atravesadas por el mundo digital <\/em>. <\/p>\n\n\n\n<figure class=\"wp-block-image\"><img loading=\"lazy\" decoding=\"async\" width=\"750\" height=\"499\" data-attachment-id=\"96572\" data-permalink=\"https:\/\/www.hoymercedes.com.ar\/principal\/2019\/07\/12\/programa-mil-dias-iniciaron-ciclo-de-capacitacion-en-primera-infancia\/capacitacionsapi13-2\/#main\" data-orig-file=\"https:\/\/www.hoymercedes.com.ar\/principal\/wp-content\/uploads\/2019\/07\/capacitacionsapi13-2.jpg\" data-orig-size=\"750,499\" data-comments-opened=\"0\" data-image-meta=\"{&quot;aperture&quot;:&quot;0&quot;,&quot;credit&quot;:&quot;&quot;,&quot;camera&quot;:&quot;&quot;,&quot;caption&quot;:&quot;&quot;,&quot;created_timestamp&quot;:&quot;0&quot;,&quot;copyright&quot;:&quot;&quot;,&quot;focal_length&quot;:&quot;0&quot;,&quot;iso&quot;:&quot;0&quot;,&quot;shutter_speed&quot;:&quot;0&quot;,&quot;title&quot;:&quot;&quot;,&quot;orientation&quot;:&quot;0&quot;}\" data-image-title=\"capacitacionsapi13 2\" data-image-description=\"\" data-image-caption=\"\" data-large-file=\"https:\/\/www.hoymercedes.com.ar\/principal\/wp-content\/uploads\/2019\/07\/capacitacionsapi13-2.jpg\" src=\"https:\/\/www.hoymercedes.com.ar\/principal\/wp-content\/uploads\/2019\/07\/capacitacionsapi13-2.jpg\" alt=\"\" class=\"wp-image-96572\" srcset=\"https:\/\/www.hoymercedes.com.ar\/principal\/wp-content\/uploads\/2019\/07\/capacitacionsapi13-2.jpg 750w, https:\/\/www.hoymercedes.com.ar\/principal\/wp-content\/uploads\/2019\/07\/capacitacionsapi13-2-150x100.jpg 150w, https:\/\/www.hoymercedes.com.ar\/principal\/wp-content\/uploads\/2019\/07\/capacitacionsapi13-2-630x419.jpg 630w, https:\/\/www.hoymercedes.com.ar\/principal\/wp-content\/uploads\/2019\/07\/capacitacionsapi13-2-720x480.jpg 720w, https:\/\/www.hoymercedes.com.ar\/principal\/wp-content\/uploads\/2019\/07\/capacitacionsapi13-2-360x240.jpg 360w\" sizes=\"auto, (max-width: 750px) 100vw, 750px\" \/><\/figure>\n\n\n\n<p>Durante la ma\u00f1ana de este viernes, se llev\u00f3 adelante el primer encuentro\ndel a\u00f1o de un ciclo de capacitaciones que realiza el Municipio de Mercedes, a\ntrav\u00e9s del Programa Mil D\u00edas, y la Sociedad Argentina de Primera Instancia\n(SAPI). El primer encuentro se centr\u00f3 en los juegos y objetos l\u00fadicos de la\ninfancia y la relaci\u00f3n con las tecnolog\u00edas. Continuar\u00e1n una vez por mes con\ntem\u00e1ticas que van desde la utilizaci\u00f3n de la m\u00fasica hasta el uso de las nuevas\ntecnolog\u00edas en los ni\u00f1os y ni\u00f1as. <\/p>\n\n\n\n<p>En la sala mayor del&nbsp; teatro\nmunicipal se congregaron docentes, estudiantes de docencia, profesionales que\ntrabajan con los ni\u00f1os y ni\u00f1as de la primera infancia. Mesas redondas\ninstaladas en la sala, y trabajando en c\u00edrculo, fueron desarrollando las\nactividades propuestas por los referentes de SAPI que se hicieron presentes. <\/p>\n\n\n\n<p>En la primera parte, el Lic. en Psicolog\u00eda Juan Augusto Laplacette brind\u00f3\nuna charla sobre el acompa\u00f1amiento l\u00fadico atravesado por las pantallas. El\nimpacto que el mundo digital se produce en los ni\u00f1os y ni\u00f1as. As\u00ed dio\nherramientas para afrontar los nuevos desaf\u00edos y tensiones en los cuidados\ntempranos. Luego, iniciaron con el taller propiamente dicho en donde los\nilustradores Cristian Turdera y Emilio Gar\u00f3falo aportaron propuestas para\nconsiderar los objetos l\u00fadicos y los juegos como forma de pensamiento. <\/p>\n\n\n\n<p>La jornada del viernes se centr\u00f3 en las dimensiones del juego con el uso de las TICs (tecnolog\u00edas de la informaci\u00f3n y la comunicaci\u00f3n). Pero contin\u00faan el mes pr\u00f3ximo. El 30 de agosto, el taller que dar\u00e1n abierto a la comunidad tiene como t\u00edtulo \u201cBajo el Cielo de las Pantallas\u201d. En septiembre, el d\u00eda 27, la propuesta relaciona a las pantallas con los sonidos y la m\u00fasica. En tanto, el 25 de octubre el taller se titula: \u201cNi\u00f1os, Padres, Pediatra\u2026 Pantallas y Tecnolog\u00eda. Prohibida la Educaci\u00f3n a\u00a0Distancia. Desnutrici\u00f3n interaccional y otros riesgos tempranos\u201d. El cierre del ciclo ser\u00e1 el 29 de noviembre con un trabajo de integraci\u00f3n y puesta en com\u00fan y una propuesta de trabajo basada en el\u00a0relevamiento de n\u00facleos problem\u00e1ticos y principales inquietudes evidenciadas\u00a0durante los cuatro talleres previos. <\/p>\n\n\n\n<figure class=\"wp-block-image\"><img loading=\"lazy\" decoding=\"async\" width=\"750\" height=\"500\" data-attachment-id=\"96571\" data-permalink=\"https:\/\/www.hoymercedes.com.ar\/principal\/2019\/07\/12\/programa-mil-dias-iniciaron-ciclo-de-capacitacion-en-primera-infancia\/capacitacionsapi13-1\/#main\" data-orig-file=\"https:\/\/www.hoymercedes.com.ar\/principal\/wp-content\/uploads\/2019\/07\/capacitacionsapi13-1.jpg\" data-orig-size=\"750,500\" data-comments-opened=\"0\" data-image-meta=\"{&quot;aperture&quot;:&quot;0&quot;,&quot;credit&quot;:&quot;&quot;,&quot;camera&quot;:&quot;&quot;,&quot;caption&quot;:&quot;&quot;,&quot;created_timestamp&quot;:&quot;0&quot;,&quot;copyright&quot;:&quot;&quot;,&quot;focal_length&quot;:&quot;0&quot;,&quot;iso&quot;:&quot;0&quot;,&quot;shutter_speed&quot;:&quot;0&quot;,&quot;title&quot;:&quot;&quot;,&quot;orientation&quot;:&quot;0&quot;}\" data-image-title=\"capacitacionsapi13 1\" data-image-description=\"\" data-image-caption=\"\" data-large-file=\"https:\/\/www.hoymercedes.com.ar\/principal\/wp-content\/uploads\/2019\/07\/capacitacionsapi13-1.jpg\" src=\"https:\/\/www.hoymercedes.com.ar\/principal\/wp-content\/uploads\/2019\/07\/capacitacionsapi13-1.jpg\" alt=\"\" class=\"wp-image-96571\" srcset=\"https:\/\/www.hoymercedes.com.ar\/principal\/wp-content\/uploads\/2019\/07\/capacitacionsapi13-1.jpg 750w, https:\/\/www.hoymercedes.com.ar\/principal\/wp-content\/uploads\/2019\/07\/capacitacionsapi13-1-150x100.jpg 150w, https:\/\/www.hoymercedes.com.ar\/principal\/wp-content\/uploads\/2019\/07\/capacitacionsapi13-1-630x420.jpg 630w, https:\/\/www.hoymercedes.com.ar\/principal\/wp-content\/uploads\/2019\/07\/capacitacionsapi13-1-720x480.jpg 720w, https:\/\/www.hoymercedes.com.ar\/principal\/wp-content\/uploads\/2019\/07\/capacitacionsapi13-1-360x240.jpg 360w\" sizes=\"auto, (max-width: 750px) 100vw, 750px\" \/><\/figure>\n\n\n\n<p><strong>Acto\ninaugural<\/strong><\/p>\n\n\n\n<p>Tras la charla del Psic\u00f3logo Laplacette, se realiz\u00f3 la apertura oficial\ndel ciclo de capacitaci\u00f3n mensual. En ese contexto, tomaron la palabra el\nIntendente Municipal Juan Ignacio Ustarroz y la Lic. Graciela Ottaviano, representante de SAPI. Ambos\nresumieron el acuerdo institucional para formalizar el inicio de la\ncapacitaci\u00f3n que se extender\u00e1 hasta fin de a\u00f1o. <\/p>\n\n\n\n<p>\u201cComo\nciudad arbitramos todos los medios a nuestro alcance para poder cuidar,\nproteger y resguardar a la primera infancia. Con quienes tienen\nresponsabilidades institucionales con los ni\u00f1os y ni\u00f1as, debemos brindarles\nherramientas, o repensar las que hay, en funci\u00f3n de los cambios culturales que\ntraen aparejadas las nuevas tecnolog\u00edas\u201d, expres\u00f3 el Jefe Comunal. <\/p>\n\n\n\n<p>Por su parte, Ottaviano dio cuenta de la intenci\u00f3n de SAPI de \u201ccambiar el mundo a trav\u00e9s de peque\u00f1as cosas, volviendo a lo sencillo, y volver al juego es justamente eso, viendo desde que lugar tiene que estar el ni\u00f1o, la familia, cu\u00e1les son sus inter\u00e9s, etc. Creemos que el eje fundamental es la atenci\u00f3n hacia el ni\u00f1o y la familia. Lo fundamental es que los adultos podamos entender que cosas promueven el desarrollo del ni\u00f1o y que cosas no, y estar atento al tiempo. Lo que m\u00e1s preocupa de la tecnolog\u00eda y los avances son los contenidos que se consumen, estar atentos y saber cu\u00e1les son los riesgos\u201d.\u00a0<\/p>\n\n\n\n<p>Colaboraci\u00f3n Diario El Oeste<\/p>\n","protected":false},"excerpt":{"rendered":"<p>El primer encuentro se centr\u00f3 en los juegos y objetos l\u00fadicos en las infancias y el impacto de la tecnolog\u00eda &#8230; <a title=\"Programa Mil D\u00edas: Iniciaron ciclo de capacitaci\u00f3n en Primera Infancia\" class=\"read-more\" href=\"https:\/\/www.hoymercedes.com.ar\/principal\/2019\/07\/12\/programa-mil-dias-iniciaron-ciclo-de-capacitacion-en-primera-infancia\/\" aria-label=\"Leer m\u00e1s sobre Programa Mil D\u00edas: Iniciaron ciclo de capacitaci\u00f3n en Primera Infancia\">Leer m\u00e1s<\/a><\/p>\n","protected":false},"author":1,"featured_media":96571,"comment_status":"closed","ping_status":"open","sticky":false,"template":"","format":"standard","meta":{"_monsterinsights_skip_tracking":false,"_monsterinsights_sitenote_active":false,"_monsterinsights_sitenote_note":"","_monsterinsights_sitenote_category":0,"jetpack_post_was_ever_published":false,"_jetpack_newsletter_access":"","_jetpack_dont_email_post_to_subs":false,"_jetpack_newsletter_tier_id":0,"_jetpack_memberships_contains_paywalled_content":false,"_jetpack_memberships_contains_paid_content":false,"footnotes":"","jetpack_publicize_message":"","jetpack_publicize_feature_enabled":true,"jetpack_social_post_already_shared":true,"jetpack_social_options":{"image_generator_settings":{"template":"highway","default_image_id":0,"font":"","enabled":false},"version":2},"_wpas_customize_per_network":false},"categories":[30],"tags":[8656,244,15479,11368],"class_list":["post-96570","post","type-post","status-publish","format-standard","has-post-thumbnail","hentry","category-municipio","tag-capacitacion","tag-municipio-2","tag-primeras-infancias","tag-programa-mil-dias","generate-columns","tablet-grid-50","mobile-grid-100","grid-parent","grid-50"],"jetpack_publicize_connections":[],"jetpack_featured_media_url":"https:\/\/www.hoymercedes.com.ar\/principal\/wp-content\/uploads\/2019\/07\/capacitacionsapi13-1.jpg","wps_subtitle":"El primer encuentro fue el viernes","jetpack_sharing_enabled":true,"_links":{"self":[{"href":"https:\/\/www.hoymercedes.com.ar\/principal\/wp-json\/wp\/v2\/posts\/96570","targetHints":{"allow":["GET"]}}],"collection":[{"href":"https:\/\/www.hoymercedes.com.ar\/principal\/wp-json\/wp\/v2\/posts"}],"about":[{"href":"https:\/\/www.hoymercedes.com.ar\/principal\/wp-json\/wp\/v2\/types\/post"}],"author":[{"embeddable":true,"href":"https:\/\/www.hoymercedes.com.ar\/principal\/wp-json\/wp\/v2\/users\/1"}],"replies":[{"embeddable":true,"href":"https:\/\/www.hoymercedes.com.ar\/principal\/wp-json\/wp\/v2\/comments?post=96570"}],"version-history":[{"count":0,"href":"https:\/\/www.hoymercedes.com.ar\/principal\/wp-json\/wp\/v2\/posts\/96570\/revisions"}],"wp:featuredmedia":[{"embeddable":true,"href":"https:\/\/www.hoymercedes.com.ar\/principal\/wp-json\/wp\/v2\/media\/96571"}],"wp:attachment":[{"href":"https:\/\/www.hoymercedes.com.ar\/principal\/wp-json\/wp\/v2\/media?parent=96570"}],"wp:term":[{"taxonomy":"category","embeddable":true,"href":"https:\/\/www.hoymercedes.com.ar\/principal\/wp-json\/wp\/v2\/categories?post=96570"},{"taxonomy":"post_tag","embeddable":true,"href":"https:\/\/www.hoymercedes.com.ar\/principal\/wp-json\/wp\/v2\/tags?post=96570"}],"curies":[{"name":"wp","href":"https:\/\/api.w.org\/{rel}","templated":true}]}}