{"id":96582,"date":"2019-07-13T10:30:47","date_gmt":"2019-07-13T13:30:47","guid":{"rendered":"http:\/\/www.hoymercedes.com.ar\/principal\/?p=96582"},"modified":"2019-07-13T13:10:17","modified_gmt":"2019-07-13T16:10:17","slug":"muere-joven-en-siniestro-vial-en-ruta-41","status":"publish","type":"post","link":"https:\/\/www.hoymercedes.com.ar\/principal\/2019\/07\/13\/muere-joven-en-siniestro-vial-en-ruta-41\/","title":{"rendered":"Muere joven en siniestro vial en ruta 41"},"content":{"rendered":"\n<p>Cerca de la medianoche del viernes 12,  Franco Lacanette (30) oriundo de San Andr\u00e9s de Giles, perdi\u00f3 el control de su veh\u00edculo Ford Ka de color blanco sobre Ruta Provincial N\u00b0 41 en jurisdicci\u00f3n Mercedes.<\/p>\n\n\n\n<figure class=\"wp-block-image\"><img loading=\"lazy\" decoding=\"async\" width=\"800\" height=\"619\" data-attachment-id=\"96583\" data-permalink=\"https:\/\/www.hoymercedes.com.ar\/principal\/2019\/07\/13\/muere-joven-en-siniestro-vial-en-ruta-41\/13-sinies-gilesx619\/#main\" data-orig-file=\"https:\/\/www.hoymercedes.com.ar\/principal\/wp-content\/uploads\/2019\/07\/13-sinies-Gilesx619.jpeg\" data-orig-size=\"800,619\" data-comments-opened=\"0\" data-image-meta=\"{&quot;aperture&quot;:&quot;0&quot;,&quot;credit&quot;:&quot;&quot;,&quot;camera&quot;:&quot;&quot;,&quot;caption&quot;:&quot;&quot;,&quot;created_timestamp&quot;:&quot;0&quot;,&quot;copyright&quot;:&quot;&quot;,&quot;focal_length&quot;:&quot;0&quot;,&quot;iso&quot;:&quot;0&quot;,&quot;shutter_speed&quot;:&quot;0&quot;,&quot;title&quot;:&quot;&quot;,&quot;orientation&quot;:&quot;0&quot;}\" data-image-title=\"13 sinies Gilesx619\" data-image-description=\"\" data-image-caption=\"\" data-large-file=\"https:\/\/www.hoymercedes.com.ar\/principal\/wp-content\/uploads\/2019\/07\/13-sinies-Gilesx619.jpeg\" src=\"https:\/\/www.hoymercedes.com.ar\/principal\/wp-content\/uploads\/2019\/07\/13-sinies-Gilesx619.jpeg\" alt=\"\" class=\"wp-image-96583\" srcset=\"https:\/\/www.hoymercedes.com.ar\/principal\/wp-content\/uploads\/2019\/07\/13-sinies-Gilesx619.jpeg 800w, https:\/\/www.hoymercedes.com.ar\/principal\/wp-content\/uploads\/2019\/07\/13-sinies-Gilesx619-150x116.jpeg 150w, https:\/\/www.hoymercedes.com.ar\/principal\/wp-content\/uploads\/2019\/07\/13-sinies-Gilesx619-630x487.jpeg 630w\" sizes=\"auto, (max-width: 800px) 100vw, 800px\" \/><\/figure>\n\n\n\n<p>El despiste termin\u00f3 en un fuerte vuelco con heridas mortales para el joven que conduc\u00eda el auto. Lacanette, que se encontraba cursando una carrera universitaria y se desempe\u00f1aba como agente municipal de la vecina localidad, perdi\u00f3 la vida al instante.<\/p>\n\n\n\n<p>Los peritos est\u00e1n tratando de esclarecer las causas del siniestro. Este accidente pone de luto a la comunidad gilense que vuelve a despedir a un reconocido joven por una cuesti\u00f3n vial.<\/p>\n\n\n\n<p>Fuente: Info Ciudad de San Andres de Giles<\/p>\n","protected":false},"excerpt":{"rendered":"<p>Cerca de la medianoche del viernes 12, Franco Lacanette (30) oriundo de San Andr\u00e9s de Giles, perdi\u00f3 el control de &#8230; <a title=\"Muere joven en siniestro vial en ruta 41\" class=\"read-more\" href=\"https:\/\/www.hoymercedes.com.ar\/principal\/2019\/07\/13\/muere-joven-en-siniestro-vial-en-ruta-41\/\" aria-label=\"Leer m\u00e1s sobre Muere joven en siniestro vial en ruta 41\">Leer m\u00e1s<\/a><\/p>\n","protected":false},"author":1,"featured_media":96583,"comment_status":"closed","ping_status":"open","sticky":false,"template":"","format":"standard","meta":{"_monsterinsights_skip_tracking":false,"_monsterinsights_sitenote_active":false,"_monsterinsights_sitenote_note":"","_monsterinsights_sitenote_category":0,"jetpack_post_was_ever_published":false,"_jetpack_newsletter_access":"","_jetpack_dont_email_post_to_subs":false,"_jetpack_newsletter_tier_id":0,"_jetpack_memberships_contains_paywalled_content":false,"_jetpack_memberships_contains_paid_content":false,"footnotes":"","jetpack_publicize_message":"","jetpack_publicize_feature_enabled":true,"jetpack_social_post_already_shared":true,"jetpack_social_options":{"image_generator_settings":{"template":"highway","default_image_id":0,"font":"","enabled":false},"version":2},"_wpas_customize_per_network":false},"categories":[85],"tags":[8777,96,1057,2123,10395],"class_list":["post-96582","post","type-post","status-publish","format-standard","has-post-thumbnail","hentry","category-policial","tag-fallecimiento","tag-policial-2","tag-regional","tag-san-andres-de-giles","tag-siniestro-vial","generate-columns","tablet-grid-50","mobile-grid-100","grid-parent","grid-50"],"jetpack_publicize_connections":[],"jetpack_featured_media_url":"https:\/\/www.hoymercedes.com.ar\/principal\/wp-content\/uploads\/2019\/07\/13-sinies-Gilesx619.jpeg","wps_subtitle":"En la noche del viernes","jetpack_sharing_enabled":true,"_links":{"self":[{"href":"https:\/\/www.hoymercedes.com.ar\/principal\/wp-json\/wp\/v2\/posts\/96582","targetHints":{"allow":["GET"]}}],"collection":[{"href":"https:\/\/www.hoymercedes.com.ar\/principal\/wp-json\/wp\/v2\/posts"}],"about":[{"href":"https:\/\/www.hoymercedes.com.ar\/principal\/wp-json\/wp\/v2\/types\/post"}],"author":[{"embeddable":true,"href":"https:\/\/www.hoymercedes.com.ar\/principal\/wp-json\/wp\/v2\/users\/1"}],"replies":[{"embeddable":true,"href":"https:\/\/www.hoymercedes.com.ar\/principal\/wp-json\/wp\/v2\/comments?post=96582"}],"version-history":[{"count":0,"href":"https:\/\/www.hoymercedes.com.ar\/principal\/wp-json\/wp\/v2\/posts\/96582\/revisions"}],"wp:featuredmedia":[{"embeddable":true,"href":"https:\/\/www.hoymercedes.com.ar\/principal\/wp-json\/wp\/v2\/media\/96583"}],"wp:attachment":[{"href":"https:\/\/www.hoymercedes.com.ar\/principal\/wp-json\/wp\/v2\/media?parent=96582"}],"wp:term":[{"taxonomy":"category","embeddable":true,"href":"https:\/\/www.hoymercedes.com.ar\/principal\/wp-json\/wp\/v2\/categories?post=96582"},{"taxonomy":"post_tag","embeddable":true,"href":"https:\/\/www.hoymercedes.com.ar\/principal\/wp-json\/wp\/v2\/tags?post=96582"}],"curies":[{"name":"wp","href":"https:\/\/api.w.org\/{rel}","templated":true}]}}