{"id":96587,"date":"2019-07-13T13:19:09","date_gmt":"2019-07-13T16:19:09","guid":{"rendered":"http:\/\/www.hoymercedes.com.ar\/principal\/?p=96587"},"modified":"2019-07-13T13:47:59","modified_gmt":"2019-07-13T16:47:59","slug":"musica-y-baile-a-beneficio-de-comedores-y-merenderos","status":"publish","type":"post","link":"https:\/\/www.hoymercedes.com.ar\/principal\/2019\/07\/13\/musica-y-baile-a-beneficio-de-comedores-y-merenderos\/","title":{"rendered":"M\u00fasica y baile a beneficio de comedores y merenderos"},"content":{"rendered":"\n<p>El \u00e1rea de Adultos Mayores del Movimiento\nEvita organiza para este domingo 14 de julio un Encuentro Cultural a beneficio\nde comedores y merenderos que desde la agrupaci\u00f3n pol\u00edtica ayudan. <\/p>\n\n\n\n<p>A partir de la hora 17, en el Centro Cultural\nTeatro Argentino, iniciar\u00e1n con bendiciones por parte de un sacerdote cat\u00f3lico\ny un pastor evang\u00e9lico, para luego desarrollar una danza a la Virgen Morenita. <\/p>\n\n\n\n<p>M\u00e1s tarde, la m\u00fasica ser\u00e1 variada. El rap\nestar\u00e1 a cargo de Juan, Arami bailar\u00e1 ante los presentes, Triana subir\u00e1 al\nescenario para cantar mel\u00f3dico, para luego darle paso al ballet \u201cHerederos de\nmi Tierra\u201d y al Centro Cultural La Oleada con zumba. <\/p>\n\n\n\n<p>Desde San Andr\u00e9s de Giles, actuar\u00e1 el Grupo\n\u201cLos Romeros\u201d, seguidos del Ballet de Integraci\u00f3n \u201cEva Duarte\u201d, el malambo de \u201cPasi\u00f3n\nGaucha\u201d, el tango de \u201cEnlazando Sue\u00f1os\u201d y el ballet 4 \u201cDejando Huella\u201d. El\ncierre estar\u00e1 a cargo de Fernando Pazos y La Yunta. <\/p>\n\n\n\n<p>La propuesta de la organizaci\u00f3n es que quienes asistan lleven alimentos no perecederos a modo de entrada. Lo recaudado permitir\u00e1 a los Adultos Mayores del Movimiento Evita y al grupo Los Misioneros de Francisco ayudar a los comederos y merenderos de los barrios Facundo Quiroga II, La Franja, El Tri\u00e1ngulo, San Justo, la Unidad de Desarrollo Infantil con cuarenta ni\u00f1os y ni\u00f1as, hijos de los cooperativistas y a personas en situaci\u00f3n de calle. <\/p>\n\n\n\n<figure class=\"wp-block-image\"><img loading=\"lazy\" decoding=\"async\" width=\"750\" height=\"750\" data-attachment-id=\"96588\" data-permalink=\"https:\/\/www.hoymercedes.com.ar\/principal\/2019\/07\/13\/musica-y-baile-a-beneficio-de-comedores-y-merenderos\/13-movevita\/#main\" data-orig-file=\"https:\/\/www.hoymercedes.com.ar\/principal\/wp-content\/uploads\/2019\/07\/13-movevita.jpg\" data-orig-size=\"750,750\" data-comments-opened=\"0\" data-image-meta=\"{&quot;aperture&quot;:&quot;0&quot;,&quot;credit&quot;:&quot;&quot;,&quot;camera&quot;:&quot;&quot;,&quot;caption&quot;:&quot;&quot;,&quot;created_timestamp&quot;:&quot;0&quot;,&quot;copyright&quot;:&quot;&quot;,&quot;focal_length&quot;:&quot;0&quot;,&quot;iso&quot;:&quot;0&quot;,&quot;shutter_speed&quot;:&quot;0&quot;,&quot;title&quot;:&quot;&quot;,&quot;orientation&quot;:&quot;0&quot;}\" data-image-title=\"13 movevita\" data-image-description=\"\" data-image-caption=\"\" data-large-file=\"https:\/\/www.hoymercedes.com.ar\/principal\/wp-content\/uploads\/2019\/07\/13-movevita.jpg\" src=\"https:\/\/www.hoymercedes.com.ar\/principal\/wp-content\/uploads\/2019\/07\/13-movevita.jpg\" alt=\"\" class=\"wp-image-96588\" srcset=\"https:\/\/www.hoymercedes.com.ar\/principal\/wp-content\/uploads\/2019\/07\/13-movevita.jpg 750w, https:\/\/www.hoymercedes.com.ar\/principal\/wp-content\/uploads\/2019\/07\/13-movevita-150x150.jpg 150w, https:\/\/www.hoymercedes.com.ar\/principal\/wp-content\/uploads\/2019\/07\/13-movevita-620x620.jpg 620w, https:\/\/www.hoymercedes.com.ar\/principal\/wp-content\/uploads\/2019\/07\/13-movevita-100x100.jpg 100w\" sizes=\"auto, (max-width: 750px) 100vw, 750px\" \/><\/figure>\n","protected":false},"excerpt":{"rendered":"<p>El \u00e1rea de Adultos Mayores del Movimiento Evita organiza para este domingo 14 de julio un Encuentro Cultural a beneficio &#8230; <a title=\"M\u00fasica y baile a beneficio de comedores y merenderos\" class=\"read-more\" href=\"https:\/\/www.hoymercedes.com.ar\/principal\/2019\/07\/13\/musica-y-baile-a-beneficio-de-comedores-y-merenderos\/\" aria-label=\"Leer m\u00e1s sobre M\u00fasica y baile a beneficio de comedores y merenderos\">Leer m\u00e1s<\/a><\/p>\n","protected":false},"author":1,"featured_media":96588,"comment_status":"closed","ping_status":"open","sticky":false,"template":"","format":"standard","meta":{"_monsterinsights_skip_tracking":false,"_monsterinsights_sitenote_active":false,"_monsterinsights_sitenote_note":"","_monsterinsights_sitenote_category":0,"jetpack_post_was_ever_published":false,"_jetpack_newsletter_access":"","_jetpack_dont_email_post_to_subs":false,"_jetpack_newsletter_tier_id":0,"_jetpack_memberships_contains_paywalled_content":false,"_jetpack_memberships_contains_paid_content":false,"footnotes":"","jetpack_publicize_message":"","jetpack_publicize_feature_enabled":true,"jetpack_social_post_already_shared":true,"jetpack_social_options":{"image_generator_settings":{"template":"highway","default_image_id":0,"font":"","enabled":false},"version":2},"_wpas_customize_per_network":false},"categories":[104],"tags":[15483,15484,10328],"class_list":["post-96587","post","type-post","status-publish","format-standard","has-post-thumbnail","hentry","category-cultura","tag-encuentro-cultural","tag-festival-de-musica-y-danza","tag-movimiento-evita","generate-columns","tablet-grid-50","mobile-grid-100","grid-parent","grid-50"],"jetpack_publicize_connections":[],"jetpack_featured_media_url":"https:\/\/www.hoymercedes.com.ar\/principal\/wp-content\/uploads\/2019\/07\/13-movevita.jpg","wps_subtitle":"","jetpack_sharing_enabled":true,"_links":{"self":[{"href":"https:\/\/www.hoymercedes.com.ar\/principal\/wp-json\/wp\/v2\/posts\/96587","targetHints":{"allow":["GET"]}}],"collection":[{"href":"https:\/\/www.hoymercedes.com.ar\/principal\/wp-json\/wp\/v2\/posts"}],"about":[{"href":"https:\/\/www.hoymercedes.com.ar\/principal\/wp-json\/wp\/v2\/types\/post"}],"author":[{"embeddable":true,"href":"https:\/\/www.hoymercedes.com.ar\/principal\/wp-json\/wp\/v2\/users\/1"}],"replies":[{"embeddable":true,"href":"https:\/\/www.hoymercedes.com.ar\/principal\/wp-json\/wp\/v2\/comments?post=96587"}],"version-history":[{"count":0,"href":"https:\/\/www.hoymercedes.com.ar\/principal\/wp-json\/wp\/v2\/posts\/96587\/revisions"}],"wp:featuredmedia":[{"embeddable":true,"href":"https:\/\/www.hoymercedes.com.ar\/principal\/wp-json\/wp\/v2\/media\/96588"}],"wp:attachment":[{"href":"https:\/\/www.hoymercedes.com.ar\/principal\/wp-json\/wp\/v2\/media?parent=96587"}],"wp:term":[{"taxonomy":"category","embeddable":true,"href":"https:\/\/www.hoymercedes.com.ar\/principal\/wp-json\/wp\/v2\/categories?post=96587"},{"taxonomy":"post_tag","embeddable":true,"href":"https:\/\/www.hoymercedes.com.ar\/principal\/wp-json\/wp\/v2\/tags?post=96587"}],"curies":[{"name":"wp","href":"https:\/\/api.w.org\/{rel}","templated":true}]}}