{"id":96595,"date":"2019-07-13T15:26:02","date_gmt":"2019-07-13T18:26:02","guid":{"rendered":"http:\/\/www.hoymercedes.com.ar\/principal\/?p=96595"},"modified":"2019-07-13T13:47:16","modified_gmt":"2019-07-13T16:47:16","slug":"el-cuidado-de-la-biodiversidad","status":"publish","type":"post","link":"https:\/\/www.hoymercedes.com.ar\/principal\/2019\/07\/13\/el-cuidado-de-la-biodiversidad\/","title":{"rendered":"El cuidado de la biodiversidad"},"content":{"rendered":"\n<p>Por  Cristi\u00e1n Frers* &#8211;  \u00abUna vez que una especie se extingue ninguna ley puede hacerla volver: se hay ido para siempre\u00bb<\/p>\n\n\n\n<p>En\nArgentina vivimos diariamente como individuos&nbsp;ajenos&nbsp;al ambiente,\npocos somos los que en verdad hacemos algo para que nuestro planeta se mantenga\nvivo por el tiempo que merece. Y hay que entender que el problema no es de\nla&nbsp;ignorancia&nbsp;de nuestros vecinos, o de la falta de&nbsp;atenci\u00f3n&nbsp;de\nnuestro compa\u00f1ero que tiro la basura al piso. El problema recae en nosotros los\nque somos&nbsp;conscientes&nbsp;de todo el da\u00f1o que le hacemos al planeta, y\nque por no perdernos el partido de&nbsp;f\u00fatbol, o la comida con la novia, no\nles decimos lo que&nbsp;est\u00e1n&nbsp;haciendo mal, pero lo m\u00e1s importante, no les\ndecimos que tienen que corregir. Es cierta la frase que dice \u00abla\nignorancia es la madre de todos los&nbsp;cr\u00edmenes\u00bb pero si nos ponemos a\npensar y vamos m\u00e1s a fondo, no podemos chocar con la realidad de que los que si\nestamos enterados y los que si tenemos una conciencia ambiental forjada, no\nhacemos nada para que esa \u00abignorancia\u00bb disminuya.&nbsp;<\/p>\n\n\n\n<p>La\nbiodiversidad es la diversidad de vida, la variedad de seres vivos que existen\nen el planeta y las relaciones que establecen entre s\u00ed y con el medio que los\nrodea, es el resultado de millones de a\u00f1os de evoluci\u00f3n. Defender la diversidad\nbiol\u00f3gica, es en otras palabras, defender la VIDA.<\/p>\n\n\n\n<p>No\nsiempre somos conscientes de la importancia de la biodiversidad, pero est\u00e1\ndefinitivamente ligada a nuestra sociedad humana. Somos biodiversidad. Su\nimportancia va m\u00e1s all\u00e1 de su valor intr\u00ednseco. Toda nuestra calidad de vida\ndepende de lo que la biodiversidad proporciona. El aire limpio, nuestros\nrecursos h\u00eddricos, los recursos naturales, m\u00e9dicos, alimentarios, provienen\ndirectamente de la biodiversidad.<\/p>\n\n\n\n<p>Y\nm\u00e1s all\u00e1, nuestra propia cultura y educaci\u00f3n ha evolucionado ligada a la\nbiodiversidad. Todo nuestro bienestar y calidad de vida dependen de ella.<\/p>\n\n\n\n<p>Nuestro\npa\u00eds es un territorio complejo, con 18 ecorregiones, yendo desde la zona\nsubtropical hasta la Ant\u00e1rtida y desde las monta\u00f1as m\u00e1s altas de Am\u00e9rica hasta\nel abismo profundo del mar. Esta diversidad ecosist\u00e9mica hace que el pa\u00eds,\nseg\u00fan su Estrategia de Biodiversidad, albergua m\u00e1s de 100.000 especies de\nartr\u00f3podos, 10.000 de plantas vasculares, 1.002 de aves, 978 de peces, 406 de\nreptiles, 385 de mam\u00edferos y 178 de anfibios. De estas especies, se estima que\nalrededor del 25 % se encuentra bajo amenaza de extinci\u00f3n. &nbsp;<strong><\/strong><\/p>\n\n\n\n<p>Un\nmill\u00f3n de especies corren riesgo de desaparecer, en los pr\u00f3ximos a\u00f1os para la\ncomunidad cient\u00edfica. Pero no todas son malas noticias: <strong>La buena noticia es que\nhay un buen diagn\u00f3stico del problema<\/strong>. Se conocen que los\nfactores principales de la degradaci\u00f3n ambiental y por consiguiente el\ndeterioro de nuestra especie es la expansi\u00f3n de la agricultura no sustentable,\nla crisis clim\u00e1tica, la contaminaci\u00f3n, la sobreexplotaci\u00f3n de recursos\nnaturales y la introducci\u00f3n de especies por fuera de su rango nativo. <strong>Para enfrentar estas amenazas,\nel desaf\u00edo es que las decisiones, tanto p\u00fablicas como privadas, se basen en los\nm\u00faltiples valores que est\u00e1n en juego y los m\u00faltiples sectores sociales que\nest\u00e1n afectados<\/strong><strong>.<\/strong><\/p>\n\n\n\n<p>La\nmeta es que nunca m\u00e1s se extinga una especie en Argentina, por eso desde la\nSecretaria de Ambiente y Desarrollo Sustentable, se ha comenzado a trabajar\nsobre&nbsp; siete especies prioritarias desde\nel a\u00f1o 2017 -tres aves, dos mam\u00edferos, un anfibio y un pez-: el cardenal\namarillo, el mac\u00e1 tobiano, el cauqu\u00e9n de cabeza colorada, el jaguar o\nyaguaret\u00e9, el venado de las pampas, la ranita del Pehuenche y la mojarra\ndesnuda.<\/p>\n\n\n\n<p>No\nsignifica que otras especies no requieran atenci\u00f3n, sino que implica un\nesfuerzo adicional en el manejo de las que est\u00e1n en estado m\u00e1s cr\u00edtico\u2026 El tema\nes: Que sucedi\u00f3 con las especies analizadas o estudiadas? Se resolvieron o\nsolucionaron sus problemas?, Como se encuentran HOY y en qu\u00e9 estado?<\/p>\n\n\n\n<p>Para\n<strong>detener la\ndestrucci\u00f3n directa de la biodiversidad<\/strong> necesitamos eliminar\nlas causas fundamentales que nos llevan a explotar el medio natural: reducir la\npresi\u00f3n sobre los ecosistemas por debajo de los l\u00edmites de un planeta finito\nimplica optar por un sistema econ\u00f3mico equitativo que integre la biodiversidad\ny los procesos naturales renunciando a los patrones de consumo irracional de\nlos pa\u00edses y optar por un sistema econ\u00f3mico equitativo que integre la\nbiodiversidad y los procesos naturales.<\/p>\n\n\n\n<p>La\nbiodiversidad tiene un papel importante&nbsp; en la identidad de sus\nciudadanos, en su producci\u00f3n y en el desarrollo cultural; es una fuente de\ninspiraci\u00f3n, producci\u00f3n y recreaci\u00f3n para distintos grupos humanos. En el\n\u00e1mbito cultural y art\u00edstico la diversidad de formas de vida constituye la base\ndel conocimiento,&nbsp;creencias religiosas o filos\u00f3ficas, que orientan el estilo\nde vida de&nbsp; las personas:&nbsp;es&nbsp; importante cuidarla ya que ponemos\nen peligro nuestra propia existencia como especie.<\/p>\n\n\n\n<p>*Cristi\u00e1n Frers \u2013 T\u00e9cnico Superior en Gesti\u00f3n Ambiental y T\u00e9cnico Superior en Comunicaci\u00f3n Social (Periodista).<\/p>\n","protected":false},"excerpt":{"rendered":"<p>Por Cristi\u00e1n Frers* &#8211; \u00abUna vez que una especie se extingue ninguna ley puede hacerla volver: se hay ido para &#8230; <a title=\"El cuidado de la biodiversidad\" class=\"read-more\" href=\"https:\/\/www.hoymercedes.com.ar\/principal\/2019\/07\/13\/el-cuidado-de-la-biodiversidad\/\" aria-label=\"Leer m\u00e1s sobre El cuidado de la biodiversidad\">Leer m\u00e1s<\/a><\/p>\n","protected":false},"author":1,"featured_media":85609,"comment_status":"closed","ping_status":"open","sticky":false,"template":"","format":"standard","meta":{"_monsterinsights_skip_tracking":false,"_monsterinsights_sitenote_active":false,"_monsterinsights_sitenote_note":"","_monsterinsights_sitenote_category":0,"jetpack_post_was_ever_published":false,"_jetpack_newsletter_access":"","_jetpack_dont_email_post_to_subs":false,"_jetpack_newsletter_tier_id":0,"_jetpack_memberships_contains_paywalled_content":false,"_jetpack_memberships_contains_paid_content":false,"footnotes":"","jetpack_publicize_message":"","jetpack_publicize_feature_enabled":true,"jetpack_social_post_already_shared":true,"jetpack_social_options":{"image_generator_settings":{"template":"highway","default_image_id":0,"font":"","enabled":false},"version":2},"_wpas_customize_per_network":false},"categories":[1],"tags":[43,8748],"class_list":["post-96595","post","type-post","status-publish","format-standard","has-post-thumbnail","hentry","category-opinion","tag-medio-ambiente","tag-opinion","generate-columns","tablet-grid-50","mobile-grid-100","grid-parent","grid-50"],"jetpack_publicize_connections":[],"jetpack_featured_media_url":"https:\/\/www.hoymercedes.com.ar\/principal\/wp-content\/uploads\/2018\/12\/16-biodiversidad-ambiente.jpg","wps_subtitle":"Ambiente","jetpack_sharing_enabled":true,"_links":{"self":[{"href":"https:\/\/www.hoymercedes.com.ar\/principal\/wp-json\/wp\/v2\/posts\/96595","targetHints":{"allow":["GET"]}}],"collection":[{"href":"https:\/\/www.hoymercedes.com.ar\/principal\/wp-json\/wp\/v2\/posts"}],"about":[{"href":"https:\/\/www.hoymercedes.com.ar\/principal\/wp-json\/wp\/v2\/types\/post"}],"author":[{"embeddable":true,"href":"https:\/\/www.hoymercedes.com.ar\/principal\/wp-json\/wp\/v2\/users\/1"}],"replies":[{"embeddable":true,"href":"https:\/\/www.hoymercedes.com.ar\/principal\/wp-json\/wp\/v2\/comments?post=96595"}],"version-history":[{"count":0,"href":"https:\/\/www.hoymercedes.com.ar\/principal\/wp-json\/wp\/v2\/posts\/96595\/revisions"}],"wp:featuredmedia":[{"embeddable":true,"href":"https:\/\/www.hoymercedes.com.ar\/principal\/wp-json\/wp\/v2\/media\/85609"}],"wp:attachment":[{"href":"https:\/\/www.hoymercedes.com.ar\/principal\/wp-json\/wp\/v2\/media?parent=96595"}],"wp:term":[{"taxonomy":"category","embeddable":true,"href":"https:\/\/www.hoymercedes.com.ar\/principal\/wp-json\/wp\/v2\/categories?post=96595"},{"taxonomy":"post_tag","embeddable":true,"href":"https:\/\/www.hoymercedes.com.ar\/principal\/wp-json\/wp\/v2\/tags?post=96595"}],"curies":[{"name":"wp","href":"https:\/\/api.w.org\/{rel}","templated":true}]}}