{"id":96619,"date":"2019-07-14T14:11:21","date_gmt":"2019-07-14T17:11:21","guid":{"rendered":"http:\/\/www.hoymercedes.com.ar\/principal\/?p=96619"},"modified":"2019-07-13T15:03:49","modified_gmt":"2019-07-13T18:03:49","slug":"martes-de-eclipse-parcial-de-luna-en-el-observatorio","status":"publish","type":"post","link":"https:\/\/www.hoymercedes.com.ar\/principal\/2019\/07\/14\/martes-de-eclipse-parcial-de-luna-en-el-observatorio\/","title":{"rendered":"Martes de eclipse parcial de Luna en el Observatorio"},"content":{"rendered":"\n<p>Desde el Observatorio Astron\u00f3mico Municipal de Mercedes se inform\u00f3 que en la tarde del pr\u00f3ximo martes 16 de julio, si las condiciones meteorol\u00f3gicas lo permiten, se podr\u00e1 observar, parcialmente en nuestra localidad, un eclipse parcial de Luna.<\/p>\n\n\n\n<figure class=\"wp-block-image\"><img loading=\"lazy\" decoding=\"async\" width=\"750\" height=\"422\" data-attachment-id=\"96620\" data-permalink=\"https:\/\/www.hoymercedes.com.ar\/principal\/2019\/07\/14\/martes-de-eclipse-parcial-de-luna-en-el-observatorio\/14-eclipse-luna-1\/#main\" data-orig-file=\"https:\/\/www.hoymercedes.com.ar\/principal\/wp-content\/uploads\/2019\/07\/14-eclipse-luna-1.jpg\" data-orig-size=\"750,422\" data-comments-opened=\"0\" data-image-meta=\"{&quot;aperture&quot;:&quot;0&quot;,&quot;credit&quot;:&quot;&quot;,&quot;camera&quot;:&quot;&quot;,&quot;caption&quot;:&quot;&quot;,&quot;created_timestamp&quot;:&quot;0&quot;,&quot;copyright&quot;:&quot;&quot;,&quot;focal_length&quot;:&quot;0&quot;,&quot;iso&quot;:&quot;0&quot;,&quot;shutter_speed&quot;:&quot;0&quot;,&quot;title&quot;:&quot;&quot;,&quot;orientation&quot;:&quot;0&quot;}\" data-image-title=\"14 eclipse luna 1\" data-image-description=\"\" data-image-caption=\"&lt;p&gt;Representaci\u00f3n de c\u00f3mo se ver\u00e1 el eclipse en su m\u00e1ximo. N\u00f3tese la umbra (rojiza, a la izquierda) y la penumbra (pr\u00e1cticamente el color normal de la Luna llena, a la derecha).&lt;\/p&gt;\n\" data-large-file=\"https:\/\/www.hoymercedes.com.ar\/principal\/wp-content\/uploads\/2019\/07\/14-eclipse-luna-1.jpg\" src=\"https:\/\/www.hoymercedes.com.ar\/principal\/wp-content\/uploads\/2019\/07\/14-eclipse-luna-1.jpg\" alt=\"\" class=\"wp-image-96620\" srcset=\"https:\/\/www.hoymercedes.com.ar\/principal\/wp-content\/uploads\/2019\/07\/14-eclipse-luna-1.jpg 750w, https:\/\/www.hoymercedes.com.ar\/principal\/wp-content\/uploads\/2019\/07\/14-eclipse-luna-1-150x84.jpg 150w, https:\/\/www.hoymercedes.com.ar\/principal\/wp-content\/uploads\/2019\/07\/14-eclipse-luna-1-630x354.jpg 630w\" sizes=\"auto, (max-width: 750px) 100vw, 750px\" \/><figcaption>Representaci\u00f3n de c\u00f3mo se ver\u00e1 el eclipse en su m\u00e1ximo. N\u00f3tese la umbra (rojiza, a la izquierda) y la penumbra (pr\u00e1cticamente el color normal de la Luna llena, a la derecha).<\/figcaption><\/figure>\n\n\n\n<p>Este fen\u00f3meno se aprecia a simple vista, sin riesgo alguno para la visi\u00f3n. No se realizar\u00e1n observaciones telesc\u00f3picas en el observatorio, debido a la baja altura. \u201cPero estaremos, a partir de las 17:30 horas, para apreciarlo a simple vista y comentarlo y dar las explicaciones del caso. Luego del eclipse observaremos con el telescopio planetas (J\u00fapiter y Saturno)\u201d indic\u00f3 El titular del Observatorio, Miguel De Laurenti.<\/p>\n\n\n\n<p>Asimismo, Miguel De Laurenti inform\u00f3 \u201crecordemos que este fen\u00f3meno se produce al interponerse la Tierra entre el Sol y la Luna (lo que ocurre s\u00f3lo cuando la \u00f3rbita lunar alrededor de la Tierra coincide con la de la Tierra alrededor del Sol, es decir atraviesa el nodo), por lo que la sombra de nuestro planeta se ve proyectada sobre nuestro sat\u00e9lite natural, que adem\u00e1s debe encontrarse en su fase \u201cllena\u201d.<\/p>\n\n\n\n<p>Un eclipse lunar se denomina parcial cuando la Luna no ingresa por completo en el cono de sombra (umbra) terrestre. Y, dependiendo de la posici\u00f3n geogr\u00e1fica del observador, se puede apreciar el eclipse en su totalidad (desde el inicio al final), o parcialmente como en este caso.<\/p>\n\n\n\n<p>\u201cLas fases del eclipse se inician cuando la Luna ingresa en el cono de penumbra y luego en el de sombra o umbra. Cuando nuestro sat\u00e9lite se encuentra en la penumbra (que es casi indetectable), pierde su brillo gradualmente hasta ingresar en la sombra&nbsp; dando inicio a la fase umbral; all\u00ed toma un color rojizo anaranjado debido a la refracci\u00f3n de la luz solar en nuestra atm\u00f3sfera. Luego la Luna se ver\u00e1 parcialmente eclipsada hasta el m\u00e1ximo de la parcialidad. Finalmente, la Luna sale del cono de sombra y luego del de penumbra, finalizando el eclipse\u201d manifest\u00f3 De Laurenti.<\/p>\n\n\n\n<p>Solo se lo podr\u00e1 observar desde poco antes del m\u00e1ximo del eclipse (salida de la Luna) hasta la finalizaci\u00f3n.<\/p>\n\n\n\n<p>Las circunstancias del eclipse, y la altura sobre el horizonte para Mercedes, son: <br>&#8211;\u00a0Luna ingresa en penumbra &#8212; 15:41:45, 22\u00ba bajo horizonte E <br>&#8211; Luna ingresa en umbra &#8212; 17:01:01, 11\u00ba bajo horizonte E<br>&#8211; M\u00e1ximo del eclipse &#8212; 18:30:26, 05\u00ba sobre horizonte E<br>&#8211; Luna egresa de umbra &#8212; 19:59:46,\u00a0 22\u00ba sobre horizonte E <br>&#8211; Luna egresa de penumbra &#8212; 21:19:09,\u00a0 26\u00ba sobre horizonte E <br><\/p>\n\n\n\n<p>La duraci\u00f3n de la fase umbral ser\u00e1 de 02 hs 59 min; y la fase penumbral 05 hs 34 min.<\/p>\n\n\n\n<figure class=\"wp-block-image\"><img loading=\"lazy\" decoding=\"async\" width=\"750\" height=\"337\" data-attachment-id=\"96621\" data-permalink=\"https:\/\/www.hoymercedes.com.ar\/principal\/2019\/07\/14\/martes-de-eclipse-parcial-de-luna-en-el-observatorio\/14-eclipse-luna-2\/#main\" data-orig-file=\"https:\/\/www.hoymercedes.com.ar\/principal\/wp-content\/uploads\/2019\/07\/14-eclipse-luna-2.jpg\" data-orig-size=\"750,337\" data-comments-opened=\"0\" data-image-meta=\"{&quot;aperture&quot;:&quot;0&quot;,&quot;credit&quot;:&quot;&quot;,&quot;camera&quot;:&quot;&quot;,&quot;caption&quot;:&quot;&quot;,&quot;created_timestamp&quot;:&quot;0&quot;,&quot;copyright&quot;:&quot;&quot;,&quot;focal_length&quot;:&quot;0&quot;,&quot;iso&quot;:&quot;0&quot;,&quot;shutter_speed&quot;:&quot;0&quot;,&quot;title&quot;:&quot;&quot;,&quot;orientation&quot;:&quot;0&quot;}\" data-image-title=\"14 eclipse luna 2\" data-image-description=\"\" data-image-caption=\"\" data-large-file=\"https:\/\/www.hoymercedes.com.ar\/principal\/wp-content\/uploads\/2019\/07\/14-eclipse-luna-2.jpg\" src=\"https:\/\/www.hoymercedes.com.ar\/principal\/wp-content\/uploads\/2019\/07\/14-eclipse-luna-2.jpg\" alt=\"\" class=\"wp-image-96621\" srcset=\"https:\/\/www.hoymercedes.com.ar\/principal\/wp-content\/uploads\/2019\/07\/14-eclipse-luna-2.jpg 750w, https:\/\/www.hoymercedes.com.ar\/principal\/wp-content\/uploads\/2019\/07\/14-eclipse-luna-2-150x67.jpg 150w, https:\/\/www.hoymercedes.com.ar\/principal\/wp-content\/uploads\/2019\/07\/14-eclipse-luna-2-630x283.jpg 630w\" sizes=\"auto, (max-width: 750px) 100vw, 750px\" \/><\/figure>\n\n\n\n<p><\/p>\n","protected":false},"excerpt":{"rendered":"<p>Desde el Observatorio Astron\u00f3mico Municipal de Mercedes se inform\u00f3 que en la tarde del pr\u00f3ximo martes 16 de julio, si &#8230; <a title=\"Martes de eclipse parcial de Luna en el Observatorio\" class=\"read-more\" href=\"https:\/\/www.hoymercedes.com.ar\/principal\/2019\/07\/14\/martes-de-eclipse-parcial-de-luna-en-el-observatorio\/\" aria-label=\"Leer m\u00e1s sobre Martes de eclipse parcial de Luna en el Observatorio\">Leer m\u00e1s<\/a><\/p>\n","protected":false},"author":1,"featured_media":96621,"comment_status":"closed","ping_status":"open","sticky":false,"template":"","format":"standard","meta":{"_monsterinsights_skip_tracking":false,"_monsterinsights_sitenote_active":false,"_monsterinsights_sitenote_note":"","_monsterinsights_sitenote_category":0,"jetpack_post_was_ever_published":false,"_jetpack_newsletter_access":"","_jetpack_dont_email_post_to_subs":false,"_jetpack_newsletter_tier_id":0,"_jetpack_memberships_contains_paywalled_content":false,"_jetpack_memberships_contains_paid_content":false,"footnotes":"","jetpack_publicize_message":"","jetpack_publicize_feature_enabled":true,"jetpack_social_post_already_shared":true,"jetpack_social_options":{"image_generator_settings":{"template":"highway","default_image_id":0,"font":"","enabled":false},"version":2},"_wpas_customize_per_network":false},"categories":[104],"tags":[15486,10908],"class_list":["post-96619","post","type-post","status-publish","format-standard","has-post-thumbnail","hentry","category-cultura","tag-eclipse-parcial-de-luna","tag-observatorio-astronomico","generate-columns","tablet-grid-50","mobile-grid-100","grid-parent","grid-50"],"jetpack_publicize_connections":[],"jetpack_featured_media_url":"https:\/\/www.hoymercedes.com.ar\/principal\/wp-content\/uploads\/2019\/07\/14-eclipse-luna-2.jpg","wps_subtitle":"Para observar el cielo","jetpack_sharing_enabled":true,"_links":{"self":[{"href":"https:\/\/www.hoymercedes.com.ar\/principal\/wp-json\/wp\/v2\/posts\/96619","targetHints":{"allow":["GET"]}}],"collection":[{"href":"https:\/\/www.hoymercedes.com.ar\/principal\/wp-json\/wp\/v2\/posts"}],"about":[{"href":"https:\/\/www.hoymercedes.com.ar\/principal\/wp-json\/wp\/v2\/types\/post"}],"author":[{"embeddable":true,"href":"https:\/\/www.hoymercedes.com.ar\/principal\/wp-json\/wp\/v2\/users\/1"}],"replies":[{"embeddable":true,"href":"https:\/\/www.hoymercedes.com.ar\/principal\/wp-json\/wp\/v2\/comments?post=96619"}],"version-history":[{"count":0,"href":"https:\/\/www.hoymercedes.com.ar\/principal\/wp-json\/wp\/v2\/posts\/96619\/revisions"}],"wp:featuredmedia":[{"embeddable":true,"href":"https:\/\/www.hoymercedes.com.ar\/principal\/wp-json\/wp\/v2\/media\/96621"}],"wp:attachment":[{"href":"https:\/\/www.hoymercedes.com.ar\/principal\/wp-json\/wp\/v2\/media?parent=96619"}],"wp:term":[{"taxonomy":"category","embeddable":true,"href":"https:\/\/www.hoymercedes.com.ar\/principal\/wp-json\/wp\/v2\/categories?post=96619"},{"taxonomy":"post_tag","embeddable":true,"href":"https:\/\/www.hoymercedes.com.ar\/principal\/wp-json\/wp\/v2\/tags?post=96619"}],"curies":[{"name":"wp","href":"https:\/\/api.w.org\/{rel}","templated":true}]}}