{"id":96635,"date":"2019-07-14T13:31:45","date_gmt":"2019-07-14T16:31:45","guid":{"rendered":"http:\/\/www.hoymercedes.com.ar\/principal\/?p=96635"},"modified":"2019-07-14T14:05:57","modified_gmt":"2019-07-14T17:05:57","slug":"mercedinos-participaron-de-plenario-de-docentes-peronistas-en-san-martin","status":"publish","type":"post","link":"https:\/\/www.hoymercedes.com.ar\/principal\/2019\/07\/14\/mercedinos-participaron-de-plenario-de-docentes-peronistas-en-san-martin\/","title":{"rendered":"Mercedinos participaron de plenario de docentes peronistas en San Mart\u00edn"},"content":{"rendered":"\n<figure class=\"wp-block-image\"><img loading=\"lazy\" decoding=\"async\" width=\"1024\" height=\"576\" data-attachment-id=\"96636\" data-permalink=\"https:\/\/www.hoymercedes.com.ar\/principal\/2019\/07\/14\/mercedinos-participaron-de-plenario-de-docentes-peronistas-en-san-martin\/img-20190713-wa0028\/#main\" data-orig-file=\"https:\/\/www.hoymercedes.com.ar\/principal\/wp-content\/uploads\/2019\/07\/IMG-20190713-WA0028.jpg\" data-orig-size=\"1152,648\" data-comments-opened=\"0\" data-image-meta=\"{&quot;aperture&quot;:&quot;0&quot;,&quot;credit&quot;:&quot;&quot;,&quot;camera&quot;:&quot;&quot;,&quot;caption&quot;:&quot;&quot;,&quot;created_timestamp&quot;:&quot;0&quot;,&quot;copyright&quot;:&quot;&quot;,&quot;focal_length&quot;:&quot;0&quot;,&quot;iso&quot;:&quot;0&quot;,&quot;shutter_speed&quot;:&quot;0&quot;,&quot;title&quot;:&quot;&quot;,&quot;orientation&quot;:&quot;0&quot;}\" data-image-title=\"IMG-20190713-WA0028\" data-image-description=\"\" data-image-caption=\"\" data-large-file=\"https:\/\/www.hoymercedes.com.ar\/principal\/wp-content\/uploads\/2019\/07\/IMG-20190713-WA0028-1024x576.jpg\" src=\"https:\/\/www.hoymercedes.com.ar\/principal\/wp-content\/uploads\/2019\/07\/IMG-20190713-WA0028-1024x576.jpg\" alt=\"\" class=\"wp-image-96636\" srcset=\"https:\/\/www.hoymercedes.com.ar\/principal\/wp-content\/uploads\/2019\/07\/IMG-20190713-WA0028-1024x576.jpg 1024w, https:\/\/www.hoymercedes.com.ar\/principal\/wp-content\/uploads\/2019\/07\/IMG-20190713-WA0028-150x84.jpg 150w, https:\/\/www.hoymercedes.com.ar\/principal\/wp-content\/uploads\/2019\/07\/IMG-20190713-WA0028-630x354.jpg 630w, https:\/\/www.hoymercedes.com.ar\/principal\/wp-content\/uploads\/2019\/07\/IMG-20190713-WA0028.jpg 1152w\" sizes=\"auto, (max-width: 1024px) 100vw, 1024px\" \/><\/figure>\n\n\n\n<p> Docentes  mercedinos, encabezados por Jorge \u201cYuyo\u201d Montaldo, participaron este  s\u00e1bado de un plenario de la Federaci\u00f3n de Agrupaciones Docentes  Peronistas N\u00e9stor Carlos Kirchner  en la ciudad de San Mart\u00edn.<br> Del c\u00f3nclave participaron  \u00a0referentes de San Martin, Moreno, Merlo, J C Paz, Pilar,  Ituzaing\u00f3, Malvinas Argentina, Chivilcoy, San Miguel, La Matanza, entre  otros. Los temas abordados tuvieron relaci\u00f3n con la situaci\u00f3n electoral  de cada distrito y la posibilidad que los docentes  nucleados en esta federaci\u00f3n se sumen a trabajar con los candidatos  locales del Frente Todos en la fiscalizaci\u00f3n de las elecciones del 11 de  agosto.<\/p>\n\n\n\n<p>\nTambi\u00e9n\n en el plenario se puso en agenda la concreci\u00f3n de nuevos encuentros, \nuno de los cuales se realizar\u00e1 en el mes de agosto en La Matanza para \ncelebrar los tres a\u00f1os de vida\n de esta nobel agrupaci\u00f3n. Ya el mediod\u00eda se comparti\u00f3 un almuerzo de \ncamarader\u00eda, del cual particip\u00f3 el intendente de San Mart\u00edn, Gabriel \nKatopodis, quien inst\u00f3 a los presentes a \u201ctrabajar el voto por el Frente\n Todos en el boca a boca, casa por casa explic\u00e1ndole\n a la gente el por qu\u00e9 este gobierno de Vidal y de Macri se tiene que ir\n en diciembre.<\/p>\n\n\n\n<p>\nLa delegaci\u00f3n de docentes mercedinos estuvo integrada por Jorge Montaldo, Mariano P\u00e9rez, Andrea Rodr\u00edguez y Lucas Mitarotonda.<\/p>\n","protected":false},"excerpt":{"rendered":"<p>Docentes mercedinos, encabezados por Jorge \u201cYuyo\u201d Montaldo, participaron este s\u00e1bado de un plenario de la Federaci\u00f3n de Agrupaciones Docentes Peronistas &#8230; <a title=\"Mercedinos participaron de plenario de docentes peronistas en San Mart\u00edn\" class=\"read-more\" href=\"https:\/\/www.hoymercedes.com.ar\/principal\/2019\/07\/14\/mercedinos-participaron-de-plenario-de-docentes-peronistas-en-san-martin\/\" aria-label=\"Leer m\u00e1s sobre Mercedinos participaron de plenario de docentes peronistas en San Mart\u00edn\">Leer m\u00e1s<\/a><\/p>\n","protected":false},"author":1,"featured_media":96636,"comment_status":"closed","ping_status":"open","sticky":false,"template":"","format":"standard","meta":{"_monsterinsights_skip_tracking":false,"_monsterinsights_sitenote_active":false,"_monsterinsights_sitenote_note":"","_monsterinsights_sitenote_category":0,"jetpack_post_was_ever_published":false,"_jetpack_newsletter_access":"","_jetpack_dont_email_post_to_subs":false,"_jetpack_newsletter_tier_id":0,"_jetpack_memberships_contains_paywalled_content":false,"_jetpack_memberships_contains_paid_content":false,"footnotes":"","jetpack_publicize_message":"","jetpack_publicize_feature_enabled":true,"jetpack_social_post_already_shared":true,"jetpack_social_options":{"image_generator_settings":{"template":"highway","default_image_id":0,"font":"","enabled":false},"version":2},"_wpas_customize_per_network":false},"categories":[5],"tags":[562,15488,5319,835],"class_list":["post-96635","post","type-post","status-publish","format-standard","has-post-thumbnail","hentry","category-politica","tag-frente-para-la-victoria","tag-frente-para-todos","tag-politica-2","tag-yuyo-montaldo","generate-columns","tablet-grid-50","mobile-grid-100","grid-parent","grid-50"],"jetpack_publicize_connections":[],"jetpack_featured_media_url":"https:\/\/www.hoymercedes.com.ar\/principal\/wp-content\/uploads\/2019\/07\/IMG-20190713-WA0028.jpg","wps_subtitle":"Encuentro pol\u00edtico","jetpack_sharing_enabled":true,"_links":{"self":[{"href":"https:\/\/www.hoymercedes.com.ar\/principal\/wp-json\/wp\/v2\/posts\/96635","targetHints":{"allow":["GET"]}}],"collection":[{"href":"https:\/\/www.hoymercedes.com.ar\/principal\/wp-json\/wp\/v2\/posts"}],"about":[{"href":"https:\/\/www.hoymercedes.com.ar\/principal\/wp-json\/wp\/v2\/types\/post"}],"author":[{"embeddable":true,"href":"https:\/\/www.hoymercedes.com.ar\/principal\/wp-json\/wp\/v2\/users\/1"}],"replies":[{"embeddable":true,"href":"https:\/\/www.hoymercedes.com.ar\/principal\/wp-json\/wp\/v2\/comments?post=96635"}],"version-history":[{"count":0,"href":"https:\/\/www.hoymercedes.com.ar\/principal\/wp-json\/wp\/v2\/posts\/96635\/revisions"}],"wp:featuredmedia":[{"embeddable":true,"href":"https:\/\/www.hoymercedes.com.ar\/principal\/wp-json\/wp\/v2\/media\/96636"}],"wp:attachment":[{"href":"https:\/\/www.hoymercedes.com.ar\/principal\/wp-json\/wp\/v2\/media?parent=96635"}],"wp:term":[{"taxonomy":"category","embeddable":true,"href":"https:\/\/www.hoymercedes.com.ar\/principal\/wp-json\/wp\/v2\/categories?post=96635"},{"taxonomy":"post_tag","embeddable":true,"href":"https:\/\/www.hoymercedes.com.ar\/principal\/wp-json\/wp\/v2\/tags?post=96635"}],"curies":[{"name":"wp","href":"https:\/\/api.w.org\/{rel}","templated":true}]}}