{"id":96648,"date":"2019-07-14T18:34:58","date_gmt":"2019-07-14T21:34:58","guid":{"rendered":"http:\/\/www.hoymercedes.com.ar\/principal\/?p=96648"},"modified":"2019-07-14T20:31:07","modified_gmt":"2019-07-14T23:31:07","slug":"inscriben-para-fines-secundario-y-deudores","status":"publish","type":"post","link":"https:\/\/www.hoymercedes.com.ar\/principal\/2019\/07\/14\/inscriben-para-fines-secundario-y-deudores\/","title":{"rendered":"Inscriben para FINES secundario y deudores"},"content":{"rendered":"\n<p>Comenz\u00f3 la inscripci\u00f3n Fines Trayecto Secundario para empezar en agosto, tras las vacaciones de invierno. Existen dos posibilidades: Para quienes tienen que hacer a\u00f1os completos del nivel secundario, o para quienes adeudan materias del \u00faltimo a\u00f1o o de algunos de los a\u00f1os para continuar el secundario. <\/p>\n\n\n\n<p>Para quienes le faltan a\u00f1os completos de secundario. Pueden inscribirse los d\u00edas de atenci\u00f3n: martes y jueves de 8:30 a 10 horas en calle 6 y 11 y los Jueves de 19 a 21 horas en calle 26 entre 29 y 31 donde funcionar el CENS N\u00b0\u00a0451 (Escuela 2).  Preguntar por Lorena, Ornela o Armando.<\/p>\n\n\n\n<p>Los requisitos a tener en cuenta: Ser mayor de 18 a\u00f1os y presentar fotocopias de DNI y CUIL, Certificado de estudios (sea el primario terminado o los a\u00f1os de secundario terminados) , Partida de Nacimiento, Ficha de inscripci\u00f3n de FINES (se encuentra en el kiosco San Patricio calle 14 y 17) y un folio. <\/p>\n\n\n\n<p>Asimismo, est\u00e1 abierta la inscripci\u00f3n para el FINES Deudores de Materias. Una oportunidad para los adultos que deben pocas materias del nivel secundario. Con esta propuesta se puede rendir las asignaturas que faltan para obtener el t\u00edtulo Secundario o completar el a\u00f1o abandonado. La inscripci\u00f3n para este sistema es en la Escuela T\u00e9cnica N\u00b0 1 (Industrial calle 31 y 4), despu\u00e9s de la hora 18. Presentar DNI y fotocopia, CUIL y constancia de materias adeudas. Preguntar por Mariana.  <\/p>\n","protected":false},"excerpt":{"rendered":"<p>Comenz\u00f3 la inscripci\u00f3n Fines Trayecto Secundario para empezar en agosto, tras las vacaciones de invierno. Existen dos posibilidades: Para quienes &#8230; <a title=\"Inscriben para FINES secundario y deudores\" class=\"read-more\" href=\"https:\/\/www.hoymercedes.com.ar\/principal\/2019\/07\/14\/inscriben-para-fines-secundario-y-deudores\/\" aria-label=\"Leer m\u00e1s sobre Inscriben para FINES secundario y deudores\">Leer m\u00e1s<\/a><\/p>\n","protected":false},"author":1,"featured_media":88005,"comment_status":"closed","ping_status":"open","sticky":false,"template":"","format":"standard","meta":{"_monsterinsights_skip_tracking":false,"_monsterinsights_sitenote_active":false,"_monsterinsights_sitenote_note":"","_monsterinsights_sitenote_category":0,"jetpack_post_was_ever_published":false,"_jetpack_newsletter_access":"","_jetpack_dont_email_post_to_subs":false,"_jetpack_newsletter_tier_id":0,"_jetpack_memberships_contains_paywalled_content":false,"_jetpack_memberships_contains_paid_content":false,"footnotes":"","jetpack_publicize_message":"","jetpack_publicize_feature_enabled":true,"jetpack_social_post_already_shared":true,"jetpack_social_options":{"image_generator_settings":{"template":"highway","default_image_id":0,"font":"","enabled":false},"version":2},"_wpas_customize_per_network":false},"categories":[23],"tags":[47,7044,8668],"class_list":["post-96648","post","type-post","status-publish","format-standard","has-post-thumbnail","hentry","category-educacion","tag-educacion-2","tag-fines","tag-inscripcion","generate-columns","tablet-grid-50","mobile-grid-100","grid-parent","grid-50"],"jetpack_publicize_connections":[],"jetpack_featured_media_url":"https:\/\/www.hoymercedes.com.ar\/principal\/wp-content\/uploads\/2019\/02\/11-plan-fines.png","wps_subtitle":"Para arrancar en agosto","jetpack_sharing_enabled":true,"_links":{"self":[{"href":"https:\/\/www.hoymercedes.com.ar\/principal\/wp-json\/wp\/v2\/posts\/96648","targetHints":{"allow":["GET"]}}],"collection":[{"href":"https:\/\/www.hoymercedes.com.ar\/principal\/wp-json\/wp\/v2\/posts"}],"about":[{"href":"https:\/\/www.hoymercedes.com.ar\/principal\/wp-json\/wp\/v2\/types\/post"}],"author":[{"embeddable":true,"href":"https:\/\/www.hoymercedes.com.ar\/principal\/wp-json\/wp\/v2\/users\/1"}],"replies":[{"embeddable":true,"href":"https:\/\/www.hoymercedes.com.ar\/principal\/wp-json\/wp\/v2\/comments?post=96648"}],"version-history":[{"count":0,"href":"https:\/\/www.hoymercedes.com.ar\/principal\/wp-json\/wp\/v2\/posts\/96648\/revisions"}],"wp:featuredmedia":[{"embeddable":true,"href":"https:\/\/www.hoymercedes.com.ar\/principal\/wp-json\/wp\/v2\/media\/88005"}],"wp:attachment":[{"href":"https:\/\/www.hoymercedes.com.ar\/principal\/wp-json\/wp\/v2\/media?parent=96648"}],"wp:term":[{"taxonomy":"category","embeddable":true,"href":"https:\/\/www.hoymercedes.com.ar\/principal\/wp-json\/wp\/v2\/categories?post=96648"},{"taxonomy":"post_tag","embeddable":true,"href":"https:\/\/www.hoymercedes.com.ar\/principal\/wp-json\/wp\/v2\/tags?post=96648"}],"curies":[{"name":"wp","href":"https:\/\/api.w.org\/{rel}","templated":true}]}}