{"id":96660,"date":"2019-07-14T20:28:55","date_gmt":"2019-07-14T23:28:55","guid":{"rendered":"http:\/\/www.hoymercedes.com.ar\/principal\/?p=96660"},"modified":"2019-07-14T21:32:15","modified_gmt":"2019-07-15T00:32:15","slug":"inauguraron-refacciones-en-la-plaza-del-hospital","status":"publish","type":"post","link":"https:\/\/www.hoymercedes.com.ar\/principal\/2019\/07\/14\/inauguraron-refacciones-en-la-plaza-del-hospital\/","title":{"rendered":"Inauguraron puesta en valor de la Plaza del Hospital"},"content":{"rendered":"\n<p>Con una gran fiesta y cientos de vecinos presentes se llev\u00f3 a cabo la inauguraci\u00f3n de la obra de puesta en valor de la Plaza Belgrano (frente al Hoapital). Hubo m\u00fasica, payasos, juegos, kermesse, inflables y la alegr\u00eda de seguir mejorando el espacio compartido. La plaza cont\u00f3 con una fuerte inversi\u00f3n de parte de la Municipalidad de Mercedes que convirti\u00f3 en inclusiva una plaza para todos los vecinos. <\/p>\n\n\n\n<figure class=\"wp-block-image\"><img loading=\"lazy\" decoding=\"async\" width=\"750\" height=\"422\" data-attachment-id=\"96662\" data-permalink=\"https:\/\/www.hoymercedes.com.ar\/principal\/2019\/07\/14\/inauguraron-refacciones-en-la-plaza-del-hospital\/14-plaza-belgranodsc03353\/#main\" data-orig-file=\"https:\/\/www.hoymercedes.com.ar\/principal\/wp-content\/uploads\/2019\/07\/14-Plaza-BelgranoDSC03353.jpg\" data-orig-size=\"750,422\" data-comments-opened=\"0\" data-image-meta=\"{&quot;aperture&quot;:&quot;4&quot;,&quot;credit&quot;:&quot;&quot;,&quot;camera&quot;:&quot;ILCE-6500&quot;,&quot;caption&quot;:&quot;&quot;,&quot;created_timestamp&quot;:&quot;1563119601&quot;,&quot;copyright&quot;:&quot;&quot;,&quot;focal_length&quot;:&quot;18&quot;,&quot;iso&quot;:&quot;160&quot;,&quot;shutter_speed&quot;:&quot;0.0025&quot;,&quot;title&quot;:&quot;&quot;,&quot;orientation&quot;:&quot;0&quot;}\" data-image-title=\"14 Plaza BelgranoDSC03353\" data-image-description=\"\" data-image-caption=\"\" data-large-file=\"https:\/\/www.hoymercedes.com.ar\/principal\/wp-content\/uploads\/2019\/07\/14-Plaza-BelgranoDSC03353.jpg\" src=\"https:\/\/www.hoymercedes.com.ar\/principal\/wp-content\/uploads\/2019\/07\/14-Plaza-BelgranoDSC03353.jpg\" alt=\"\" class=\"wp-image-96662\" srcset=\"https:\/\/www.hoymercedes.com.ar\/principal\/wp-content\/uploads\/2019\/07\/14-Plaza-BelgranoDSC03353.jpg 750w, https:\/\/www.hoymercedes.com.ar\/principal\/wp-content\/uploads\/2019\/07\/14-Plaza-BelgranoDSC03353-150x84.jpg 150w, https:\/\/www.hoymercedes.com.ar\/principal\/wp-content\/uploads\/2019\/07\/14-Plaza-BelgranoDSC03353-630x354.jpg 630w\" sizes=\"auto, (max-width: 750px) 100vw, 750px\" \/><\/figure>\n\n\n\n<p>El sector de juego de la plaza del Hospital sum\u00f3 la calesita inclusiva realizada por los estudiantes de la Escuela T\u00e9cnica N\u00b0 1 hace un par a\u00f1os. Una de las docentes a cargo del proyecto original, Ver\u00f3nica Areco, resumi\u00f3 el esp\u00edritu del proyecto que tuvo como antecesor al subibaja que se coloc\u00f3 en la misma plaza. <\/p>\n\n\n\n<p>\u201cTen\u00edamos mucho entusiasmo cuando empez\u00f3 el proyecto y eso se lo transmitimos a nuestros a nuestros alumnos que trabajaron con alegr\u00eda y un gran compromiso. Estamos felices de cumplir este sue\u00f1o y deseamos que la comunidad cuide estos juegos para que la comunidad pueda disfrutar y divertirse\u201d expres\u00f3 la profesora.<\/p>\n\n\n\n<p>En el acto inaugural tambi\u00e9n tom\u00f3 la palabra uno de los vecinos de la plaza. Ruben Telesca que vive a un par de cuadras de la Plaza Belgrano record\u00f3 su infancia en la plaza. Algo similar expres\u00f3 Mat\u00edas Dematei, Jefe de Gabinete que explic\u00f3 y resumi\u00f3 los arreglos realizados. <\/p>\n\n\n\n<p>Finalmente, el Jefe Comunal Juan Ignacio Ustarroz destac\u00f3 el proyecto hecho realidad y felicit\u00f3 al equipo del \u00e1rea de Obras P\u00fablica, as\u00ed como a los arquitectos que \u00abpusieron alma y vida\u00bb en la plaza inclusiva. \u00abEntre todos tenemos que cuidar cada d\u00eda m\u00e1s la ciudad\u201d.<\/p>\n\n\n\n<figure class=\"wp-block-image\"><img loading=\"lazy\" decoding=\"async\" width=\"750\" height=\"422\" data-attachment-id=\"96661\" data-permalink=\"https:\/\/www.hoymercedes.com.ar\/principal\/2019\/07\/14\/inauguraron-refacciones-en-la-plaza-del-hospital\/14-plaza-belgranodji_0012\/#main\" data-orig-file=\"https:\/\/www.hoymercedes.com.ar\/principal\/wp-content\/uploads\/2019\/07\/14-Plaza-BelgranoDJI_0012.jpg\" data-orig-size=\"750,422\" data-comments-opened=\"0\" data-image-meta=\"{&quot;aperture&quot;:&quot;0&quot;,&quot;credit&quot;:&quot;&quot;,&quot;camera&quot;:&quot;&quot;,&quot;caption&quot;:&quot;&quot;,&quot;created_timestamp&quot;:&quot;0&quot;,&quot;copyright&quot;:&quot;&quot;,&quot;focal_length&quot;:&quot;0&quot;,&quot;iso&quot;:&quot;0&quot;,&quot;shutter_speed&quot;:&quot;0&quot;,&quot;title&quot;:&quot;&quot;,&quot;orientation&quot;:&quot;0&quot;}\" data-image-title=\"14 Plaza BelgranoDJI_0012\" data-image-description=\"\" data-image-caption=\"\" data-large-file=\"https:\/\/www.hoymercedes.com.ar\/principal\/wp-content\/uploads\/2019\/07\/14-Plaza-BelgranoDJI_0012.jpg\" src=\"https:\/\/www.hoymercedes.com.ar\/principal\/wp-content\/uploads\/2019\/07\/14-Plaza-BelgranoDJI_0012.jpg\" alt=\"\" class=\"wp-image-96661\" srcset=\"https:\/\/www.hoymercedes.com.ar\/principal\/wp-content\/uploads\/2019\/07\/14-Plaza-BelgranoDJI_0012.jpg 750w, https:\/\/www.hoymercedes.com.ar\/principal\/wp-content\/uploads\/2019\/07\/14-Plaza-BelgranoDJI_0012-150x84.jpg 150w, https:\/\/www.hoymercedes.com.ar\/principal\/wp-content\/uploads\/2019\/07\/14-Plaza-BelgranoDJI_0012-630x354.jpg 630w\" sizes=\"auto, (max-width: 750px) 100vw, 750px\" \/><\/figure>\n","protected":false},"excerpt":{"rendered":"<p>Con una gran fiesta y cientos de vecinos presentes se llev\u00f3 a cabo la inauguraci\u00f3n de la obra de puesta &#8230; <a title=\"Inauguraron puesta en valor de la Plaza del Hospital\" class=\"read-more\" href=\"https:\/\/www.hoymercedes.com.ar\/principal\/2019\/07\/14\/inauguraron-refacciones-en-la-plaza-del-hospital\/\" aria-label=\"Leer m\u00e1s sobre Inauguraron puesta en valor de la Plaza del Hospital\">Leer m\u00e1s<\/a><\/p>\n","protected":false},"author":1,"featured_media":96661,"comment_status":"closed","ping_status":"open","sticky":false,"template":"","format":"standard","meta":{"_monsterinsights_skip_tracking":false,"_monsterinsights_sitenote_active":false,"_monsterinsights_sitenote_note":"","_monsterinsights_sitenote_category":0,"jetpack_post_was_ever_published":false,"_jetpack_newsletter_access":"","_jetpack_dont_email_post_to_subs":false,"_jetpack_newsletter_tier_id":0,"_jetpack_memberships_contains_paywalled_content":false,"_jetpack_memberships_contains_paid_content":false,"footnotes":"","jetpack_publicize_message":"","jetpack_publicize_feature_enabled":true,"jetpack_social_post_already_shared":true,"jetpack_social_options":{"image_generator_settings":{"template":"highway","default_image_id":0,"font":"","enabled":false},"version":2},"_wpas_customize_per_network":false},"categories":[30],"tags":[10358,5947,14422,15493],"class_list":["post-96660","post","type-post","status-publish","format-standard","has-post-thumbnail","hentry","category-municipio","tag-municipio","tag-obras-publicas","tag-plaza-belgrano","tag-plaza-frente-al-hospital","generate-columns","tablet-grid-50","mobile-grid-100","grid-parent","grid-50"],"jetpack_publicize_connections":[],"jetpack_featured_media_url":"https:\/\/www.hoymercedes.com.ar\/principal\/wp-content\/uploads\/2019\/07\/14-Plaza-BelgranoDJI_0012.jpg","wps_subtitle":"En la tarde del domingo","jetpack_sharing_enabled":true,"_links":{"self":[{"href":"https:\/\/www.hoymercedes.com.ar\/principal\/wp-json\/wp\/v2\/posts\/96660","targetHints":{"allow":["GET"]}}],"collection":[{"href":"https:\/\/www.hoymercedes.com.ar\/principal\/wp-json\/wp\/v2\/posts"}],"about":[{"href":"https:\/\/www.hoymercedes.com.ar\/principal\/wp-json\/wp\/v2\/types\/post"}],"author":[{"embeddable":true,"href":"https:\/\/www.hoymercedes.com.ar\/principal\/wp-json\/wp\/v2\/users\/1"}],"replies":[{"embeddable":true,"href":"https:\/\/www.hoymercedes.com.ar\/principal\/wp-json\/wp\/v2\/comments?post=96660"}],"version-history":[{"count":0,"href":"https:\/\/www.hoymercedes.com.ar\/principal\/wp-json\/wp\/v2\/posts\/96660\/revisions"}],"wp:featuredmedia":[{"embeddable":true,"href":"https:\/\/www.hoymercedes.com.ar\/principal\/wp-json\/wp\/v2\/media\/96661"}],"wp:attachment":[{"href":"https:\/\/www.hoymercedes.com.ar\/principal\/wp-json\/wp\/v2\/media?parent=96660"}],"wp:term":[{"taxonomy":"category","embeddable":true,"href":"https:\/\/www.hoymercedes.com.ar\/principal\/wp-json\/wp\/v2\/categories?post=96660"},{"taxonomy":"post_tag","embeddable":true,"href":"https:\/\/www.hoymercedes.com.ar\/principal\/wp-json\/wp\/v2\/tags?post=96660"}],"curies":[{"name":"wp","href":"https:\/\/api.w.org\/{rel}","templated":true}]}}