{"id":96692,"date":"2019-07-16T10:41:57","date_gmt":"2019-07-16T13:41:57","guid":{"rendered":"http:\/\/www.hoymercedes.com.ar\/principal\/?p=96692"},"modified":"2019-07-16T16:12:39","modified_gmt":"2019-07-16T19:12:39","slug":"jornada-de-salud-bucal-en-el-hogar-villa-abrille","status":"publish","type":"post","link":"https:\/\/www.hoymercedes.com.ar\/principal\/2019\/07\/16\/jornada-de-salud-bucal-en-el-hogar-villa-abrille\/","title":{"rendered":"Jornada de salud bucal en el Hogar Villa Abrille"},"content":{"rendered":"\n<p>El equipo de Salud Bucal dependiente del \u00e1rea de Salud municipal est\u00e1 llevando adelante jornadas donde se impulsan acciones de prevenci\u00f3n de enfermedades y promoci\u00f3n de la salud. Esta iniciativa se viene desarrollando en diferentes instituciones de la ciudad, en esta oportunidad se realiz\u00f3 en el Hogar Villa Abrille con el objetivo\u00a0\u00a0de que los adultos mayores conozcan y entiendan la importancia de la higiene de la boca en todos los momentos de la vida.<\/p>\n\n\n\n<figure class=\"wp-block-image\"><img loading=\"lazy\" decoding=\"async\" width=\"750\" height=\"500\" data-attachment-id=\"96693\" data-permalink=\"https:\/\/www.hoymercedes.com.ar\/principal\/2019\/07\/16\/jornada-de-salud-bucal-en-el-hogar-villa-abrille\/16-muni-bucal\/#main\" data-orig-file=\"https:\/\/www.hoymercedes.com.ar\/principal\/wp-content\/uploads\/2019\/07\/16-muni-bucal.jpg\" data-orig-size=\"750,500\" data-comments-opened=\"0\" data-image-meta=\"{&quot;aperture&quot;:&quot;0&quot;,&quot;credit&quot;:&quot;&quot;,&quot;camera&quot;:&quot;&quot;,&quot;caption&quot;:&quot;&quot;,&quot;created_timestamp&quot;:&quot;0&quot;,&quot;copyright&quot;:&quot;&quot;,&quot;focal_length&quot;:&quot;0&quot;,&quot;iso&quot;:&quot;0&quot;,&quot;shutter_speed&quot;:&quot;0&quot;,&quot;title&quot;:&quot;&quot;,&quot;orientation&quot;:&quot;0&quot;}\" data-image-title=\"16 muni bucal\" data-image-description=\"\" data-image-caption=\"\" data-large-file=\"https:\/\/www.hoymercedes.com.ar\/principal\/wp-content\/uploads\/2019\/07\/16-muni-bucal.jpg\" src=\"https:\/\/www.hoymercedes.com.ar\/principal\/wp-content\/uploads\/2019\/07\/16-muni-bucal.jpg\" alt=\"\" class=\"wp-image-96693\" srcset=\"https:\/\/www.hoymercedes.com.ar\/principal\/wp-content\/uploads\/2019\/07\/16-muni-bucal.jpg 750w, https:\/\/www.hoymercedes.com.ar\/principal\/wp-content\/uploads\/2019\/07\/16-muni-bucal-150x100.jpg 150w, https:\/\/www.hoymercedes.com.ar\/principal\/wp-content\/uploads\/2019\/07\/16-muni-bucal-630x420.jpg 630w, https:\/\/www.hoymercedes.com.ar\/principal\/wp-content\/uploads\/2019\/07\/16-muni-bucal-720x480.jpg 720w, https:\/\/www.hoymercedes.com.ar\/principal\/wp-content\/uploads\/2019\/07\/16-muni-bucal-360x240.jpg 360w\" sizes=\"auto, (max-width: 750px) 100vw, 750px\" \/><\/figure>\n\n\n\n<p>\u201cEsta es una propuesta nueva, llevada adelante con mucho amor y profesionalismo, que trata de brindar, en este caso, todos los cuidados necesarios a nuestros adultos mayores\u201d manifest\u00f3 el Jefe Comunal Juan Ignacio Ustarroz.\u00a0\u00a0<\/p>\n\n\n\n<p>En ese sentido, Ustarroz expres\u00f3 \u201cnos pone muy contentos el trabajo que se est\u00e1 realizando desde el \u00e1rea de salud, espec\u00edficamente lo referido a la salud bucal, que ha tomado una gran relevancia en nuestra ciudad\u201d y destac\u00f3 \u201cc\u00f3mo los distintos programas municipales van llegando a todos los lugares que tienen que llegar\u201d.<\/p>\n\n\n\n<p>Adem\u00e1s, el intendente Ustarroz se congraci\u00f3 por el gran trabajo que se viene efectuando desde el hogar \u201ctodo el personal brinda un gran servicio, donde la calidad de atenci\u00f3n es enorme\u201d<\/p>\n\n\n\n<p>Por otro lado, el Municipio de Mercedes est\u00e1 llevando a cabo reparaciones y soluciones edilicias en el emblem\u00e1tico edificio \u201clas refacciones y mejoras en el Hogar Villa Abrille son continuas\u201d destac\u00f3 Ustarroz.\u00a0\u00a0\u00a0<\/p>\n\n\n\n<p>La coordinadora del plan de salud bucal del municipio, Odont\u00f3loga. Ver\u00f3nica Perigo, se\u00f1al\u00f3 \u201cla gente grande tambi\u00e9n necesita informarse sobre el cuidado de sus piezas dentales y pr\u00f3tesis, por eso la idea era venir y explicarles sobre la higiene y el cuidado de sus pr\u00f3tesis\u201d y agreg\u00f3 \u201cla mala higiene causa el mal olor, y otro de los inconvenientes comunes es la hiperplasia (desajustes en las pr\u00f3tesis por cambios de peso en las personas) por eso la idea como equipo es ayudarlos\u201d.<\/p>\n\n\n\n<p>\u201cHemos sido muy bien recibidos, todos tienen ganas que los revisemos, teniendo como objetivo poder ajustar estas pr\u00f3tesis para as\u00ed mejorar su calidad de vida\u201d afirm\u00f3 Perigo.&nbsp;<\/p>\n\n\n\n<p>Por su parte, la directora del hogar, Noelia Gollo indic\u00f3 \u201cestamos muy contentos con la propuesta, misma que es una necesidad\u201d y a\u00f1adi\u00f3 \u201csi bien tenemos personal \u2013tambi\u00e9n participante de esta jornada- muchas veces el residente no es responsable de su salud bucal, con lo cual entendemos que esta iniciativa es muy importante\u201d.<br><\/p>\n","protected":false},"excerpt":{"rendered":"<p>El equipo de Salud Bucal dependiente del \u00e1rea de Salud municipal est\u00e1 llevando adelante jornadas donde se impulsan acciones de &#8230; <a title=\"Jornada de salud bucal en el Hogar Villa Abrille\" class=\"read-more\" href=\"https:\/\/www.hoymercedes.com.ar\/principal\/2019\/07\/16\/jornada-de-salud-bucal-en-el-hogar-villa-abrille\/\" aria-label=\"Leer m\u00e1s sobre Jornada de salud bucal en el Hogar Villa Abrille\">Leer m\u00e1s<\/a><\/p>\n","protected":false},"author":1,"featured_media":96693,"comment_status":"closed","ping_status":"open","sticky":false,"template":"","format":"standard","meta":{"_monsterinsights_skip_tracking":false,"_monsterinsights_sitenote_active":false,"_monsterinsights_sitenote_note":"","_monsterinsights_sitenote_category":0,"jetpack_post_was_ever_published":false,"_jetpack_newsletter_access":"","_jetpack_dont_email_post_to_subs":false,"_jetpack_newsletter_tier_id":0,"_jetpack_memberships_contains_paywalled_content":false,"_jetpack_memberships_contains_paid_content":false,"footnotes":"","jetpack_publicize_message":"","jetpack_publicize_feature_enabled":true,"jetpack_social_post_already_shared":true,"jetpack_social_options":{"image_generator_settings":{"template":"highway","default_image_id":0,"font":"","enabled":false},"version":2},"_wpas_customize_per_network":false},"categories":[30],"tags":[244,10042,1239],"class_list":["post-96692","post","type-post","status-publish","format-standard","has-post-thumbnail","hentry","category-municipio","tag-municipio-2","tag-salud-bucal","tag-villa-abrile","generate-columns","tablet-grid-50","mobile-grid-100","grid-parent","grid-50"],"jetpack_publicize_connections":[],"jetpack_featured_media_url":"https:\/\/www.hoymercedes.com.ar\/principal\/wp-content\/uploads\/2019\/07\/16-muni-bucal.jpg","wps_subtitle":"","jetpack_sharing_enabled":true,"_links":{"self":[{"href":"https:\/\/www.hoymercedes.com.ar\/principal\/wp-json\/wp\/v2\/posts\/96692","targetHints":{"allow":["GET"]}}],"collection":[{"href":"https:\/\/www.hoymercedes.com.ar\/principal\/wp-json\/wp\/v2\/posts"}],"about":[{"href":"https:\/\/www.hoymercedes.com.ar\/principal\/wp-json\/wp\/v2\/types\/post"}],"author":[{"embeddable":true,"href":"https:\/\/www.hoymercedes.com.ar\/principal\/wp-json\/wp\/v2\/users\/1"}],"replies":[{"embeddable":true,"href":"https:\/\/www.hoymercedes.com.ar\/principal\/wp-json\/wp\/v2\/comments?post=96692"}],"version-history":[{"count":0,"href":"https:\/\/www.hoymercedes.com.ar\/principal\/wp-json\/wp\/v2\/posts\/96692\/revisions"}],"wp:featuredmedia":[{"embeddable":true,"href":"https:\/\/www.hoymercedes.com.ar\/principal\/wp-json\/wp\/v2\/media\/96693"}],"wp:attachment":[{"href":"https:\/\/www.hoymercedes.com.ar\/principal\/wp-json\/wp\/v2\/media?parent=96692"}],"wp:term":[{"taxonomy":"category","embeddable":true,"href":"https:\/\/www.hoymercedes.com.ar\/principal\/wp-json\/wp\/v2\/categories?post=96692"},{"taxonomy":"post_tag","embeddable":true,"href":"https:\/\/www.hoymercedes.com.ar\/principal\/wp-json\/wp\/v2\/tags?post=96692"}],"curies":[{"name":"wp","href":"https:\/\/api.w.org\/{rel}","templated":true}]}}