{"id":96707,"date":"2019-07-16T18:16:06","date_gmt":"2019-07-16T21:16:06","guid":{"rendered":"http:\/\/www.hoymercedes.com.ar\/principal\/?p=96707"},"modified":"2019-07-16T18:16:09","modified_gmt":"2019-07-16T21:16:09","slug":"restituyeron-el-tren-a-bragado","status":"publish","type":"post","link":"https:\/\/www.hoymercedes.com.ar\/principal\/2019\/07\/16\/restituyeron-el-tren-a-bragado\/","title":{"rendered":"Restituyeron el tren a Bragado"},"content":{"rendered":"\n<p>El lunes hubo fiesta en la ciudad de Bragado porque el tren Sarmiento volvi\u00f3 a llegar a la estaci\u00f3n de la localidad bonaerenses. El tren que parte de Once, frena en Mercedes y terminaba en Chivilcoy, desde el lunes sigue a Bragado dos veces por semana. <\/p>\n\n\n\n<figure class=\"wp-block-image\"><img loading=\"lazy\" decoding=\"async\" width=\"1024\" height=\"576\" data-attachment-id=\"96709\" data-permalink=\"https:\/\/www.hoymercedes.com.ar\/principal\/2019\/07\/16\/restituyeron-el-tren-a-bragado\/15-tren-bragado\/#main\" data-orig-file=\"https:\/\/www.hoymercedes.com.ar\/principal\/wp-content\/uploads\/2019\/07\/15-tren-bragado.jpg\" data-orig-size=\"1024,576\" data-comments-opened=\"0\" data-image-meta=\"{&quot;aperture&quot;:&quot;0&quot;,&quot;credit&quot;:&quot;&quot;,&quot;camera&quot;:&quot;&quot;,&quot;caption&quot;:&quot;&quot;,&quot;created_timestamp&quot;:&quot;0&quot;,&quot;copyright&quot;:&quot;&quot;,&quot;focal_length&quot;:&quot;0&quot;,&quot;iso&quot;:&quot;0&quot;,&quot;shutter_speed&quot;:&quot;0&quot;,&quot;title&quot;:&quot;&quot;,&quot;orientation&quot;:&quot;0&quot;}\" data-image-title=\"15 tren bragado\" data-image-description=\"\" data-image-caption=\"\" data-large-file=\"https:\/\/www.hoymercedes.com.ar\/principal\/wp-content\/uploads\/2019\/07\/15-tren-bragado-1024x576.jpg\" src=\"https:\/\/www.hoymercedes.com.ar\/principal\/wp-content\/uploads\/2019\/07\/15-tren-bragado-1024x576.jpg\" alt=\"\" class=\"wp-image-96709\" srcset=\"https:\/\/www.hoymercedes.com.ar\/principal\/wp-content\/uploads\/2019\/07\/15-tren-bragado.jpg 1024w, https:\/\/www.hoymercedes.com.ar\/principal\/wp-content\/uploads\/2019\/07\/15-tren-bragado-150x84.jpg 150w, https:\/\/www.hoymercedes.com.ar\/principal\/wp-content\/uploads\/2019\/07\/15-tren-bragado-630x354.jpg 630w\" sizes=\"auto, (max-width: 1024px) 100vw, 1024px\" \/><\/figure>\n\n\n\n<p>Minutos antes de la medianoche del lunes, en horario puntual, lleg\u00f3 a Bragado la formaci\u00f3n proveniente de estaci\u00f3n Once. Cientos de vecinos se agolparon en la estaci\u00f3n para recibir con alegr\u00eda el regreso del servicio de pasajeros que se encontraba suspendido desde hac\u00eda casi 4 a\u00f1os. Aunque dicho servicio supo llegar hasta Santa Rosa, tiene como parada intermedia entre Chivilcoy y Bragado a Mechita. <\/p>\n\n\n\n<p>El tren de pasajeros qued\u00f3 suspendido por la ca\u00edda de los puentes \u201cTio Antonio\u201d que cruza el arroyo La Clarita y el \u201cPuente Mechita\u201d sobre el R\u00edo Salado, durante el desborde del R\u00edo Salado en agosto del 2015. <\/p>\n\n\n\n<p>El servicio sale de Once y cuenta con cinco paradas intermedias, en las ciudades de Luj\u00e1n, Mercedes, Suipacha, Chivilcoy y Mechita. Los d\u00edas y horarios de partida desde Once ser\u00e1n los lunes y viernes a las 18:41 hs.<\/p>\n\n\n\n<p>El servicio posee una capacidad para 276 pasajeros, con amplios y c\u00f3modos asientos, ambiente climatizado, puertas autom\u00e1ticas y un coche adaptado para personas con movilidad reducida.<\/p>\n\n\n\n<p>Los boletos pueden adquirirse de manera online abonando con tarjeta de cr\u00e9dito o d\u00e9bito con un descuento del 10%.<\/p>\n\n\n\n<figure class=\"wp-block-image\"><img loading=\"lazy\" decoding=\"async\" width=\"506\" height=\"750\" data-attachment-id=\"96708\" data-permalink=\"https:\/\/www.hoymercedes.com.ar\/principal\/2019\/07\/16\/restituyeron-el-tren-a-bragado\/15-tren-bragado1\/#main\" data-orig-file=\"https:\/\/www.hoymercedes.com.ar\/principal\/wp-content\/uploads\/2019\/07\/15-tren-bragado1.jpg\" data-orig-size=\"506,750\" data-comments-opened=\"0\" data-image-meta=\"{&quot;aperture&quot;:&quot;0&quot;,&quot;credit&quot;:&quot;&quot;,&quot;camera&quot;:&quot;&quot;,&quot;caption&quot;:&quot;&quot;,&quot;created_timestamp&quot;:&quot;0&quot;,&quot;copyright&quot;:&quot;&quot;,&quot;focal_length&quot;:&quot;0&quot;,&quot;iso&quot;:&quot;0&quot;,&quot;shutter_speed&quot;:&quot;0&quot;,&quot;title&quot;:&quot;&quot;,&quot;orientation&quot;:&quot;0&quot;}\" data-image-title=\"15-tren-bragado1\" data-image-description=\"\" data-image-caption=\"\" data-large-file=\"https:\/\/www.hoymercedes.com.ar\/principal\/wp-content\/uploads\/2019\/07\/15-tren-bragado1.jpg\" src=\"https:\/\/www.hoymercedes.com.ar\/principal\/wp-content\/uploads\/2019\/07\/15-tren-bragado1.jpg\" alt=\"\" class=\"wp-image-96708\" srcset=\"https:\/\/www.hoymercedes.com.ar\/principal\/wp-content\/uploads\/2019\/07\/15-tren-bragado1.jpg 506w, https:\/\/www.hoymercedes.com.ar\/principal\/wp-content\/uploads\/2019\/07\/15-tren-bragado1-101x150.jpg 101w, https:\/\/www.hoymercedes.com.ar\/principal\/wp-content\/uploads\/2019\/07\/15-tren-bragado1-418x620.jpg 418w\" sizes=\"auto, (max-width: 506px) 100vw, 506px\" \/><\/figure>\n\n\n\n<p><\/p>\n\n\n\n<p>  <\/p>\n","protected":false},"excerpt":{"rendered":"<p>El lunes hubo fiesta en la ciudad de Bragado porque el tren Sarmiento volvi\u00f3 a llegar a la estaci\u00f3n de &#8230; <a title=\"Restituyeron el tren a Bragado\" class=\"read-more\" href=\"https:\/\/www.hoymercedes.com.ar\/principal\/2019\/07\/16\/restituyeron-el-tren-a-bragado\/\" aria-label=\"Leer m\u00e1s sobre Restituyeron el tren a Bragado\">Leer m\u00e1s<\/a><\/p>\n","protected":false},"author":1,"featured_media":96709,"comment_status":"closed","ping_status":"open","sticky":false,"template":"","format":"standard","meta":{"_monsterinsights_skip_tracking":false,"_monsterinsights_sitenote_active":false,"_monsterinsights_sitenote_note":"","_monsterinsights_sitenote_category":0,"jetpack_post_was_ever_published":false,"_jetpack_newsletter_access":"","_jetpack_dont_email_post_to_subs":false,"_jetpack_newsletter_tier_id":0,"_jetpack_memberships_contains_paywalled_content":false,"_jetpack_memberships_contains_paid_content":false,"footnotes":"","jetpack_publicize_message":"","jetpack_publicize_feature_enabled":true,"jetpack_social_post_already_shared":true,"jetpack_social_options":{"image_generator_settings":{"template":"highway","default_image_id":0,"font":"","enabled":false},"version":2},"_wpas_customize_per_network":false},"categories":[5501],"tags":[],"class_list":["post-96707","post","type-post","status-publish","format-standard","has-post-thumbnail","hentry","category-region","generate-columns","tablet-grid-50","mobile-grid-100","grid-parent","grid-50"],"jetpack_publicize_connections":[],"jetpack_featured_media_url":"https:\/\/www.hoymercedes.com.ar\/principal\/wp-content\/uploads\/2019\/07\/15-tren-bragado.jpg","wps_subtitle":"Servicio de pasajeros","jetpack_sharing_enabled":true,"_links":{"self":[{"href":"https:\/\/www.hoymercedes.com.ar\/principal\/wp-json\/wp\/v2\/posts\/96707","targetHints":{"allow":["GET"]}}],"collection":[{"href":"https:\/\/www.hoymercedes.com.ar\/principal\/wp-json\/wp\/v2\/posts"}],"about":[{"href":"https:\/\/www.hoymercedes.com.ar\/principal\/wp-json\/wp\/v2\/types\/post"}],"author":[{"embeddable":true,"href":"https:\/\/www.hoymercedes.com.ar\/principal\/wp-json\/wp\/v2\/users\/1"}],"replies":[{"embeddable":true,"href":"https:\/\/www.hoymercedes.com.ar\/principal\/wp-json\/wp\/v2\/comments?post=96707"}],"version-history":[{"count":0,"href":"https:\/\/www.hoymercedes.com.ar\/principal\/wp-json\/wp\/v2\/posts\/96707\/revisions"}],"wp:featuredmedia":[{"embeddable":true,"href":"https:\/\/www.hoymercedes.com.ar\/principal\/wp-json\/wp\/v2\/media\/96709"}],"wp:attachment":[{"href":"https:\/\/www.hoymercedes.com.ar\/principal\/wp-json\/wp\/v2\/media?parent=96707"}],"wp:term":[{"taxonomy":"category","embeddable":true,"href":"https:\/\/www.hoymercedes.com.ar\/principal\/wp-json\/wp\/v2\/categories?post=96707"},{"taxonomy":"post_tag","embeddable":true,"href":"https:\/\/www.hoymercedes.com.ar\/principal\/wp-json\/wp\/v2\/tags?post=96707"}],"curies":[{"name":"wp","href":"https:\/\/api.w.org\/{rel}","templated":true}]}}