{"id":96719,"date":"2019-07-17T09:19:27","date_gmt":"2019-07-17T12:19:27","guid":{"rendered":"http:\/\/www.hoymercedes.com.ar\/principal\/?p=96719"},"modified":"2019-07-17T18:39:58","modified_gmt":"2019-07-17T21:39:58","slug":"realizan-campana-de-socios-para-el-hogar-divina-providencia","status":"publish","type":"post","link":"https:\/\/www.hoymercedes.com.ar\/principal\/2019\/07\/17\/realizan-campana-de-socios-para-el-hogar-divina-providencia\/","title":{"rendered":"Realizan campa\u00f1a de socios para el Hogar Divina Providencia"},"content":{"rendered":"\n<p>Con el fin\nde sumar nuevos socios en la instituci\u00f3n, el Hogar Divina Providencia lanz\u00f3\ncampa\u00f1a para buscar adherentes al proyecto de las Hermanas Pobres Bonaerenses.\nEl incremento de nuevos asociados permitir\u00e1 concluir con las obras del edificio\nde calle 32, entre 23 y 25. <\/p>\n\n\n\n<p>Mar\u00eda del\nCarmen Silva, titular de la comisi\u00f3n directiva del Hogar Divina Providencia\ncont\u00f3 ante distintos medios de comunicaci\u00f3n que la atenci\u00f3n de m\u00e1s de cuarenta\nabuelas residentes en el hogar se ver\u00e1 mejorada con el incremento de m\u00e1s socios\nque mensualmente abonen sus cuotas. Por eso el inicio de la campa\u00f1a para sumar\nadherentes. <\/p>\n\n\n\n<p>Con m\u00e1s de\n125 a\u00f1os desde su fundaci\u00f3n, el Hogar Divina Providencia comenz\u00f3 a funcionar\natendiendo a las mujeres mayores que quedaban solas o sin lugar para vivir, as\u00ed\ncomo religiosas de las Hermanas Pobres Bonaerenses. En los \u00faltimos tiempos,\ncomenzaron a sumar entre las residentes a mujeres con la obra social PAMI que\nrequiere mayor cantidad de recursos. <\/p>\n\n\n\n<p>\u201cEn una\ninstituci\u00f3n con tantos a\u00f1os y con tanta poblaci\u00f3n, hay que tener en cuenta que\npuede pasar lo mismo que en cualquier cosa. Un d\u00eda se puede romper un ca\u00f1o,\notro d\u00eda se quema un foco. Todo eso hay que mantenerlo y acondicionarlo.\nNuestra fuente de ayuda principal son los colaboradores y socios, por eso\nnecesitamos sumar m\u00e1s. Tambi\u00e9n recibimos ayuda del Municipio\u201d, destac\u00f3 Mar\u00eda\ndel Carmen en di\u00e1logo con los medios. <\/p>\n\n\n\n<p>Asimismo,\nSilva cont\u00f3 que tienen proyectado continuar con la obra de refacci\u00f3n y\nampliaci\u00f3n que iniciaron hace un par de a\u00f1os. Entre las obras planeadas existe\nla renovaci\u00f3n del lavadero, del comedor y de la sala de estar. <\/p>\n\n\n\n<p>Los\ninteresados pueden comunicarse con la instituci\u00f3n al tel\u00e9fono 420135 para\nacordar la visita de un representante del Hogar Divina Providencia para\nasociarlo. O pueden hacerse presentes en la sede del Hogar en calle 32, entre\n23 y 25.&nbsp; <\/p>\n","protected":false},"excerpt":{"rendered":"<p>Con el fin de sumar nuevos socios en la instituci\u00f3n, el Hogar Divina Providencia lanz\u00f3 campa\u00f1a para buscar adherentes al &#8230; <a title=\"Realizan campa\u00f1a de socios para el Hogar Divina Providencia\" class=\"read-more\" href=\"https:\/\/www.hoymercedes.com.ar\/principal\/2019\/07\/17\/realizan-campana-de-socios-para-el-hogar-divina-providencia\/\" aria-label=\"Leer m\u00e1s sobre Realizan campa\u00f1a de socios para el Hogar Divina Providencia\">Leer m\u00e1s<\/a><\/p>\n","protected":false},"author":1,"featured_media":67345,"comment_status":"closed","ping_status":"open","sticky":false,"template":"","format":"standard","meta":{"_monsterinsights_skip_tracking":false,"_monsterinsights_sitenote_active":false,"_monsterinsights_sitenote_note":"","_monsterinsights_sitenote_category":0,"jetpack_post_was_ever_published":false,"_jetpack_newsletter_access":"","_jetpack_dont_email_post_to_subs":false,"_jetpack_newsletter_tier_id":0,"_jetpack_memberships_contains_paywalled_content":false,"_jetpack_memberships_contains_paid_content":false,"footnotes":"","jetpack_publicize_message":"","jetpack_publicize_feature_enabled":true,"jetpack_social_post_already_shared":true,"jetpack_social_options":{"image_generator_settings":{"template":"highway","default_image_id":0,"font":"","enabled":false},"version":2},"_wpas_customize_per_network":false},"categories":[8],"tags":[15498],"class_list":["post-96719","post","type-post","status-publish","format-standard","has-post-thumbnail","hentry","category-sociedad","tag-hogar-de-la-divina-providencia","generate-columns","tablet-grid-50","mobile-grid-100","grid-parent","grid-50"],"jetpack_publicize_connections":[],"jetpack_featured_media_url":"https:\/\/www.hoymercedes.com.ar\/principal\/wp-content\/uploads\/2017\/09\/19-divina-providencia.jpg","wps_subtitle":"Crecimiento de la instituci\u00f3n","jetpack_sharing_enabled":true,"_links":{"self":[{"href":"https:\/\/www.hoymercedes.com.ar\/principal\/wp-json\/wp\/v2\/posts\/96719","targetHints":{"allow":["GET"]}}],"collection":[{"href":"https:\/\/www.hoymercedes.com.ar\/principal\/wp-json\/wp\/v2\/posts"}],"about":[{"href":"https:\/\/www.hoymercedes.com.ar\/principal\/wp-json\/wp\/v2\/types\/post"}],"author":[{"embeddable":true,"href":"https:\/\/www.hoymercedes.com.ar\/principal\/wp-json\/wp\/v2\/users\/1"}],"replies":[{"embeddable":true,"href":"https:\/\/www.hoymercedes.com.ar\/principal\/wp-json\/wp\/v2\/comments?post=96719"}],"version-history":[{"count":0,"href":"https:\/\/www.hoymercedes.com.ar\/principal\/wp-json\/wp\/v2\/posts\/96719\/revisions"}],"wp:featuredmedia":[{"embeddable":true,"href":"https:\/\/www.hoymercedes.com.ar\/principal\/wp-json\/wp\/v2\/media\/67345"}],"wp:attachment":[{"href":"https:\/\/www.hoymercedes.com.ar\/principal\/wp-json\/wp\/v2\/media?parent=96719"}],"wp:term":[{"taxonomy":"category","embeddable":true,"href":"https:\/\/www.hoymercedes.com.ar\/principal\/wp-json\/wp\/v2\/categories?post=96719"},{"taxonomy":"post_tag","embeddable":true,"href":"https:\/\/www.hoymercedes.com.ar\/principal\/wp-json\/wp\/v2\/tags?post=96719"}],"curies":[{"name":"wp","href":"https:\/\/api.w.org\/{rel}","templated":true}]}}