{"id":96755,"date":"2019-07-18T07:29:01","date_gmt":"2019-07-18T10:29:01","guid":{"rendered":"http:\/\/www.hoymercedes.com.ar\/principal\/?p=96755"},"modified":"2019-07-17T23:51:45","modified_gmt":"2019-07-18T02:51:45","slug":"el-tema-ambiental-en-la-localidad-de-carmen-de-areco-provincia-de-buenos-aires","status":"publish","type":"post","link":"https:\/\/www.hoymercedes.com.ar\/principal\/2019\/07\/18\/el-tema-ambiental-en-la-localidad-de-carmen-de-areco-provincia-de-buenos-aires\/","title":{"rendered":"El tema ambiental en la localidad de Carmen de Areco \u2013 Provincia de Buenos Aires"},"content":{"rendered":"\n<p>Cristi\u00e1n Frers* \u2013 Desde el a\u00f1o 2005 estuve intentando implementar en la localidad la elaboraci\u00f3n de una pol\u00edtica ambiental municipal, que satisfaga las necesidades en todos los sectores de la vida local. Es importante que cada sector de la comunidad haga un balance del entorno sobre el proceso hist\u00f3rico de desarrollo regional. Tambi\u00e9n se debe exigir elaborar un diagn\u00f3stico actualizado, definiendo c\u00f3mo esa realidad ambiental es afectada hoy por su entorno econ\u00f3mico, social, cultural, institucional de la Provincia y de la Naci\u00f3n, cosa que NUNCA ocurri\u00f3 en Carmen de Areco. <\/p>\n\n\n\n<p>Muchas\nveces la falta de coordinaci\u00f3n y de planificaci\u00f3n de las acciones de los\ngobiernos deriv\u00f3 en una total ineficacia de sus pol\u00edticas, y signific\u00f3, -en las\ncuestiones de ambiente y de infraestructura- la necesidad de volver al\nprincipio, a cero. Por ejemplo, las escasas veces que se establecieron medidas\nanticontaminantes de los cursos de agua, se acciona contra diversas empresas,\npero no se tienen en cuenta los basureros a cielo abierto, que siempre se encuentran\na la vera de los r\u00edos o donde se vierten l\u00edquidos cloacales sin tratamiento\nalguno, o simplemente se fugan efluentes con la complicidad de ciertos\nfuncionarios c\u00f3mplices. <\/p>\n\n\n\n<p>Las\npol\u00edticas ambientales, sobre todo aquellas dirigidas a frenar el da\u00f1o que causa\nla contaminaci\u00f3n, si se emprende una campa\u00f1a, no se pueden dejar fisuras o\nempezar por peque\u00f1eces. No sirve llevar los jardines de infantes a juntar\npapelitos, mientras se deja que una poderosa industria\ndesv\u00ede su efluente contaminante de la planta de tratamiento. No es eficiente\nhacer un llamado a la adhesi\u00f3n voluntaria de un plan de producci\u00f3n limpia, al\nque acudir\u00e1n los que siempre colaboran, pues aquellos a quienes la producci\u00f3n\nlimpia no les interesa seguir\u00e1n contaminando libremente. <\/p>\n\n\n\n<p>La\npol\u00edtica deber\u00eda hacer sustentable el proceso de desarrollo, velando por el\nderecho a vivir en un ambiente libre de contaminaci\u00f3n, con la protecci\u00f3n\nnecesaria, la preservaci\u00f3n de la naturaleza y la conservaci\u00f3n del medio\nambiente. Su fin \u00faltimo debe ser mejorar la calidad de vida de sus habitantes y\nde las pr\u00f3ximas generaciones futuras. <\/p>\n\n\n\n<p>Durante\na\u00f1os puse mi empe\u00f1o en minimizar la contaminaci\u00f3n con f\u00f3sforo en las aguas del\nr\u00edo Areco, creando un humeral artificial con plantas semi acu\u00e1ticas o\nacu\u00e1ticas, pues el fosforo en las aguas de r\u00edos produce contaminaci\u00f3n y deja de\nser un nutriente. Con el vertido continuo de detergentes, pesticidas,\nfertilizantes y aguas residuales urbanas e industriales, en muchas cuencas\nfluviales se a\u00f1aden \u201ccantidades desorbitadas\u201d de f\u00f3sforo, que se est\u00e1\nacumulando mucho m\u00e1s r\u00e1pidamente que otros elementos pues un an\u00e1lisis de agua\nrealizado en el 2006, dio 1,12 ppm, parte por mill\u00f3n de f\u00f3sforo en agua en el\nMunicipio. <\/p>\n\n\n\n<p>Despu\u00e9s\nde a\u00f1os de impulsar pol\u00edticas de reciclaje y pidiendo que se diera origen a una\nPlanta de Reciclaje para tratar la basura eliminada en los distintos basureros\na cielo abierto de la localidad, es \u201cprobable\u201d que la Planta est\u00e9 \u201cconstruida\u201d\nen el 2019, pero hace meses que no se encuentra en funcionamiento; \u201cPor qu\u00e9?\u201d Habr\u00eda\nque preguntarle al Intendente y a los diferentes \u201cpol\u00edticos\u201d de la ciudad. Es\nposible que no tengan ni idea de c\u00f3mo funciona una Planta de Reciclaje ni c\u00f3mo\nllevar a cabo pol\u00edticas adecuadas. <\/p>\n\n\n\n<p>Durante\nlos diez a\u00f1os que viv\u00ed en la localidad, present\u00e9 un interesante proyecto que\nten\u00eda como fin fabricar un bote hecho de botellas pl\u00e1sticas. Esto ten\u00eda como\nobjetivo fomentar el reciclaje y rescatar un n\u00famero importante de envases de\npl\u00e1stico, siendo \u00e9stos uno de los principales contaminantes en la actualidad.\nSe puede escuchar el proyecto en el siguiente link &nbsp;<a href=\"http:\/\/www.sincopenoticias.com.ar\/2012\/02\/10\/un-bote-de-botellas-el-proyecto-para-reciclar\/\" target=\"_blank\" rel=\"noopener\">http:\/\/www.sincopenoticias.com.ar\/2012\/02\/10\/un-bote-de-botellas-el-proyecto-para-reciclar\/<\/a> <\/p>\n\n\n\n<p>Hace\ntres a\u00f1os y medio que me fui de la localidad, buscando TRABAJO; en el a\u00f1o 2019,\nnada cambi\u00f3: todo sigue igual en el Municipio. Como dije, la gesti\u00f3n del actual\ngobierno municipal de Carmen de Areco demostr\u00f3 nula capacidad para llevar a\ncabo una pol\u00edtica eficiente contra este problema que me preocupa, como, por\nejemplo eliminando los focos de poluci\u00f3n y aplicando sanciones administrativas\nen contra los infractores de las diferentes normas que regulan el ecosistema. <\/p>\n\n\n\n<p>El\ndise\u00f1o e implementaci\u00f3n de una pol\u00edtica en este tema se erige como una\ncondici\u00f3n capital para lograr la equidad, el desarrollo econ\u00f3mico y el cuidado\ndel ambiente. Dicha pol\u00edtica deber\u00e1 reunir caracter\u00edsticas de estabilidad a\ntrav\u00e9s del tiempo, una consistencia con el desempe\u00f1o general y con la\nconsideraci\u00f3n de las capacidades de liderazgo p\u00fablico y privado, as\u00ed como de\nlas condiciones econ\u00f3micas, pol\u00edticas y sociales municipales. El \u00e9xito de la\ngesti\u00f3n ambiental deber\u00e1 fundarse en una clara definici\u00f3n de objetivos y\nprioridades, adem\u00e1s de ser congruentes con las necesidades reales de la\nsociedad.<\/p>\n\n\n\n<p>* Cristi\u00e1n Frers \u2013 T\u00e9cnico Superior en Gesti\u00f3n Ambiental y T\u00e9cnico Superior en Comunicaci\u00f3n Social (Periodista).<\/p>\n","protected":false},"excerpt":{"rendered":"<p>Cristi\u00e1n Frers* \u2013 Desde el a\u00f1o 2005 estuve intentando implementar en la localidad la elaboraci\u00f3n de una pol\u00edtica ambiental municipal, &#8230; <a title=\"El tema ambiental en la localidad de Carmen de Areco \u2013 Provincia de Buenos Aires\" class=\"read-more\" href=\"https:\/\/www.hoymercedes.com.ar\/principal\/2019\/07\/18\/el-tema-ambiental-en-la-localidad-de-carmen-de-areco-provincia-de-buenos-aires\/\" aria-label=\"Leer m\u00e1s sobre El tema ambiental en la localidad de Carmen de Areco \u2013 Provincia de Buenos Aires\">Leer m\u00e1s<\/a><\/p>\n","protected":false},"author":1,"featured_media":73662,"comment_status":"closed","ping_status":"open","sticky":false,"template":"","format":"standard","meta":{"_monsterinsights_skip_tracking":false,"_monsterinsights_sitenote_active":false,"_monsterinsights_sitenote_note":"","_monsterinsights_sitenote_category":0,"jetpack_post_was_ever_published":false,"_jetpack_newsletter_access":"","_jetpack_dont_email_post_to_subs":false,"_jetpack_newsletter_tier_id":0,"_jetpack_memberships_contains_paywalled_content":false,"_jetpack_memberships_contains_paid_content":false,"footnotes":"","jetpack_publicize_message":"","jetpack_publicize_feature_enabled":true,"jetpack_social_post_already_shared":true,"jetpack_social_options":{"image_generator_settings":{"template":"highway","default_image_id":0,"font":"","enabled":false},"version":2},"_wpas_customize_per_network":false},"categories":[1],"tags":[3169,43,8748],"class_list":["post-96755","post","type-post","status-publish","format-standard","has-post-thumbnail","hentry","category-opinion","tag-carmen-de-areco","tag-medio-ambiente","tag-opinion","generate-columns","tablet-grid-50","mobile-grid-100","grid-parent","grid-50"],"jetpack_publicize_connections":[],"jetpack_featured_media_url":"https:\/\/www.hoymercedes.com.ar\/principal\/wp-content\/uploads\/2018\/03\/20-rio-areco-700x467.jpg","wps_subtitle":"Medio ambiente","jetpack_sharing_enabled":true,"_links":{"self":[{"href":"https:\/\/www.hoymercedes.com.ar\/principal\/wp-json\/wp\/v2\/posts\/96755","targetHints":{"allow":["GET"]}}],"collection":[{"href":"https:\/\/www.hoymercedes.com.ar\/principal\/wp-json\/wp\/v2\/posts"}],"about":[{"href":"https:\/\/www.hoymercedes.com.ar\/principal\/wp-json\/wp\/v2\/types\/post"}],"author":[{"embeddable":true,"href":"https:\/\/www.hoymercedes.com.ar\/principal\/wp-json\/wp\/v2\/users\/1"}],"replies":[{"embeddable":true,"href":"https:\/\/www.hoymercedes.com.ar\/principal\/wp-json\/wp\/v2\/comments?post=96755"}],"version-history":[{"count":0,"href":"https:\/\/www.hoymercedes.com.ar\/principal\/wp-json\/wp\/v2\/posts\/96755\/revisions"}],"wp:featuredmedia":[{"embeddable":true,"href":"https:\/\/www.hoymercedes.com.ar\/principal\/wp-json\/wp\/v2\/media\/73662"}],"wp:attachment":[{"href":"https:\/\/www.hoymercedes.com.ar\/principal\/wp-json\/wp\/v2\/media?parent=96755"}],"wp:term":[{"taxonomy":"category","embeddable":true,"href":"https:\/\/www.hoymercedes.com.ar\/principal\/wp-json\/wp\/v2\/categories?post=96755"},{"taxonomy":"post_tag","embeddable":true,"href":"https:\/\/www.hoymercedes.com.ar\/principal\/wp-json\/wp\/v2\/tags?post=96755"}],"curies":[{"name":"wp","href":"https:\/\/api.w.org\/{rel}","templated":true}]}}