{"id":96758,"date":"2019-07-18T09:35:31","date_gmt":"2019-07-18T12:35:31","guid":{"rendered":"http:\/\/www.hoymercedes.com.ar\/principal\/?p=96758"},"modified":"2019-07-17T23:50:36","modified_gmt":"2019-07-18T02:50:36","slug":"envian-15-toneladas-de-materiales-electricos-para-su-reciclado","status":"publish","type":"post","link":"https:\/\/www.hoymercedes.com.ar\/principal\/2019\/07\/18\/envian-15-toneladas-de-materiales-electricos-para-su-reciclado\/","title":{"rendered":"Env\u00edan 15 toneladas de materiales el\u00e9ctricos para su reciclado"},"content":{"rendered":"\n<p>El Departamento de Ambiente de la Municipalidad de Mercedes efectu\u00f3 un nuevo env\u00edo de residuos electr\u00f3nicos para su reciclado, arribando a la importante suma de 15 toneladas. \u201cEstos son elementos que antes no se trataban como corresponde, con responsabilidad en el cuidado del espacio p\u00fablico. Ahora se reciclan y se les da un tratamiento acorde\u201d destacaron.<\/p>\n\n\n\n<p>\u201cM\u00e1s de 15 toneladas de residuos electr\u00f3nicos que transforman en sustento econ\u00f3mico y en preservaci\u00f3n ambiental\u201d narr\u00f3 Juan Cruz Mendia, responsable del \u00e1rea.<\/p>\n\n\n\n<p>\u201cHoy la Cooperativa Reciclando Trabajo y Dignidad retir\u00f3 m\u00e1s de 2 toneladas de RAEEs provenientes del programa de acopio municipal y de la empresa Magromer\u201d sostuvo.<\/p>\n\n\n\n<p>M\u00e1s adelante coment\u00f3 que \u201ceste es el sexto envi\u00f3 que hacemos desde que firmamos el convenio con la Cooperativa hace m\u00e1s de un a\u00f1o, sumando m\u00e1s de 15 toneladas totales de residuos de aparatos electr\u00f3nicos recuperados y reciclados\u201d para destacar que \u201cagradecemos a los vecinos, empresas e instituciones mercedinas por su compromiso ambiental y por su acompa\u00f1amiento al programa municipal de recolecci\u00f3n y acopio de RAEE\u201d<\/p>\n\n\n\n<p>Seguimos trabajando por una \u201cMercedes es Sustentable\u201d y es muy importante \u201ccuando gestionamos nuestros residuos\u201d por eso invitan a quienes deseen informarse o necesiten reciclar materiales lo hagan contact\u00e1ndose al \u201cDepartamento de ambiente llamando al 430355\u201d<\/p>\n\n\n\n<p>Fuente: Prensa Municipal<\/p>\n","protected":false},"excerpt":{"rendered":"<p>El Departamento de Ambiente de la Municipalidad de Mercedes efectu\u00f3 un nuevo env\u00edo de residuos electr\u00f3nicos para su reciclado, arribando &#8230; <a title=\"Env\u00edan 15 toneladas de materiales el\u00e9ctricos para su reciclado\" class=\"read-more\" href=\"https:\/\/www.hoymercedes.com.ar\/principal\/2019\/07\/18\/envian-15-toneladas-de-materiales-electricos-para-su-reciclado\/\" aria-label=\"Leer m\u00e1s sobre Env\u00edan 15 toneladas de materiales el\u00e9ctricos para su reciclado\">Leer m\u00e1s<\/a><\/p>\n","protected":false},"author":1,"featured_media":96759,"comment_status":"closed","ping_status":"open","sticky":false,"template":"","format":"standard","meta":{"_monsterinsights_skip_tracking":false,"_monsterinsights_sitenote_active":false,"_monsterinsights_sitenote_note":"","_monsterinsights_sitenote_category":0,"jetpack_post_was_ever_published":false,"_jetpack_newsletter_access":"","_jetpack_dont_email_post_to_subs":false,"_jetpack_newsletter_tier_id":0,"_jetpack_memberships_contains_paywalled_content":false,"_jetpack_memberships_contains_paid_content":false,"footnotes":"","jetpack_publicize_message":"","jetpack_publicize_feature_enabled":true,"jetpack_social_post_already_shared":true,"jetpack_social_options":{"image_generator_settings":{"template":"highway","default_image_id":0,"font":"","enabled":false},"version":2},"_wpas_customize_per_network":false},"categories":[30],"tags":[15502,244,13262],"class_list":["post-96758","post","type-post","status-publish","format-standard","has-post-thumbnail","hentry","category-municipio","tag-area-medio-ambiente","tag-municipio-2","tag-residuos-tecnologicos","generate-columns","tablet-grid-50","mobile-grid-100","grid-parent","grid-50"],"jetpack_publicize_connections":[],"jetpack_featured_media_url":"https:\/\/www.hoymercedes.com.ar\/principal\/wp-content\/uploads\/2019\/07\/18-reciclado.jpg","wps_subtitle":"","jetpack_sharing_enabled":true,"_links":{"self":[{"href":"https:\/\/www.hoymercedes.com.ar\/principal\/wp-json\/wp\/v2\/posts\/96758","targetHints":{"allow":["GET"]}}],"collection":[{"href":"https:\/\/www.hoymercedes.com.ar\/principal\/wp-json\/wp\/v2\/posts"}],"about":[{"href":"https:\/\/www.hoymercedes.com.ar\/principal\/wp-json\/wp\/v2\/types\/post"}],"author":[{"embeddable":true,"href":"https:\/\/www.hoymercedes.com.ar\/principal\/wp-json\/wp\/v2\/users\/1"}],"replies":[{"embeddable":true,"href":"https:\/\/www.hoymercedes.com.ar\/principal\/wp-json\/wp\/v2\/comments?post=96758"}],"version-history":[{"count":0,"href":"https:\/\/www.hoymercedes.com.ar\/principal\/wp-json\/wp\/v2\/posts\/96758\/revisions"}],"wp:featuredmedia":[{"embeddable":true,"href":"https:\/\/www.hoymercedes.com.ar\/principal\/wp-json\/wp\/v2\/media\/96759"}],"wp:attachment":[{"href":"https:\/\/www.hoymercedes.com.ar\/principal\/wp-json\/wp\/v2\/media?parent=96758"}],"wp:term":[{"taxonomy":"category","embeddable":true,"href":"https:\/\/www.hoymercedes.com.ar\/principal\/wp-json\/wp\/v2\/categories?post=96758"},{"taxonomy":"post_tag","embeddable":true,"href":"https:\/\/www.hoymercedes.com.ar\/principal\/wp-json\/wp\/v2\/tags?post=96758"}],"curies":[{"name":"wp","href":"https:\/\/api.w.org\/{rel}","templated":true}]}}