{"id":96761,"date":"2019-07-18T10:30:33","date_gmt":"2019-07-18T13:30:33","guid":{"rendered":"http:\/\/www.hoymercedes.com.ar\/principal\/?p=96761"},"modified":"2019-07-17T23:50:14","modified_gmt":"2019-07-18T02:50:14","slug":"las-cartas-centro-en-literalmammbo","status":"publish","type":"post","link":"https:\/\/www.hoymercedes.com.ar\/principal\/2019\/07\/18\/las-cartas-centro-en-literalmammbo\/","title":{"rendered":"Las cartas: centro en LiteralMAMMbo"},"content":{"rendered":"\n<p>Una nueva edici\u00f3n de LiteralMAMMbo suceder\u00e1 el viernes 19 de julio, 19:30 horas. Las cartas. Las que se escribieron y no llegaron. Las que se guardan. Las que se rompen. Las que unen y las que desunen. <\/p>\n\n\n\n<p>Cartas. Borroneadas. Tachadas. Perfumadas. Ajadas. Cartas al compa\u00f1ero de banco que se dejan en el borde del pupitre y las que atraviesan kil\u00f3metros en barcos, en aviones. \u00bfEs lo mismo una carta que un mail? Las nuevas tecnolog\u00edas nos privan de cartas ? Qu\u00e9 pas\u00f3 con los carteros, las estampillas , los buzones, las ranuras de las puertas, esperan cartas?\u00a0<\/p>\n\n\n\n<p>El viernes 19 de julio a las 19 30 horas en el MAMM se hablar\u00e1 de cartas  con las escritoras In\u00e9s Garland, Mercedes Araujo y con Lucia Solari. Y el cierre de la noche con la poeta Talata Rodr\u00edguez y su performance Padrepostal. <\/p>\n","protected":false},"excerpt":{"rendered":"<p>Una nueva edici\u00f3n de LiteralMAMMbo suceder\u00e1 el viernes 19 de julio, 19:30 horas. Las cartas. Las que se escribieron y &#8230; <a title=\"Las cartas: centro en LiteralMAMMbo\" class=\"read-more\" href=\"https:\/\/www.hoymercedes.com.ar\/principal\/2019\/07\/18\/las-cartas-centro-en-literalmammbo\/\" aria-label=\"Leer m\u00e1s sobre Las cartas: centro en LiteralMAMMbo\">Leer m\u00e1s<\/a><\/p>\n","protected":false},"author":1,"featured_media":96762,"comment_status":"closed","ping_status":"open","sticky":false,"template":"","format":"standard","meta":{"_monsterinsights_skip_tracking":false,"_monsterinsights_sitenote_active":false,"_monsterinsights_sitenote_note":"","_monsterinsights_sitenote_category":0,"jetpack_post_was_ever_published":false,"_jetpack_newsletter_access":"","_jetpack_dont_email_post_to_subs":false,"_jetpack_newsletter_tier_id":0,"_jetpack_memberships_contains_paywalled_content":false,"_jetpack_memberships_contains_paid_content":false,"footnotes":"","jetpack_publicize_message":"","jetpack_publicize_feature_enabled":true,"jetpack_social_post_already_shared":true,"jetpack_social_options":{"image_generator_settings":{"template":"highway","default_image_id":0,"font":"","enabled":false},"version":2},"_wpas_customize_per_network":false},"categories":[104],"tags":[7805,11444,11448,8674],"class_list":["post-96761","post","type-post","status-publish","format-standard","has-post-thumbnail","hentry","category-cultura","tag-cultura","tag-escritura","tag-literalmammbo","tag-mamm","generate-columns","tablet-grid-50","mobile-grid-100","grid-parent","grid-50"],"jetpack_publicize_connections":[],"jetpack_featured_media_url":"https:\/\/www.hoymercedes.com.ar\/principal\/wp-content\/uploads\/2019\/07\/17-literal-cartas.png","wps_subtitle":"Agenda del fin de semana","jetpack_sharing_enabled":true,"_links":{"self":[{"href":"https:\/\/www.hoymercedes.com.ar\/principal\/wp-json\/wp\/v2\/posts\/96761","targetHints":{"allow":["GET"]}}],"collection":[{"href":"https:\/\/www.hoymercedes.com.ar\/principal\/wp-json\/wp\/v2\/posts"}],"about":[{"href":"https:\/\/www.hoymercedes.com.ar\/principal\/wp-json\/wp\/v2\/types\/post"}],"author":[{"embeddable":true,"href":"https:\/\/www.hoymercedes.com.ar\/principal\/wp-json\/wp\/v2\/users\/1"}],"replies":[{"embeddable":true,"href":"https:\/\/www.hoymercedes.com.ar\/principal\/wp-json\/wp\/v2\/comments?post=96761"}],"version-history":[{"count":0,"href":"https:\/\/www.hoymercedes.com.ar\/principal\/wp-json\/wp\/v2\/posts\/96761\/revisions"}],"wp:featuredmedia":[{"embeddable":true,"href":"https:\/\/www.hoymercedes.com.ar\/principal\/wp-json\/wp\/v2\/media\/96762"}],"wp:attachment":[{"href":"https:\/\/www.hoymercedes.com.ar\/principal\/wp-json\/wp\/v2\/media?parent=96761"}],"wp:term":[{"taxonomy":"category","embeddable":true,"href":"https:\/\/www.hoymercedes.com.ar\/principal\/wp-json\/wp\/v2\/categories?post=96761"},{"taxonomy":"post_tag","embeddable":true,"href":"https:\/\/www.hoymercedes.com.ar\/principal\/wp-json\/wp\/v2\/tags?post=96761"}],"curies":[{"name":"wp","href":"https:\/\/api.w.org\/{rel}","templated":true}]}}