{"id":96767,"date":"2019-07-18T13:14:10","date_gmt":"2019-07-18T16:14:10","guid":{"rendered":"http:\/\/www.hoymercedes.com.ar\/principal\/?p=96767"},"modified":"2019-07-18T17:05:17","modified_gmt":"2019-07-18T20:05:17","slug":"educacion-que-ideas-que-propuestas","status":"publish","type":"post","link":"https:\/\/www.hoymercedes.com.ar\/principal\/2019\/07\/18\/educacion-que-ideas-que-propuestas\/","title":{"rendered":"Educaci\u00f3n: \u00bfQu\u00e9 ideas? \u00bfQu\u00e9 propuestas?"},"content":{"rendered":"\n<p>Por Eduardo J.\nPisoni* &#8211; \u00bfEn qu\u00e9 piensan los candidatos que aspiran a ocupar cargos p\u00fablicos,\ncuando hablan de futuro, de desarrollo, de igualdad de oportunidades, etc.,\netc., etc., sin referir que todo eso tiene su base y sustento ineludible en la\neducaci\u00f3n?<\/p>\n\n\n\n<p>\u201cSin mejor\neducaci\u00f3n no podremos abatir ni la pobreza ni la exclusi\u00f3n social en este\nglobalizado siglo XXI\u201d. Con estas palabras inicia un art\u00edculo de debate, un\nintegrante de la ANE (Academia Nacional de Educaci\u00f3n). Y, en la misma l\u00ednea, A.\nToffler expresa: \u201cTodos los sistemas econ\u00f3micos descansan sobre una <strong>base de conocimientos<\/strong>\u201d (l\u00e9ase: \u201cacci\u00f3n\neducadora\u201d).<\/p>\n\n\n\n<p>Ciertamente,\nasistimos a un \u201crosario\u201d de promesas pero en educaci\u00f3n, parece que no se\npiensa, se habla poco o no aparece en los discursos de campa\u00f1a, no hay\nproyectos ni propuestas concretas, s\u00f3lo descalificaci\u00f3n del adversario (por parte\nde todos los colores partidarios) y promesas de corregir el rumbo pero\u2026 de\neducaci\u00f3n no se habla, no hay debate, no hay propuestas. Una simple mirada a\nnuestra historia nos har\u00e1 recordar la importancia que tiene pensar y proyectar\nla educaci\u00f3n; s\u00f3lo con evocar la llamada generaci\u00f3n del 80, sus ideas, sus\ndebates, sus propuestas que llevaron a la construcci\u00f3n de un sistema educativo\ncuyos frutos se recogieron 20\/30 a\u00f1os despu\u00e9s, poniendo a nuestro pa\u00eds entre\nlos m\u00e1s desarrollados de la regi\u00f3n y del mundo.<\/p>\n\n\n\n<p>No obstante,\nalgunas manifestaciones recientes son alentadoras e invitan a mantener\nesperanzas. Las cr\u00f3nicas period\u00edsticas de hace algunos d\u00edas informan que, \u201cM\u00e1s\nde 30 expertos en educaci\u00f3n solicitan a los precandidatos de cada fuerza\npol\u00edtica que presenten sus propuestas educativas. Invitan a otros referentes y\norganizaciones a participar con la intenci\u00f3n de que la educaci\u00f3n tenga un rol\nrelevante en la campa\u00f1a electoral\u201d. Concretamente solicitan que den a conocer\nqu\u00e9 ideas y qu\u00e9 propuestas plantean al respecto.<\/p>\n\n\n\n<p><strong>El Observatorio Argentinos por la Educaci\u00f3n <\/strong>ha impulsado esta iniciativa\ny entre los convocados se encuentra Juan Llach, miembro de la Academia Nacional\nde Educaci\u00f3n, quien ha expresado: \u201cDebemos dejar atr\u00e1s el doble discurso sobre\nla educaci\u00f3n. Se dice que es lo m\u00e1s importante, pero en la dedicaci\u00f3n de tiempo\ny de recursos materiales, intelectuales, t\u00e9cnicos y organizativos, muchas veces\nqueda postergada. Por eso veo muy valiosa y oportuna la iniciativa del\nObservatorio Argentinos por la Educaci\u00f3n, que busca comprometer a los\ncandidatos presidenciales a presentar su plataforma educativa, con contenidos\nbien concretos\u201d\u2026<\/p>\n\n\n\n<p>Por otra\nparte, la <strong>Academia Nacional de Educaci\u00f3n<\/strong>\npresidida por Guillermo Jaim Etcheverry difundi\u00f3 una carta dirigida a los candidatos\na ocupar cargos p\u00fablicos, con el objetivo de concientizar y llamar la atenci\u00f3n\nsobre los temas educativos en la campa\u00f1a. (Noticia difundida por un matutino el\n10-07-19).<\/p>\n\n\n\n<p>Es\nesperanzador que se tome conciencia de la importancia que la educaci\u00f3n tiene\npara el desarrollo y el progreso y se reclamen ideas, proyectos, acciones a\ntodas las jurisdicciones que tienen responsabilidades en las pol\u00edticas\np\u00fablicas. Es necesario (y urgente) que el tema \u201ceducaci\u00f3n\u201d se instale en la\nconciencia social y que, quienes est\u00e1n involucrados en el tema de manera\ndirecta, generen aportes orientadores y creativos.<\/p>\n\n\n\n<p>*Eduardo J.\nPisoni es docente de Educaci\u00f3n Superior especializado en Pedagog\u00eda, Did\u00e1ctica y\neducaci\u00f3n para adultos. <\/p>\n","protected":false},"excerpt":{"rendered":"<p>Por Eduardo J. Pisoni* &#8211; \u00bfEn qu\u00e9 piensan los candidatos que aspiran a ocupar cargos p\u00fablicos, cuando hablan de futuro, &#8230; <a title=\"Educaci\u00f3n: \u00bfQu\u00e9 ideas? \u00bfQu\u00e9 propuestas?\" class=\"read-more\" href=\"https:\/\/www.hoymercedes.com.ar\/principal\/2019\/07\/18\/educacion-que-ideas-que-propuestas\/\" aria-label=\"Leer m\u00e1s sobre Educaci\u00f3n: \u00bfQu\u00e9 ideas? \u00bfQu\u00e9 propuestas?\">Leer m\u00e1s<\/a><\/p>\n","protected":false},"author":1,"featured_media":91602,"comment_status":"closed","ping_status":"open","sticky":false,"template":"","format":"standard","meta":{"_monsterinsights_skip_tracking":false,"_monsterinsights_sitenote_active":false,"_monsterinsights_sitenote_note":"","_monsterinsights_sitenote_category":0,"jetpack_post_was_ever_published":false,"_jetpack_newsletter_access":"","_jetpack_dont_email_post_to_subs":false,"_jetpack_newsletter_tier_id":0,"_jetpack_memberships_contains_paywalled_content":false,"_jetpack_memberships_contains_paid_content":false,"footnotes":"","jetpack_publicize_message":"","jetpack_publicize_feature_enabled":true,"jetpack_social_post_already_shared":true,"jetpack_social_options":{"image_generator_settings":{"template":"highway","default_image_id":0,"font":"","enabled":false},"version":2},"_wpas_customize_per_network":false},"categories":[1],"tags":[47,9142,8748],"class_list":["post-96767","post","type-post","status-publish","format-standard","has-post-thumbnail","hentry","category-opinion","tag-educacion-2","tag-elecciones","tag-opinion","generate-columns","tablet-grid-50","mobile-grid-100","grid-parent","grid-50"],"jetpack_publicize_connections":[],"jetpack_featured_media_url":"https:\/\/www.hoymercedes.com.ar\/principal\/wp-content\/uploads\/2019\/04\/18-ambiente-educaci\u00f3n.jpg","wps_subtitle":"Colaboraci\u00f3n","jetpack_sharing_enabled":true,"_links":{"self":[{"href":"https:\/\/www.hoymercedes.com.ar\/principal\/wp-json\/wp\/v2\/posts\/96767","targetHints":{"allow":["GET"]}}],"collection":[{"href":"https:\/\/www.hoymercedes.com.ar\/principal\/wp-json\/wp\/v2\/posts"}],"about":[{"href":"https:\/\/www.hoymercedes.com.ar\/principal\/wp-json\/wp\/v2\/types\/post"}],"author":[{"embeddable":true,"href":"https:\/\/www.hoymercedes.com.ar\/principal\/wp-json\/wp\/v2\/users\/1"}],"replies":[{"embeddable":true,"href":"https:\/\/www.hoymercedes.com.ar\/principal\/wp-json\/wp\/v2\/comments?post=96767"}],"version-history":[{"count":0,"href":"https:\/\/www.hoymercedes.com.ar\/principal\/wp-json\/wp\/v2\/posts\/96767\/revisions"}],"wp:featuredmedia":[{"embeddable":true,"href":"https:\/\/www.hoymercedes.com.ar\/principal\/wp-json\/wp\/v2\/media\/91602"}],"wp:attachment":[{"href":"https:\/\/www.hoymercedes.com.ar\/principal\/wp-json\/wp\/v2\/media?parent=96767"}],"wp:term":[{"taxonomy":"category","embeddable":true,"href":"https:\/\/www.hoymercedes.com.ar\/principal\/wp-json\/wp\/v2\/categories?post=96767"},{"taxonomy":"post_tag","embeddable":true,"href":"https:\/\/www.hoymercedes.com.ar\/principal\/wp-json\/wp\/v2\/tags?post=96767"}],"curies":[{"name":"wp","href":"https:\/\/api.w.org\/{rel}","templated":true}]}}