{"id":96773,"date":"2019-07-18T16:29:04","date_gmt":"2019-07-18T19:29:04","guid":{"rendered":"http:\/\/www.hoymercedes.com.ar\/principal\/?p=96773"},"modified":"2019-07-18T17:05:03","modified_gmt":"2019-07-18T20:05:03","slug":"realizan-trabajos-en-la-red-cloacal-del-barrio-fonavi","status":"publish","type":"post","link":"https:\/\/www.hoymercedes.com.ar\/principal\/2019\/07\/18\/realizan-trabajos-en-la-red-cloacal-del-barrio-fonavi\/","title":{"rendered":"Realizan trabajos en la red cloacal del Barrio Fonavi"},"content":{"rendered":"\n<p>El Municipio de Mercedes est\u00e1 realizando una obra de recambio de la red cloacal en calle 15 entre 2 y 104. Los taponamientos de los ca\u00f1os y el desgaste del tiempo hicieron que se derrumbara parte de la red y desapareciera esa ca\u00f1er\u00eda. El recambio se hizo con tubos de PVC. Esto beneficiar\u00e1 a muchos barrios y con ellos a cientos de vecinos.<\/p>\n\n\n\n<p>El jefe de gabinete, Mat\u00edas Dematei se\u00f1al\u00f3 \u201clos problemas en esa zona eran recurrentes, el personal municipal se hac\u00eda presente en el lugar pero no pod\u00edan llegar a una soluci\u00f3n\u201d y agreg\u00f3&nbsp;&nbsp;\u201cPor lo cual, se lleg\u00f3 a la conclusi\u00f3n que debido a lo a\u00f1ejo de las ca\u00f1er\u00edas, las mismas ya no exist\u00edan, como ha pasado en otros sectores de la ciudad\u201d se\u00f1al\u00f3 Mat\u00edas Dematei\u201d.<\/p>\n\n\n\n<p>\u201cAl romper nos dimos cuenta que se hab\u00eda desmoronado el conducto al no estar el ca\u00f1o\u201d afirm\u00f3 el Jefe de Gabinete y destac\u00f3 \u201cdecidimos hacer un recambio de 250 metros de ca\u00f1er\u00edas de red cloacal\u201d.<\/p>\n\n\n\n<p>Es importante subrayar que este recambio traer\u00e1 un una soluci\u00f3n concreta a una problem\u00e1tica que afectaba de manera directa al barrio Fonavi \u201ccon esta obra que se hace con fondos municipales se le da una soluci\u00f3n a todos estos vecinos que desde hace un tiempo ven\u00edan sufriendo este problema de cloaca\u201d remarc\u00f3 Dematei.&nbsp;&nbsp;<\/p>\n\n\n\n<p>\u201cLa antigua ca\u00f1er\u00eda de cemento se fue desgastando por los mismo fluidos, con lo cual, decidimos hacer el recambio total por tubos de PVC\u201d apunt\u00f3 el jefe de gabinete, Mat\u00edas Dematei y manifest\u00f3 \u201cesto le dar\u00e1 una soluci\u00f3n real y concreta, donde no se trata de un parche sino de una soluci\u00f3n definitiva\u201d.<\/p>\n\n\n\n<p>El Municipio de Mercedes viene dando soluci\u00f3n a esta problem\u00e1tica existente en la ciudad trabajando de manera intensa y sostenida. Fue as\u00ed como durante el 2018 se arregl\u00f3 el cami\u00f3n desobstructor existente y se compr\u00f3 uno cero kil\u00f3metro por un valor de 8 millones de pesos, sumado a los cambios constantes de las ca\u00f1er\u00edas de las v\u00edas cloacales que tan buenos resultados vienen teniendo.<br><\/p>\n","protected":false},"excerpt":{"rendered":"<p>El Municipio de Mercedes est\u00e1 realizando una obra de recambio de la red cloacal en calle 15 entre 2 y &#8230; <a title=\"Realizan trabajos en la red cloacal del Barrio Fonavi\" class=\"read-more\" href=\"https:\/\/www.hoymercedes.com.ar\/principal\/2019\/07\/18\/realizan-trabajos-en-la-red-cloacal-del-barrio-fonavi\/\" aria-label=\"Leer m\u00e1s sobre Realizan trabajos en la red cloacal del Barrio Fonavi\">Leer m\u00e1s<\/a><\/p>\n","protected":false},"author":1,"featured_media":96774,"comment_status":"closed","ping_status":"open","sticky":false,"template":"","format":"standard","meta":{"_monsterinsights_skip_tracking":false,"_monsterinsights_sitenote_active":false,"_monsterinsights_sitenote_note":"","_monsterinsights_sitenote_category":0,"jetpack_post_was_ever_published":false,"_jetpack_newsletter_access":"","_jetpack_dont_email_post_to_subs":false,"_jetpack_newsletter_tier_id":0,"_jetpack_memberships_contains_paywalled_content":false,"_jetpack_memberships_contains_paid_content":false,"footnotes":"","jetpack_publicize_message":"","jetpack_publicize_feature_enabled":true,"jetpack_social_post_already_shared":true,"jetpack_social_options":{"image_generator_settings":{"template":"highway","default_image_id":0,"font":"","enabled":false},"version":2},"_wpas_customize_per_network":false},"categories":[30],"tags":[600,9901,244],"class_list":["post-96773","post","type-post","status-publish","format-standard","has-post-thumbnail","hentry","category-municipio","tag-barrios","tag-cloacas","tag-municipio-2","generate-columns","tablet-grid-50","mobile-grid-100","grid-parent","grid-50"],"jetpack_publicize_connections":[],"jetpack_featured_media_url":"https:\/\/www.hoymercedes.com.ar\/principal\/wp-content\/uploads\/2019\/07\/18-cloacas-fonavi.jpeg","wps_subtitle":"","jetpack_sharing_enabled":true,"_links":{"self":[{"href":"https:\/\/www.hoymercedes.com.ar\/principal\/wp-json\/wp\/v2\/posts\/96773","targetHints":{"allow":["GET"]}}],"collection":[{"href":"https:\/\/www.hoymercedes.com.ar\/principal\/wp-json\/wp\/v2\/posts"}],"about":[{"href":"https:\/\/www.hoymercedes.com.ar\/principal\/wp-json\/wp\/v2\/types\/post"}],"author":[{"embeddable":true,"href":"https:\/\/www.hoymercedes.com.ar\/principal\/wp-json\/wp\/v2\/users\/1"}],"replies":[{"embeddable":true,"href":"https:\/\/www.hoymercedes.com.ar\/principal\/wp-json\/wp\/v2\/comments?post=96773"}],"version-history":[{"count":0,"href":"https:\/\/www.hoymercedes.com.ar\/principal\/wp-json\/wp\/v2\/posts\/96773\/revisions"}],"wp:featuredmedia":[{"embeddable":true,"href":"https:\/\/www.hoymercedes.com.ar\/principal\/wp-json\/wp\/v2\/media\/96774"}],"wp:attachment":[{"href":"https:\/\/www.hoymercedes.com.ar\/principal\/wp-json\/wp\/v2\/media?parent=96773"}],"wp:term":[{"taxonomy":"category","embeddable":true,"href":"https:\/\/www.hoymercedes.com.ar\/principal\/wp-json\/wp\/v2\/categories?post=96773"},{"taxonomy":"post_tag","embeddable":true,"href":"https:\/\/www.hoymercedes.com.ar\/principal\/wp-json\/wp\/v2\/tags?post=96773"}],"curies":[{"name":"wp","href":"https:\/\/api.w.org\/{rel}","templated":true}]}}