{"id":96805,"date":"2019-07-19T10:00:29","date_gmt":"2019-07-19T13:00:29","guid":{"rendered":"http:\/\/www.hoymercedes.com.ar\/principal\/?p=96805"},"modified":"2019-07-19T09:35:22","modified_gmt":"2019-07-19T12:35:22","slug":"fiesta-retro-solidaria-para-el-dia-del-amigo","status":"publish","type":"post","link":"https:\/\/www.hoymercedes.com.ar\/principal\/2019\/07\/19\/fiesta-retro-solidaria-para-el-dia-del-amigo\/","title":{"rendered":"Fiesta Retro Solidaria para el D\u00eda del Amigo"},"content":{"rendered":"\n<p>Carlos \u00abBunker\u00bb Brea y Sergio \u00abLa Leyenda\u00bb Maineri vuelven a reunirse para llevar adelante una fiesta solidaria con m\u00fasica retro y especial para celebrar el D\u00eda del Amigo. La fiesta ser\u00e1 el s\u00e1bado 20 de julio en el Club del Progreso (CdeP). La m\u00fasica estar\u00e1 a cargo de cuatro dj\u2019s de la ciudad. Las instituciones beneficiadas ser\u00e1n el Club de Leones y la ONG Amigo Animal. <\/p>\n\n\n\n<p>El D\u00eda del Amigo se acerca y son muchos los grupos que\ndeciden reunirse y festejar juntos la amistad. La propuesta para este s\u00e1bado es\nuna Fiesta Retro con m\u00fasica de La Leyenda Sergio Maineri, y El Bunker Carlos\nBrea como invitados especiales estar\u00e1n los DJ\u2019s Matute (Mat\u00edas Vaccotti) y Kopo\nMaster (Mauro Brea). <\/p>\n\n\n\n<p>La Fiesta ser\u00e1 solidaria. Ya que lo recaudado ser\u00e1\ndistribuido entre El Club de Leones y Vida Animal. La primera, instituci\u00f3n\ninternacional, podr\u00e1 intensificar sus programas de servicios como el banco de\nanteojos en conjunto con el Municipio y la atenci\u00f3n oftalmol\u00f3gica en el CIC, la\nentrega de aud\u00edfonos, el ropero y el banco de libros. En tanto, la ONG\nprotectora de animales podr\u00e1 continuar con su trabajo de asistencia a animales\nque esperan ser adoptados. <\/p>\n\n\n\n<p>La invitaci\u00f3n es \u201cpara despu\u00e9s de cena\u201d y reunirse a bailar\nen CdeP. Organizan FM La Tribuna y Carlos El Bunker Brea. Entradas anticipadas\n$200, solicit\u00e1ndolas al tel\u00e9fono 15 672445. <\/p>\n","protected":false},"excerpt":{"rendered":"<p>Carlos \u00abBunker\u00bb Brea y Sergio \u00abLa Leyenda\u00bb Maineri vuelven a reunirse para llevar adelante una fiesta solidaria con m\u00fasica retro &#8230; <a title=\"Fiesta Retro Solidaria para el D\u00eda del Amigo\" class=\"read-more\" href=\"https:\/\/www.hoymercedes.com.ar\/principal\/2019\/07\/19\/fiesta-retro-solidaria-para-el-dia-del-amigo\/\" aria-label=\"Leer m\u00e1s sobre Fiesta Retro Solidaria para el D\u00eda del Amigo\">Leer m\u00e1s<\/a><\/p>\n","protected":false},"author":1,"featured_media":96806,"comment_status":"closed","ping_status":"open","sticky":false,"template":"","format":"standard","meta":{"_monsterinsights_skip_tracking":false,"_monsterinsights_sitenote_active":false,"_monsterinsights_sitenote_note":"","_monsterinsights_sitenote_category":0,"jetpack_post_was_ever_published":false,"_jetpack_newsletter_access":"","_jetpack_dont_email_post_to_subs":false,"_jetpack_newsletter_tier_id":0,"_jetpack_memberships_contains_paywalled_content":false,"_jetpack_memberships_contains_paid_content":false,"footnotes":"","jetpack_publicize_message":"","jetpack_publicize_feature_enabled":true,"jetpack_social_post_already_shared":true,"jetpack_social_options":{"image_generator_settings":{"template":"highway","default_image_id":0,"font":"","enabled":false},"version":2},"_wpas_customize_per_network":false},"categories":[104],"tags":[7805,15478,15507,3361],"class_list":["post-96805","post","type-post","status-publish","format-standard","has-post-thumbnail","hentry","category-cultura","tag-cultura","tag-dia-del-amigo","tag-fiesta-retro","tag-solidaridad","generate-columns","tablet-grid-50","mobile-grid-100","grid-parent","grid-50"],"jetpack_publicize_connections":[],"jetpack_featured_media_url":"https:\/\/www.hoymercedes.com.ar\/principal\/wp-content\/uploads\/2019\/07\/19-amigo-retro.jpg","wps_subtitle":"Celebrar con amigos","jetpack_sharing_enabled":true,"_links":{"self":[{"href":"https:\/\/www.hoymercedes.com.ar\/principal\/wp-json\/wp\/v2\/posts\/96805","targetHints":{"allow":["GET"]}}],"collection":[{"href":"https:\/\/www.hoymercedes.com.ar\/principal\/wp-json\/wp\/v2\/posts"}],"about":[{"href":"https:\/\/www.hoymercedes.com.ar\/principal\/wp-json\/wp\/v2\/types\/post"}],"author":[{"embeddable":true,"href":"https:\/\/www.hoymercedes.com.ar\/principal\/wp-json\/wp\/v2\/users\/1"}],"replies":[{"embeddable":true,"href":"https:\/\/www.hoymercedes.com.ar\/principal\/wp-json\/wp\/v2\/comments?post=96805"}],"version-history":[{"count":0,"href":"https:\/\/www.hoymercedes.com.ar\/principal\/wp-json\/wp\/v2\/posts\/96805\/revisions"}],"wp:featuredmedia":[{"embeddable":true,"href":"https:\/\/www.hoymercedes.com.ar\/principal\/wp-json\/wp\/v2\/media\/96806"}],"wp:attachment":[{"href":"https:\/\/www.hoymercedes.com.ar\/principal\/wp-json\/wp\/v2\/media?parent=96805"}],"wp:term":[{"taxonomy":"category","embeddable":true,"href":"https:\/\/www.hoymercedes.com.ar\/principal\/wp-json\/wp\/v2\/categories?post=96805"},{"taxonomy":"post_tag","embeddable":true,"href":"https:\/\/www.hoymercedes.com.ar\/principal\/wp-json\/wp\/v2\/tags?post=96805"}],"curies":[{"name":"wp","href":"https:\/\/api.w.org\/{rel}","templated":true}]}}