{"id":96820,"date":"2019-07-19T13:13:52","date_gmt":"2019-07-19T16:13:52","guid":{"rendered":"http:\/\/www.hoymercedes.com.ar\/principal\/?p=96820"},"modified":"2019-07-19T15:47:58","modified_gmt":"2019-07-19T18:47:58","slug":"nuevos-cortes-de-luz-programados","status":"publish","type":"post","link":"https:\/\/www.hoymercedes.com.ar\/principal\/2019\/07\/19\/nuevos-cortes-de-luz-programados\/","title":{"rendered":"Nuevos cortes de luz programados"},"content":{"rendered":"\n<p>EDEN informa que se realizar\u00e1n trabajos en la red el\u00e9ctrica este s\u00e1bado 20 de julio. En esta oportunidad, los cortes programados son de 8 a 9:30 horas en la zona incluida entre calle 29 a 35 y de 34 a 40, y de 13 a 17 horas en la zona de 26 a 32 y de 19 a 27. <\/p>\n\n\n\n<p>Con el objetivo de brindar  un mejor servicio, para realizar estas mejoras y como medida de seguridad, es necesario interrumpir el suministro de forma moment\u00e1nea mientras se trabaja en la red el\u00e9ctrica:<\/p>\n\n\n\n<p>El d\u00eda s\u00e1bado 20 de julio de 8:00 a 9:30 horas en la zona comprendida por las calles 29 a 35, de 34 a 40 y de 13:00 a 17:00 horas en el sector delimitado por las calles 26 a 32, de 19 a 27.<\/p>\n\n\n\n<p>En caso de presentarse condiciones clim\u00e1ticas adversas, las actividades ser\u00e1n reprogramadas.<br><\/p>\n","protected":false},"excerpt":{"rendered":"<p>EDEN informa que se realizar\u00e1n trabajos en la red el\u00e9ctrica este s\u00e1bado 20 de julio. En esta oportunidad, los cortes &#8230; <a title=\"Nuevos cortes de luz programados\" class=\"read-more\" href=\"https:\/\/www.hoymercedes.com.ar\/principal\/2019\/07\/19\/nuevos-cortes-de-luz-programados\/\" aria-label=\"Leer m\u00e1s sobre Nuevos cortes de luz programados\">Leer m\u00e1s<\/a><\/p>\n","protected":false},"author":1,"featured_media":46617,"comment_status":"closed","ping_status":"open","sticky":false,"template":"","format":"standard","meta":{"_monsterinsights_skip_tracking":false,"_monsterinsights_sitenote_active":false,"_monsterinsights_sitenote_note":"","_monsterinsights_sitenote_category":0,"jetpack_post_was_ever_published":false,"_jetpack_newsletter_access":"","_jetpack_dont_email_post_to_subs":false,"_jetpack_newsletter_tier_id":0,"_jetpack_memberships_contains_paywalled_content":false,"_jetpack_memberships_contains_paid_content":false,"footnotes":"","jetpack_publicize_message":"","jetpack_publicize_feature_enabled":true,"jetpack_social_post_already_shared":true,"jetpack_social_options":{"image_generator_settings":{"template":"highway","default_image_id":0,"font":"","enabled":false},"version":2},"_wpas_customize_per_network":false},"categories":[11],"tags":[15512,1023],"class_list":["post-96820","post","type-post","status-publish","format-standard","has-post-thumbnail","hentry","category-ciudad","tag-corte-de-luz-programados","tag-eden","generate-columns","tablet-grid-50","mobile-grid-100","grid-parent","grid-50"],"jetpack_publicize_connections":[],"jetpack_featured_media_url":"https:\/\/www.hoymercedes.com.ar\/principal\/wp-content\/uploads\/2015\/12\/eden.jpg","wps_subtitle":"Por arreglos en el servicio","jetpack_sharing_enabled":true,"_links":{"self":[{"href":"https:\/\/www.hoymercedes.com.ar\/principal\/wp-json\/wp\/v2\/posts\/96820","targetHints":{"allow":["GET"]}}],"collection":[{"href":"https:\/\/www.hoymercedes.com.ar\/principal\/wp-json\/wp\/v2\/posts"}],"about":[{"href":"https:\/\/www.hoymercedes.com.ar\/principal\/wp-json\/wp\/v2\/types\/post"}],"author":[{"embeddable":true,"href":"https:\/\/www.hoymercedes.com.ar\/principal\/wp-json\/wp\/v2\/users\/1"}],"replies":[{"embeddable":true,"href":"https:\/\/www.hoymercedes.com.ar\/principal\/wp-json\/wp\/v2\/comments?post=96820"}],"version-history":[{"count":0,"href":"https:\/\/www.hoymercedes.com.ar\/principal\/wp-json\/wp\/v2\/posts\/96820\/revisions"}],"wp:featuredmedia":[{"embeddable":true,"href":"https:\/\/www.hoymercedes.com.ar\/principal\/wp-json\/wp\/v2\/media\/46617"}],"wp:attachment":[{"href":"https:\/\/www.hoymercedes.com.ar\/principal\/wp-json\/wp\/v2\/media?parent=96820"}],"wp:term":[{"taxonomy":"category","embeddable":true,"href":"https:\/\/www.hoymercedes.com.ar\/principal\/wp-json\/wp\/v2\/categories?post=96820"},{"taxonomy":"post_tag","embeddable":true,"href":"https:\/\/www.hoymercedes.com.ar\/principal\/wp-json\/wp\/v2\/tags?post=96820"}],"curies":[{"name":"wp","href":"https:\/\/api.w.org\/{rel}","templated":true}]}}