{"id":96860,"date":"2019-07-20T12:39:22","date_gmt":"2019-07-20T15:39:22","guid":{"rendered":"http:\/\/www.hoymercedes.com.ar\/principal\/?p=96860"},"modified":"2019-07-20T13:11:40","modified_gmt":"2019-07-20T16:11:40","slug":"llevemos-la-lucha-por-el-derecho-de-las-mujeres-al-concejo","status":"publish","type":"post","link":"https:\/\/www.hoymercedes.com.ar\/principal\/2019\/07\/20\/llevemos-la-lucha-por-el-derecho-de-las-mujeres-al-concejo\/","title":{"rendered":"\u00abLlevemos la lucha por el Derecho de las Mujeres al Concejo\u00bb"},"content":{"rendered":"\n<p>Desde hace unos d\u00edas, los equipos de militantes y simpatizantes del Frente de Izquierda vienen recorriendo los barrios.<\/p>\n\n\n\n<figure class=\"wp-block-image\"><img loading=\"lazy\" decoding=\"async\" width=\"750\" height=\"563\" data-attachment-id=\"96861\" data-permalink=\"https:\/\/www.hoymercedes.com.ar\/principal\/2019\/07\/20\/llevemos-la-lucha-por-el-derecho-de-las-mujeres-al-concejo\/20-fit-mujeres\/#main\" data-orig-file=\"https:\/\/www.hoymercedes.com.ar\/principal\/wp-content\/uploads\/2019\/07\/20-FIT-mujeres.jpg\" data-orig-size=\"750,563\" data-comments-opened=\"0\" data-image-meta=\"{&quot;aperture&quot;:&quot;0&quot;,&quot;credit&quot;:&quot;&quot;,&quot;camera&quot;:&quot;&quot;,&quot;caption&quot;:&quot;&quot;,&quot;created_timestamp&quot;:&quot;0&quot;,&quot;copyright&quot;:&quot;&quot;,&quot;focal_length&quot;:&quot;0&quot;,&quot;iso&quot;:&quot;0&quot;,&quot;shutter_speed&quot;:&quot;0&quot;,&quot;title&quot;:&quot;&quot;,&quot;orientation&quot;:&quot;0&quot;}\" data-image-title=\"20 FIT mujeres\" data-image-description=\"\" data-image-caption=\"\" data-large-file=\"https:\/\/www.hoymercedes.com.ar\/principal\/wp-content\/uploads\/2019\/07\/20-FIT-mujeres.jpg\" src=\"https:\/\/www.hoymercedes.com.ar\/principal\/wp-content\/uploads\/2019\/07\/20-FIT-mujeres.jpg\" alt=\"\" class=\"wp-image-96861\" srcset=\"https:\/\/www.hoymercedes.com.ar\/principal\/wp-content\/uploads\/2019\/07\/20-FIT-mujeres.jpg 750w, https:\/\/www.hoymercedes.com.ar\/principal\/wp-content\/uploads\/2019\/07\/20-FIT-mujeres-150x113.jpg 150w, https:\/\/www.hoymercedes.com.ar\/principal\/wp-content\/uploads\/2019\/07\/20-FIT-mujeres-630x473.jpg 630w, https:\/\/www.hoymercedes.com.ar\/principal\/wp-content\/uploads\/2019\/07\/20-FIT-mujeres-320x240.jpg 320w, https:\/\/www.hoymercedes.com.ar\/principal\/wp-content\/uploads\/2019\/07\/20-FIT-mujeres-100x75.jpg 100w\" sizes=\"auto, (max-width: 750px) 100vw, 750px\" \/><\/figure>\n\n\n\n<p>Mar\u00eda Maldonado, candidata primer concejal, es militante del PO y referente de la lucha de las mujeres en la ciudad.\u00bbQueremos llevar la lucha por los derechos de la mujeres y las disidencias al Concejo\u201d, planteo mar\u00eda en uno de los recorridos barriales en donde pudo charlar con los vecinos.<\/p>\n\n\n\n<p>Mar\u00eda Maldonado \u00a0junto a Paola Palacios son candidatas por la lista de izquierda y junto a sus compa\u00f1eras del Plenario de Trabajadoras \u00a0sostienen que la lucha por el aborto seguro legal y gratuito no estuvo presente en el concejo deliberante. \u201clos bloques tanto del kirchnerismo como del Cambiemos cajonearon cualquier tipo de pronunciamiento, esto para no chocar con la iglesia. Por eso planteamos separaci\u00f3n de la iglesia del Estado\u201d record\u00f3 Mar\u00eda.<\/p>\n\n\n\n<p>Por otro lado Paola resalto que el Frente de Izquierda presento un proyecto por el cupo laboral trans, \u00abhasta ahora sin ser discutido en el legislativo\u201d comento la candidata.<\/p>\n\n\n\n<p>\u201cEsta posici\u00f3n de Ustarroz\u00a0 por la negativa con respecto a una serie de derechos y de reclamos de la mujer trabajadora solo se comprende por los lazos que lo une a la iglesia, una instituci\u00f3n que ha hecho campa\u00f1a contra nuestros derechos\u201d \u00a0subray\u00f3 Maldonado.<\/p>\n\n\n\n<p>Por \u00faltimo, y en conversaci\u00f3n con maestras de la ciudad, Mar\u00eda recalco el apoyo del Partido Obrero el Frente de Izquierda al reclamos de las Maestras Jardineras municipales por el pase a la estructura de educaci\u00f3n \u201clas compa\u00f1eras vienen haciendo este reclamo hace a\u00f1os, bajo la presi\u00f3n de los funcionarios que les exigen silencio sobre el tema y el aislamiento de las direcciones sindicales\u201d.<\/p>\n\n\n\n<p>Finalizando, las candidatas llamaron a votar masivamente a las listas que encabezan Nicol\u00e1s Del Ca\u00f1o y Romina del Pla a nivel nacional y Pablo Demarco a nivel local<\/p>\n","protected":false},"excerpt":{"rendered":"<p>Desde hace unos d\u00edas, los equipos de militantes y simpatizantes del Frente de Izquierda vienen recorriendo los barrios. Mar\u00eda Maldonado, &#8230; <a title=\"\u00abLlevemos la lucha por el Derecho de las Mujeres al Concejo\u00bb\" class=\"read-more\" href=\"https:\/\/www.hoymercedes.com.ar\/principal\/2019\/07\/20\/llevemos-la-lucha-por-el-derecho-de-las-mujeres-al-concejo\/\" aria-label=\"Leer m\u00e1s sobre \u00abLlevemos la lucha por el Derecho de las Mujeres al Concejo\u00bb\">Leer m\u00e1s<\/a><\/p>\n","protected":false},"author":1,"featured_media":96861,"comment_status":"closed","ping_status":"open","sticky":false,"template":"","format":"standard","meta":{"_monsterinsights_skip_tracking":false,"_monsterinsights_sitenote_active":false,"_monsterinsights_sitenote_note":"","_monsterinsights_sitenote_category":0,"jetpack_post_was_ever_published":false,"_jetpack_newsletter_access":"","_jetpack_dont_email_post_to_subs":false,"_jetpack_newsletter_tier_id":0,"_jetpack_memberships_contains_paywalled_content":false,"_jetpack_memberships_contains_paid_content":false,"footnotes":"","jetpack_publicize_message":"","jetpack_publicize_feature_enabled":true,"jetpack_social_post_already_shared":true,"jetpack_social_options":{"image_generator_settings":{"template":"highway","default_image_id":0,"font":"","enabled":false},"version":2},"_wpas_customize_per_network":false},"categories":[5],"tags":[1409,8993,14403,6253,15,7184,1045,5319],"class_list":["post-96860","post","type-post","status-publish","format-standard","has-post-thumbnail","hentry","category-politica","tag-candidatos","tag-concejales","tag-elecciones-2019","tag-fit","tag-hcd","tag-maria-maldonado","tag-partido-obrero","tag-politica-2","generate-columns","tablet-grid-50","mobile-grid-100","grid-parent","grid-50"],"jetpack_publicize_connections":[],"jetpack_featured_media_url":"https:\/\/www.hoymercedes.com.ar\/principal\/wp-content\/uploads\/2019\/07\/20-FIT-mujeres.jpg","wps_subtitle":"Palabras del Mar\u00eda Maldonado (FIT)","jetpack_sharing_enabled":true,"_links":{"self":[{"href":"https:\/\/www.hoymercedes.com.ar\/principal\/wp-json\/wp\/v2\/posts\/96860","targetHints":{"allow":["GET"]}}],"collection":[{"href":"https:\/\/www.hoymercedes.com.ar\/principal\/wp-json\/wp\/v2\/posts"}],"about":[{"href":"https:\/\/www.hoymercedes.com.ar\/principal\/wp-json\/wp\/v2\/types\/post"}],"author":[{"embeddable":true,"href":"https:\/\/www.hoymercedes.com.ar\/principal\/wp-json\/wp\/v2\/users\/1"}],"replies":[{"embeddable":true,"href":"https:\/\/www.hoymercedes.com.ar\/principal\/wp-json\/wp\/v2\/comments?post=96860"}],"version-history":[{"count":0,"href":"https:\/\/www.hoymercedes.com.ar\/principal\/wp-json\/wp\/v2\/posts\/96860\/revisions"}],"wp:featuredmedia":[{"embeddable":true,"href":"https:\/\/www.hoymercedes.com.ar\/principal\/wp-json\/wp\/v2\/media\/96861"}],"wp:attachment":[{"href":"https:\/\/www.hoymercedes.com.ar\/principal\/wp-json\/wp\/v2\/media?parent=96860"}],"wp:term":[{"taxonomy":"category","embeddable":true,"href":"https:\/\/www.hoymercedes.com.ar\/principal\/wp-json\/wp\/v2\/categories?post=96860"},{"taxonomy":"post_tag","embeddable":true,"href":"https:\/\/www.hoymercedes.com.ar\/principal\/wp-json\/wp\/v2\/tags?post=96860"}],"curies":[{"name":"wp","href":"https:\/\/api.w.org\/{rel}","templated":true}]}}