{"id":96864,"date":"2019-07-20T17:26:30","date_gmt":"2019-07-20T20:26:30","guid":{"rendered":"http:\/\/www.hoymercedes.com.ar\/principal\/?p=96864"},"modified":"2019-07-20T14:11:20","modified_gmt":"2019-07-20T17:11:20","slug":"nuestros-dirigentes-entendieron-que-era-necesario-que-encaremos-este-proceso-electoral-juntos","status":"publish","type":"post","link":"https:\/\/www.hoymercedes.com.ar\/principal\/2019\/07\/20\/nuestros-dirigentes-entendieron-que-era-necesario-que-encaremos-este-proceso-electoral-juntos\/","title":{"rendered":"\u201cNuestros dirigentes entendieron que era necesario que encaremos este proceso electoral juntos\u201d"},"content":{"rendered":"\n<p>La Licenciada Andrea Bozzini, pre candidata a Concejal por el Frente de Todos, y referente del Frente Renovador de la ciudad de Mercedes, se refiri\u00f3 al acuerdo alcanzado por parte de la oposici\u00f3n de cara a las pr\u00f3ximas elecciones primarias del mes de agosto y generales de octubre de 2019.a<\/p>\n\n\n\n<figure class=\"wp-block-image\"><img loading=\"lazy\" decoding=\"async\" width=\"750\" height=\"500\" data-attachment-id=\"96865\" data-permalink=\"https:\/\/www.hoymercedes.com.ar\/principal\/2019\/07\/20\/nuestros-dirigentes-entendieron-que-era-necesario-que-encaremos-este-proceso-electoral-juntos\/20-andrea-bozzini\/#main\" data-orig-file=\"https:\/\/www.hoymercedes.com.ar\/principal\/wp-content\/uploads\/2019\/07\/20-andrea-bozzini.jpg\" data-orig-size=\"750,500\" data-comments-opened=\"0\" data-image-meta=\"{&quot;aperture&quot;:&quot;0&quot;,&quot;credit&quot;:&quot;&quot;,&quot;camera&quot;:&quot;&quot;,&quot;caption&quot;:&quot;&quot;,&quot;created_timestamp&quot;:&quot;0&quot;,&quot;copyright&quot;:&quot;&quot;,&quot;focal_length&quot;:&quot;0&quot;,&quot;iso&quot;:&quot;0&quot;,&quot;shutter_speed&quot;:&quot;0&quot;,&quot;title&quot;:&quot;&quot;,&quot;orientation&quot;:&quot;0&quot;}\" data-image-title=\"20 andrea bozzini\" data-image-description=\"\" data-image-caption=\"\" data-large-file=\"https:\/\/www.hoymercedes.com.ar\/principal\/wp-content\/uploads\/2019\/07\/20-andrea-bozzini.jpg\" src=\"https:\/\/www.hoymercedes.com.ar\/principal\/wp-content\/uploads\/2019\/07\/20-andrea-bozzini.jpg\" alt=\"\" class=\"wp-image-96865\" srcset=\"https:\/\/www.hoymercedes.com.ar\/principal\/wp-content\/uploads\/2019\/07\/20-andrea-bozzini.jpg 750w, https:\/\/www.hoymercedes.com.ar\/principal\/wp-content\/uploads\/2019\/07\/20-andrea-bozzini-150x100.jpg 150w, https:\/\/www.hoymercedes.com.ar\/principal\/wp-content\/uploads\/2019\/07\/20-andrea-bozzini-630x420.jpg 630w, https:\/\/www.hoymercedes.com.ar\/principal\/wp-content\/uploads\/2019\/07\/20-andrea-bozzini-720x480.jpg 720w, https:\/\/www.hoymercedes.com.ar\/principal\/wp-content\/uploads\/2019\/07\/20-andrea-bozzini-360x240.jpg 360w\" sizes=\"auto, (max-width: 750px) 100vw, 750px\" \/><figcaption>Andrea Bozzini, candidata en cuarto t\u00e9rmino para el HCD<\/figcaption><\/figure>\n\n\n\n<p>\u201cNuestros dirigentes supieron entender que era necesario que todos aquellos que consider\u00e1ramos urgente poner de pie nuestro pa\u00eds y nuestra provincia encar\u00e1ramos este proceso electoral juntos superando\u00a0 nuestras diferencias, tengo el honor de ser candidata a Concejal en la lista del Frente de Todos y que en lo Local encabeza el Intendente Juan Ignacio Ustarroz\u201d \u00a0indic\u00f3 la pre candidata.<\/p>\n\n\n\n<p>\u201cConvencida de que todos hacemos pol\u00edtica desde cada lugar que ocupamos para intentar mejorar la calidad de vida de otros, as\u00ed lo entiendo y lo ejerc\u00ed en el recorrido de 19 a\u00f1os trabajando en \u00abLa Municipalidad\u00bb: el Estado de proximidad, el que est\u00e1 m\u00e1s cerca del vecino\u201d agreg\u00f3.<\/p>\n\n\n\n<p>\u00a0Respecto a su amplia trayectoria en la funci\u00f3n p\u00fablica indic\u00f3: \u201cme desempe\u00f1\u00e9 en el \u00e1rea de producci\u00f3n, especialmente con los micro emprendedores, fui funcionaria de Desarrollo Social y me desempe\u00f1o actualmente\u00a0 en la tem\u00e1tica de g\u00e9nero,\u00a0 acompa\u00f1ando a mujeres v\u00edctimas de violencia\u201d.<\/p>\n\n\n\n<p>Por \u00faltimo y como mensaje a los\nmercedinos destac\u00f3 \u201clos &nbsp;invito a que nos\nacompa\u00f1en, para que nuestra ciudad puede seguir creciendo en el marco de una\nprovincia productiva y una naci\u00f3n pujante con lugar para todos\u201d.<\/p>\n\n\n\n<p>Andrea Bozzini, es pre candidata en\ncuarto lugar de por el Frente de Todos, representando al Frente Renovador, que\nen la ciudad de Mercedes tiene como m\u00e1ximo referente al actual Diputado\nNacional Carlos Selva quien va en busca de renovar su banca en la C\u00e1mara Baja\nde la Naci\u00f3n.<\/p>\n","protected":false},"excerpt":{"rendered":"<p>La Licenciada Andrea Bozzini, pre candidata a Concejal por el Frente de Todos, y referente del Frente Renovador de la &#8230; <a title=\"\u201cNuestros dirigentes entendieron que era necesario que encaremos este proceso electoral juntos\u201d\" class=\"read-more\" href=\"https:\/\/www.hoymercedes.com.ar\/principal\/2019\/07\/20\/nuestros-dirigentes-entendieron-que-era-necesario-que-encaremos-este-proceso-electoral-juntos\/\" aria-label=\"Leer m\u00e1s sobre \u201cNuestros dirigentes entendieron que era necesario que encaremos este proceso electoral juntos\u201d\">Leer m\u00e1s<\/a><\/p>\n","protected":false},"author":1,"featured_media":96865,"comment_status":"closed","ping_status":"open","sticky":false,"template":"","format":"standard","meta":{"_monsterinsights_skip_tracking":false,"_monsterinsights_sitenote_active":false,"_monsterinsights_sitenote_note":"","_monsterinsights_sitenote_category":0,"jetpack_post_was_ever_published":false,"_jetpack_newsletter_access":"","_jetpack_dont_email_post_to_subs":false,"_jetpack_newsletter_tier_id":0,"_jetpack_memberships_contains_paywalled_content":false,"_jetpack_memberships_contains_paid_content":false,"footnotes":"","jetpack_publicize_message":"","jetpack_publicize_feature_enabled":true,"jetpack_social_post_already_shared":true,"jetpack_social_options":{"image_generator_settings":{"template":"highway","default_image_id":0,"font":"","enabled":false},"version":2},"_wpas_customize_per_network":false},"categories":[5],"tags":[2440,12062,14403,15488,3537,15,5319],"class_list":["post-96864","post","type-post","status-publish","format-standard","has-post-thumbnail","hentry","category-politica","tag-andrea-bozzini","tag-candidata","tag-elecciones-2019","tag-frente-para-todos","tag-frente-renovador","tag-hcd","tag-politica-2","generate-columns","tablet-grid-50","mobile-grid-100","grid-parent","grid-50"],"jetpack_publicize_connections":[],"jetpack_featured_media_url":"https:\/\/www.hoymercedes.com.ar\/principal\/wp-content\/uploads\/2019\/07\/20-andrea-bozzini.jpg","wps_subtitle":"Andrea Bozzini, candidata a Concejal","jetpack_sharing_enabled":true,"_links":{"self":[{"href":"https:\/\/www.hoymercedes.com.ar\/principal\/wp-json\/wp\/v2\/posts\/96864","targetHints":{"allow":["GET"]}}],"collection":[{"href":"https:\/\/www.hoymercedes.com.ar\/principal\/wp-json\/wp\/v2\/posts"}],"about":[{"href":"https:\/\/www.hoymercedes.com.ar\/principal\/wp-json\/wp\/v2\/types\/post"}],"author":[{"embeddable":true,"href":"https:\/\/www.hoymercedes.com.ar\/principal\/wp-json\/wp\/v2\/users\/1"}],"replies":[{"embeddable":true,"href":"https:\/\/www.hoymercedes.com.ar\/principal\/wp-json\/wp\/v2\/comments?post=96864"}],"version-history":[{"count":0,"href":"https:\/\/www.hoymercedes.com.ar\/principal\/wp-json\/wp\/v2\/posts\/96864\/revisions"}],"wp:featuredmedia":[{"embeddable":true,"href":"https:\/\/www.hoymercedes.com.ar\/principal\/wp-json\/wp\/v2\/media\/96865"}],"wp:attachment":[{"href":"https:\/\/www.hoymercedes.com.ar\/principal\/wp-json\/wp\/v2\/media?parent=96864"}],"wp:term":[{"taxonomy":"category","embeddable":true,"href":"https:\/\/www.hoymercedes.com.ar\/principal\/wp-json\/wp\/v2\/categories?post=96864"},{"taxonomy":"post_tag","embeddable":true,"href":"https:\/\/www.hoymercedes.com.ar\/principal\/wp-json\/wp\/v2\/tags?post=96864"}],"curies":[{"name":"wp","href":"https:\/\/api.w.org\/{rel}","templated":true}]}}