{"id":96870,"date":"2019-07-20T14:08:33","date_gmt":"2019-07-20T17:08:33","guid":{"rendered":"http:\/\/www.hoymercedes.com.ar\/principal\/?p=96870"},"modified":"2019-07-20T14:18:11","modified_gmt":"2019-07-20T17:18:11","slug":"los-arquitectos-celebraron-su-dia-con-una-gran-fiesta","status":"publish","type":"post","link":"https:\/\/www.hoymercedes.com.ar\/principal\/2019\/07\/20\/los-arquitectos-celebraron-su-dia-con-una-gran-fiesta\/","title":{"rendered":"Los Arquitectos celebraron su d\u00eda con una gran fiesta"},"content":{"rendered":"\n<p>El pasado viernes 12 de Julio se llev\u00f3 a cabo la Fiesta del D\u00eda del Arquitecto, organizada por el Colegio de Arquitectos de la Provincia de Buenos Aires- Distrito 5 para sus Matriculados y acompa\u00f1antes.\u00a0M\u00e1s de 250 personas se dieron cita en La Quinta eventos de la ciudad de Mercedes para asistir a un agasajo m\u00e1s que merecido para los arquitectos del distrito.<\/p>\n\n\n\n<figure class=\"wp-block-image\"><img loading=\"lazy\" decoding=\"async\" width=\"750\" height=\"500\" data-attachment-id=\"96873\" data-permalink=\"https:\/\/www.hoymercedes.com.ar\/principal\/2019\/07\/20\/los-arquitectos-celebraron-su-dia-con-una-gran-fiesta\/20-fiesta-arquitectos-3\/#main\" data-orig-file=\"https:\/\/www.hoymercedes.com.ar\/principal\/wp-content\/uploads\/2019\/07\/20-fiesta-arquitectos-3.jpg\" data-orig-size=\"750,500\" data-comments-opened=\"0\" data-image-meta=\"{&quot;aperture&quot;:&quot;0&quot;,&quot;credit&quot;:&quot;&quot;,&quot;camera&quot;:&quot;&quot;,&quot;caption&quot;:&quot;????????????????????????????????????&quot;,&quot;created_timestamp&quot;:&quot;0&quot;,&quot;copyright&quot;:&quot;&quot;,&quot;focal_length&quot;:&quot;0&quot;,&quot;iso&quot;:&quot;0&quot;,&quot;shutter_speed&quot;:&quot;0&quot;,&quot;title&quot;:&quot;&quot;,&quot;orientation&quot;:&quot;0&quot;}\" data-image-title=\"20 fiesta arquitectos 3\" data-image-description=\"\" data-image-caption=\"&lt;p&gt;????????????????????????????????????&lt;\/p&gt;\n\" data-large-file=\"https:\/\/www.hoymercedes.com.ar\/principal\/wp-content\/uploads\/2019\/07\/20-fiesta-arquitectos-3.jpg\" src=\"https:\/\/www.hoymercedes.com.ar\/principal\/wp-content\/uploads\/2019\/07\/20-fiesta-arquitectos-3.jpg\" alt=\"\" class=\"wp-image-96873\" srcset=\"https:\/\/www.hoymercedes.com.ar\/principal\/wp-content\/uploads\/2019\/07\/20-fiesta-arquitectos-3.jpg 750w, https:\/\/www.hoymercedes.com.ar\/principal\/wp-content\/uploads\/2019\/07\/20-fiesta-arquitectos-3-150x100.jpg 150w, https:\/\/www.hoymercedes.com.ar\/principal\/wp-content\/uploads\/2019\/07\/20-fiesta-arquitectos-3-630x420.jpg 630w, https:\/\/www.hoymercedes.com.ar\/principal\/wp-content\/uploads\/2019\/07\/20-fiesta-arquitectos-3-720x480.jpg 720w, https:\/\/www.hoymercedes.com.ar\/principal\/wp-content\/uploads\/2019\/07\/20-fiesta-arquitectos-3-360x240.jpg 360w\" sizes=\"auto, (max-width: 750px) 100vw, 750px\" \/><\/figure>\n\n\n\n<p>En la recepci\u00f3n fueron presentadas las nuevas unidades de la firma Gustavo Ricciardi S.A., Concesionario Oficial Toyota, luego los presentes se fueron acomodando en el sal\u00f3n con el acompa\u00f1amiento del d\u00fao Decks &amp; Drums, DJ y percusi\u00f3n en vivo. <\/p>\n\n\n\n<p>\n\nEn primer t\u00e9rmino el Presidente del Distrito 5 Arq. Jorge Alberto Garc\u00eda, les dio la bienvenida a los asistentes y agradeci\u00f3, la presencia del Presidente del Colegio de Abogados Dr. Mateo Laborde, con quien se est\u00e1 trabajando conjuntamente con otros colegios profesionales con el objeto de mejorar las condiciones de trabajo y percepci\u00f3n de honorarios de los profesionales que trabajan de Peritos. Estos acercamientos entre distintos Colegios, son hist\u00f3ricos ya que nunca antes se hab\u00edan realizado, tambi\u00e9n destac\u00f3 la presencia del Dr. Roberto Rosello, Presidente del Consejo de Ciencias Econ\u00f3micas. De la misma forma, agradeci\u00f3 la presencia de colegas de los Distritos 4, 2 y 8 que se acercaron para participar del evento.<\/p>\n\n\n\n<p>Agradeci\u00f3 tambi\u00e9n a los auspiciantes, como as\u00ed tambi\u00e9n a los colegas Artistas que donaron algunas de sus Obras para ser sorteadas entre los presentes como todos los a\u00f1os y al resto de los que colaboraron en la organizaci\u00f3n de la fiesta.<\/p>\n\n\n\n<figure class=\"wp-block-image\"><img loading=\"lazy\" decoding=\"async\" width=\"750\" height=\"500\" data-attachment-id=\"96874\" data-permalink=\"https:\/\/www.hoymercedes.com.ar\/principal\/2019\/07\/20\/los-arquitectos-celebraron-su-dia-con-una-gran-fiesta\/20-fiesta-arquitectos-4\/#main\" data-orig-file=\"https:\/\/www.hoymercedes.com.ar\/principal\/wp-content\/uploads\/2019\/07\/20-fiesta-arquitectos-4.jpg\" data-orig-size=\"750,500\" data-comments-opened=\"0\" data-image-meta=\"{&quot;aperture&quot;:&quot;0&quot;,&quot;credit&quot;:&quot;&quot;,&quot;camera&quot;:&quot;&quot;,&quot;caption&quot;:&quot;????????????????????????????????????&quot;,&quot;created_timestamp&quot;:&quot;0&quot;,&quot;copyright&quot;:&quot;&quot;,&quot;focal_length&quot;:&quot;0&quot;,&quot;iso&quot;:&quot;0&quot;,&quot;shutter_speed&quot;:&quot;0&quot;,&quot;title&quot;:&quot;&quot;,&quot;orientation&quot;:&quot;0&quot;}\" data-image-title=\"20 fiesta arquitectos 4\" data-image-description=\"\" data-image-caption=\"&lt;p&gt;????????????????????????????????????&lt;\/p&gt;\n\" data-large-file=\"https:\/\/www.hoymercedes.com.ar\/principal\/wp-content\/uploads\/2019\/07\/20-fiesta-arquitectos-4.jpg\" src=\"https:\/\/www.hoymercedes.com.ar\/principal\/wp-content\/uploads\/2019\/07\/20-fiesta-arquitectos-4.jpg\" alt=\"\" class=\"wp-image-96874\" srcset=\"https:\/\/www.hoymercedes.com.ar\/principal\/wp-content\/uploads\/2019\/07\/20-fiesta-arquitectos-4.jpg 750w, https:\/\/www.hoymercedes.com.ar\/principal\/wp-content\/uploads\/2019\/07\/20-fiesta-arquitectos-4-150x100.jpg 150w, https:\/\/www.hoymercedes.com.ar\/principal\/wp-content\/uploads\/2019\/07\/20-fiesta-arquitectos-4-630x420.jpg 630w, https:\/\/www.hoymercedes.com.ar\/principal\/wp-content\/uploads\/2019\/07\/20-fiesta-arquitectos-4-720x480.jpg 720w, https:\/\/www.hoymercedes.com.ar\/principal\/wp-content\/uploads\/2019\/07\/20-fiesta-arquitectos-4-360x240.jpg 360w\" sizes=\"auto, (max-width: 750px) 100vw, 750px\" \/><\/figure>\n\n\n\n<p>A continuaci\u00f3n, el Arq. Jos\u00e9 Serpi, coment\u00f3 que en cada mesa hab\u00eda para ser sorteado entre los integrantes de la misma, un mate artesanal realizado en madera.<\/p>\n\n\n\n<p>El mismo fue gentileza del Distrito 5 y elaborado por una colega de Mercedes a trav\u00e9s de su emprendimiento denominado Rhitual, arte en mates.<\/p>\n\n\n\n<p>\n\nTambi\u00e9n estuvieron presentes en este saludo inicial las Arqtas. Alicia Arata (Secretaria) y Fernanda Iparraguirre (Tesorera).<\/p>\n\n\n\n<p>Durante la velada, se present\u00f3 la colega y cantante solista Paula Rivera, interpretando cl\u00e1sicos \u00e9xitos del rock, pop y soul, como as\u00ed tambi\u00e9n tango y canciones latinas.&nbsp;<\/p>\n\n\n\n<p>Como todos los a\u00f1os, las empresas auspiciantes estuvieron presentes con obsequios para sortear, siendo estos: cajas de vino gentileza del Hotel Mercedes, Voucher de Pinturer\u00edas Ultracolor, electrodom\u00e9sticos de Compra Cierta y Voucher de Lozada Viajes.\u00a0Asimismo, se obsequiaron a los ganadores de electrodom\u00e9sticos el libro \u201cBajo Paran\u00e1\u201d gentileza del Arq. Marcelo Pazos.<\/p>\n\n\n\n<figure class=\"wp-block-image\"><img loading=\"lazy\" decoding=\"async\" width=\"750\" height=\"500\" data-attachment-id=\"96872\" data-permalink=\"https:\/\/www.hoymercedes.com.ar\/principal\/2019\/07\/20\/los-arquitectos-celebraron-su-dia-con-una-gran-fiesta\/20-fiesta-arquitectos-2\/#main\" data-orig-file=\"https:\/\/www.hoymercedes.com.ar\/principal\/wp-content\/uploads\/2019\/07\/20-fiesta-arquitectos-2.jpg\" data-orig-size=\"750,500\" data-comments-opened=\"0\" data-image-meta=\"{&quot;aperture&quot;:&quot;0&quot;,&quot;credit&quot;:&quot;&quot;,&quot;camera&quot;:&quot;&quot;,&quot;caption&quot;:&quot;????????????????????????????????????&quot;,&quot;created_timestamp&quot;:&quot;0&quot;,&quot;copyright&quot;:&quot;&quot;,&quot;focal_length&quot;:&quot;0&quot;,&quot;iso&quot;:&quot;0&quot;,&quot;shutter_speed&quot;:&quot;0&quot;,&quot;title&quot;:&quot;&quot;,&quot;orientation&quot;:&quot;0&quot;}\" data-image-title=\"20 fiesta arquitectos 2\" data-image-description=\"\" data-image-caption=\"&lt;p&gt;????????????????????????????????????&lt;\/p&gt;\n\" data-large-file=\"https:\/\/www.hoymercedes.com.ar\/principal\/wp-content\/uploads\/2019\/07\/20-fiesta-arquitectos-2.jpg\" src=\"https:\/\/www.hoymercedes.com.ar\/principal\/wp-content\/uploads\/2019\/07\/20-fiesta-arquitectos-2.jpg\" alt=\"\" class=\"wp-image-96872\" srcset=\"https:\/\/www.hoymercedes.com.ar\/principal\/wp-content\/uploads\/2019\/07\/20-fiesta-arquitectos-2.jpg 750w, https:\/\/www.hoymercedes.com.ar\/principal\/wp-content\/uploads\/2019\/07\/20-fiesta-arquitectos-2-150x100.jpg 150w, https:\/\/www.hoymercedes.com.ar\/principal\/wp-content\/uploads\/2019\/07\/20-fiesta-arquitectos-2-630x420.jpg 630w, https:\/\/www.hoymercedes.com.ar\/principal\/wp-content\/uploads\/2019\/07\/20-fiesta-arquitectos-2-720x480.jpg 720w, https:\/\/www.hoymercedes.com.ar\/principal\/wp-content\/uploads\/2019\/07\/20-fiesta-arquitectos-2-360x240.jpg 360w\" sizes=\"auto, (max-width: 750px) 100vw, 750px\" \/><\/figure>\n\n\n\n<p>Por su parte el Distrito 5 reconoci\u00f3 mediante la entrega de una Plaqueta, el apoyo de empresas como Aberturas del Oeste, La Foresta Maderas y Gustavo Ricciardi S.A. por su apoyo ininterrumpido. Con esta \u00faltima empresa se renov\u00f3 el convenio del programa Club 5, con m\u00e1s beneficios para los matriculados.&nbsp;<\/p>\n\n\n\n<p>Otros importantes premios sorteados fueron obras de Arte de los de los arquitectos y artistas del distrito, tales como: Jorge Swinnen, Sebasti\u00e1n Bocca, Valeria Di Buccio, Laura Comolli, Federico Koch y la artista Mercedina Susana Lofliego.<\/p>\n\n\n\n<p>En la velada se entregaron adem\u00e1s los reconocimientos a los arquitectos del Distrito 5 que cumplieron 25 a\u00f1os en el Ejercicio de la Profesi\u00f3n.&nbsp;<\/p>\n\n\n\n<p>As\u00ed mismo, y como todos los a\u00f1os, todos los arquitectos presentes fueron obsequiados con un \u201cL\u00e1piz Wood\u201d, un l\u00e1piz de dise\u00f1o que fue premiado como uno de los mejores dise\u00f1os industriales actuales. Su autora, Yamila Garab, es titular de la empresa Tec-Art.<\/p>\n\n\n\n<figure class=\"wp-block-image\"><img loading=\"lazy\" decoding=\"async\" width=\"750\" height=\"500\" data-attachment-id=\"96871\" data-permalink=\"https:\/\/www.hoymercedes.com.ar\/principal\/2019\/07\/20\/los-arquitectos-celebraron-su-dia-con-una-gran-fiesta\/20-fiesta-arquitectos-1\/#main\" data-orig-file=\"https:\/\/www.hoymercedes.com.ar\/principal\/wp-content\/uploads\/2019\/07\/20-fiesta-arquitectos-1.jpg\" data-orig-size=\"750,500\" data-comments-opened=\"0\" data-image-meta=\"{&quot;aperture&quot;:&quot;0&quot;,&quot;credit&quot;:&quot;&quot;,&quot;camera&quot;:&quot;&quot;,&quot;caption&quot;:&quot;????????????????????????????????????&quot;,&quot;created_timestamp&quot;:&quot;0&quot;,&quot;copyright&quot;:&quot;&quot;,&quot;focal_length&quot;:&quot;0&quot;,&quot;iso&quot;:&quot;0&quot;,&quot;shutter_speed&quot;:&quot;0&quot;,&quot;title&quot;:&quot;&quot;,&quot;orientation&quot;:&quot;0&quot;}\" data-image-title=\"20 fiesta arquitectos 1\" data-image-description=\"\" data-image-caption=\"&lt;p&gt;????????????????????????????????????&lt;\/p&gt;\n\" data-large-file=\"https:\/\/www.hoymercedes.com.ar\/principal\/wp-content\/uploads\/2019\/07\/20-fiesta-arquitectos-1.jpg\" src=\"https:\/\/www.hoymercedes.com.ar\/principal\/wp-content\/uploads\/2019\/07\/20-fiesta-arquitectos-1.jpg\" alt=\"\" class=\"wp-image-96871\" srcset=\"https:\/\/www.hoymercedes.com.ar\/principal\/wp-content\/uploads\/2019\/07\/20-fiesta-arquitectos-1.jpg 750w, https:\/\/www.hoymercedes.com.ar\/principal\/wp-content\/uploads\/2019\/07\/20-fiesta-arquitectos-1-150x100.jpg 150w, https:\/\/www.hoymercedes.com.ar\/principal\/wp-content\/uploads\/2019\/07\/20-fiesta-arquitectos-1-630x420.jpg 630w, https:\/\/www.hoymercedes.com.ar\/principal\/wp-content\/uploads\/2019\/07\/20-fiesta-arquitectos-1-720x480.jpg 720w, https:\/\/www.hoymercedes.com.ar\/principal\/wp-content\/uploads\/2019\/07\/20-fiesta-arquitectos-1-360x240.jpg 360w\" sizes=\"auto, (max-width: 750px) 100vw, 750px\" \/><\/figure>\n\n\n\n<p>Llegada la medianoche, y al momento de realizar el brindis por el D\u00eda del Arquitecto, el Presidente del Distrito 5, Arquitecto Jorge Alberto Garc\u00eda, en su alocuci\u00f3n record\u00f3 algunos de los tantos logros obtenidos por el Distrito 5 en estos \u00faltimos a\u00f1os de Gesti\u00f3n, recordando entre ellos, la remodelaci\u00f3n de todas las Delegaciones del Distrito, unificando en todas ellas la Imagen Institucional, la inauguraci\u00f3n de la Delegaci\u00f3n Campana, la continuaci\u00f3n y finalizaci\u00f3n de la etapa de Hormig\u00f3n de la Delegaci\u00f3n Luj\u00e1n, la inauguraci\u00f3n del Primer Centro de Digitalizaci\u00f3n de Expedientes de la Provincia de Buenos Aires, la compra de dos propiedades, una para la Delegaci\u00f3n Baradero y otra para la Delegaci\u00f3n Lobos, la edici\u00f3n de la primera Revista Distrital, cuyo N\u00famero 3 fue entregado a todos los presentes en el ingreso, el Libro Arte Arquitectura y Patrimonio, \u00fanico en el pa\u00eds en su tem\u00e1tica, las invitaciones recibidas a dar conferencias a Cusco, Per\u00fa y Matera, Italia, entre tantas otras cosas, e inst\u00f3 a los colegas presentes a atrevernos a reemplazar la palabra Imposible\u00a0por la palabra\u00a0Imprescindible. <\/p>\n\n\n\n<p> \u201cEs imprescindible hacer todos los esfuerzos necesarios para constituir una Lista Provincial capaz de ser una verdadera opci\u00f3n en las pr\u00f3ximas elecciones, una Lista integrada por los mejores de cada Distrito de la Provincia, yo les aseguro, que si somos capaces de crear una verdadera red de redes, donde cada uno de nosotros pueda comunicarse con sus colegas amigos, los amigos de sus amigos, los colegas de otros distritos, los ex compa\u00f1eros de otros Distritos, los amigos de los ex compa\u00f1eros, y mostrarles lo que hemos sido capaces de realizar en nuestro Distrito 5 en estos \u00faltimos a\u00f1os, de convencerlos de dedicarle un d\u00eda en mil a nuestra Instituci\u00f3n e ir todos a votar, en diciembre va a estar asumiendo en el Consejo Superior un colega que nada tiene que ver con quienes hoy lo gobiernan, y seguramente, ser\u00e1 lo que verdaderamente nos merecemos, un colegio que escuche a sus matriculados, que este a la altura de las circunstancias, en definitiva, un Colegio del que todos los Arquitectos de la Provincia de Buenos Aires nos sintamos orgullosos de pertenecer\u201d\u00a0concluy\u00f3.<\/p>\n\n\n\n<p>Finalmente, ya entrada la madrugada, se realizaron los sorteos sorpresa de un viaje a Cataratas del Iguaz\u00fa y el plato fuerte, un viaje a Anatolia, Turqu\u00eda, cuyo ganador fue el arquitecto de Luj\u00e1n, Pedro Culacciatti.&nbsp;\n\n<\/p>\n","protected":false},"excerpt":{"rendered":"<p>El pasado viernes 12 de Julio se llev\u00f3 a cabo la Fiesta del D\u00eda del Arquitecto, organizada por el Colegio &#8230; <a title=\"Los Arquitectos celebraron su d\u00eda con una gran fiesta\" class=\"read-more\" href=\"https:\/\/www.hoymercedes.com.ar\/principal\/2019\/07\/20\/los-arquitectos-celebraron-su-dia-con-una-gran-fiesta\/\" aria-label=\"Leer m\u00e1s sobre Los Arquitectos celebraron su d\u00eda con una gran fiesta\">Leer m\u00e1s<\/a><\/p>\n","protected":false},"author":1,"featured_media":96871,"comment_status":"closed","ping_status":"open","sticky":false,"template":"","format":"standard","meta":{"_monsterinsights_skip_tracking":false,"_monsterinsights_sitenote_active":false,"_monsterinsights_sitenote_note":"","_monsterinsights_sitenote_category":0,"jetpack_post_was_ever_published":false,"_jetpack_newsletter_access":"","_jetpack_dont_email_post_to_subs":false,"_jetpack_newsletter_tier_id":0,"_jetpack_memberships_contains_paywalled_content":false,"_jetpack_memberships_contains_paid_content":false,"footnotes":"","jetpack_publicize_message":"","jetpack_publicize_feature_enabled":true,"jetpack_social_post_already_shared":true,"jetpack_social_options":{"image_generator_settings":{"template":"highway","default_image_id":0,"font":"","enabled":false},"version":2},"_wpas_customize_per_network":false},"categories":[8],"tags":[6816,15412,4867,10502],"class_list":["post-96870","post","type-post","status-publish","format-standard","has-post-thumbnail","hentry","category-sociedad","tag-colegio-de-arquitectos","tag-dia-del-arquitecto","tag-fiesta","tag-social","generate-columns","tablet-grid-50","mobile-grid-100","grid-parent","grid-50"],"jetpack_publicize_connections":[],"jetpack_featured_media_url":"https:\/\/www.hoymercedes.com.ar\/principal\/wp-content\/uploads\/2019\/07\/20-fiesta-arquitectos-1.jpg","wps_subtitle":"Distinciones a los profesionales","jetpack_sharing_enabled":true,"_links":{"self":[{"href":"https:\/\/www.hoymercedes.com.ar\/principal\/wp-json\/wp\/v2\/posts\/96870","targetHints":{"allow":["GET"]}}],"collection":[{"href":"https:\/\/www.hoymercedes.com.ar\/principal\/wp-json\/wp\/v2\/posts"}],"about":[{"href":"https:\/\/www.hoymercedes.com.ar\/principal\/wp-json\/wp\/v2\/types\/post"}],"author":[{"embeddable":true,"href":"https:\/\/www.hoymercedes.com.ar\/principal\/wp-json\/wp\/v2\/users\/1"}],"replies":[{"embeddable":true,"href":"https:\/\/www.hoymercedes.com.ar\/principal\/wp-json\/wp\/v2\/comments?post=96870"}],"version-history":[{"count":0,"href":"https:\/\/www.hoymercedes.com.ar\/principal\/wp-json\/wp\/v2\/posts\/96870\/revisions"}],"wp:featuredmedia":[{"embeddable":true,"href":"https:\/\/www.hoymercedes.com.ar\/principal\/wp-json\/wp\/v2\/media\/96871"}],"wp:attachment":[{"href":"https:\/\/www.hoymercedes.com.ar\/principal\/wp-json\/wp\/v2\/media?parent=96870"}],"wp:term":[{"taxonomy":"category","embeddable":true,"href":"https:\/\/www.hoymercedes.com.ar\/principal\/wp-json\/wp\/v2\/categories?post=96870"},{"taxonomy":"post_tag","embeddable":true,"href":"https:\/\/www.hoymercedes.com.ar\/principal\/wp-json\/wp\/v2\/tags?post=96870"}],"curies":[{"name":"wp","href":"https:\/\/api.w.org\/{rel}","templated":true}]}}