{"id":96932,"date":"2019-07-21T17:00:04","date_gmt":"2019-07-21T20:00:04","guid":{"rendered":"http:\/\/www.hoymercedes.com.ar\/principal\/?p=96932"},"modified":"2019-07-21T16:12:16","modified_gmt":"2019-07-21T19:12:16","slug":"allanamiento-y-aprehension-por-venta-de-motopartes-robadas","status":"publish","type":"post","link":"https:\/\/www.hoymercedes.com.ar\/principal\/2019\/07\/21\/allanamiento-y-aprehension-por-venta-de-motopartes-robadas\/","title":{"rendered":"Allanamiento y aprehensi\u00f3n por venta de motopartes robadas"},"content":{"rendered":"\n<p>Hace algunos d\u00edas se llev\u00f3 a cabo en la ciudad de\nMercedes un allanamientos y detenci\u00f3n de una mujer de 25 a\u00f1os, por&nbsp; el delito de \u201cEncubrimiento agravado por\n\u00e1nimo de lucro\u201d, a instancias de la UFIJ N.\u00ba 3 del Departamento Judicial\nMercedes, a cargo del doctor Pedro Illanes. <\/p>\n\n\n\n<p>Ello, luego de que ofreciera motopartes marca Dax\nMondial cuya numeraci\u00f3n era coincidente con una motocicleta que fue robada el\n22 de junio en una vivienda de la misma ciudad.<\/p>\n\n\n\n<p>Los investigadores, luego de detectar la venta de\nmotopartes lograron constatar que las mismas eran provenientes de un hecho\ndelictivo. Tras recopilar los elementos necesarios se solicit\u00f3 al Juzgado de\nGarant\u00edas N\u00b0 3 un allanamiento en una vivienda en calles 55 entre 18 y 2, donde\nse lograron recuperar las partes que fueron reconocidas por la v\u00edctima.<\/p>\n\n\n\n<p>Vale destacar que el encubrimiento por robo de\nmotos y autopartes sigue vigente. Es un delito comprar cosas sustra\u00eddas,\nespecialmente elementos registrables sin la documentaci\u00f3n correspondiente. <\/p>\n","protected":false},"excerpt":{"rendered":"<p>Hace algunos d\u00edas se llev\u00f3 a cabo en la ciudad de Mercedes un allanamientos y detenci\u00f3n de una mujer de &#8230; <a title=\"Allanamiento y aprehensi\u00f3n por venta de motopartes robadas\" class=\"read-more\" href=\"https:\/\/www.hoymercedes.com.ar\/principal\/2019\/07\/21\/allanamiento-y-aprehension-por-venta-de-motopartes-robadas\/\" aria-label=\"Leer m\u00e1s sobre Allanamiento y aprehensi\u00f3n por venta de motopartes robadas\">Leer m\u00e1s<\/a><\/p>\n","protected":false},"author":1,"featured_media":92785,"comment_status":"closed","ping_status":"open","sticky":false,"template":"","format":"standard","meta":{"_monsterinsights_skip_tracking":false,"_monsterinsights_sitenote_active":false,"_monsterinsights_sitenote_note":"","_monsterinsights_sitenote_category":0,"jetpack_post_was_ever_published":false,"_jetpack_newsletter_access":"","_jetpack_dont_email_post_to_subs":false,"_jetpack_newsletter_tier_id":0,"_jetpack_memberships_contains_paywalled_content":false,"_jetpack_memberships_contains_paid_content":false,"footnotes":"","jetpack_publicize_message":"","jetpack_publicize_feature_enabled":true,"jetpack_social_post_already_shared":true,"jetpack_social_options":{"image_generator_settings":{"template":"highway","default_image_id":0,"font":"","enabled":false},"version":2},"_wpas_customize_per_network":false},"categories":[85],"tags":[97,15210,15517,96],"class_list":["post-96932","post","type-post","status-publish","format-standard","has-post-thumbnail","hentry","category-policial","tag-allanamiento","tag-aprehension","tag-motopartes","tag-policial-2","generate-columns","tablet-grid-50","mobile-grid-100","grid-parent","grid-50"],"jetpack_publicize_connections":[],"jetpack_featured_media_url":"https:\/\/www.hoymercedes.com.ar\/principal\/wp-content\/uploads\/2019\/05\/12-policia-patrulleros.jpg","wps_subtitle":"","jetpack_sharing_enabled":true,"_links":{"self":[{"href":"https:\/\/www.hoymercedes.com.ar\/principal\/wp-json\/wp\/v2\/posts\/96932","targetHints":{"allow":["GET"]}}],"collection":[{"href":"https:\/\/www.hoymercedes.com.ar\/principal\/wp-json\/wp\/v2\/posts"}],"about":[{"href":"https:\/\/www.hoymercedes.com.ar\/principal\/wp-json\/wp\/v2\/types\/post"}],"author":[{"embeddable":true,"href":"https:\/\/www.hoymercedes.com.ar\/principal\/wp-json\/wp\/v2\/users\/1"}],"replies":[{"embeddable":true,"href":"https:\/\/www.hoymercedes.com.ar\/principal\/wp-json\/wp\/v2\/comments?post=96932"}],"version-history":[{"count":0,"href":"https:\/\/www.hoymercedes.com.ar\/principal\/wp-json\/wp\/v2\/posts\/96932\/revisions"}],"wp:featuredmedia":[{"embeddable":true,"href":"https:\/\/www.hoymercedes.com.ar\/principal\/wp-json\/wp\/v2\/media\/92785"}],"wp:attachment":[{"href":"https:\/\/www.hoymercedes.com.ar\/principal\/wp-json\/wp\/v2\/media?parent=96932"}],"wp:term":[{"taxonomy":"category","embeddable":true,"href":"https:\/\/www.hoymercedes.com.ar\/principal\/wp-json\/wp\/v2\/categories?post=96932"},{"taxonomy":"post_tag","embeddable":true,"href":"https:\/\/www.hoymercedes.com.ar\/principal\/wp-json\/wp\/v2\/tags?post=96932"}],"curies":[{"name":"wp","href":"https:\/\/api.w.org\/{rel}","templated":true}]}}