{"id":96940,"date":"2019-07-22T09:30:49","date_gmt":"2019-07-22T12:30:49","guid":{"rendered":"http:\/\/www.hoymercedes.com.ar\/principal\/?p=96940"},"modified":"2019-07-21T13:35:00","modified_gmt":"2019-07-21T16:35:00","slug":"detenido-por-robo-en-marco-paz","status":"publish","type":"post","link":"https:\/\/www.hoymercedes.com.ar\/principal\/2019\/07\/22\/detenido-por-robo-en-marco-paz\/","title":{"rendered":"Detenido por robo en Marco Paz"},"content":{"rendered":"\n<p>El pasado mi\u00e9rcoles 17 del corriente, se realiz\u00f3\nun allanamiento en una vivienda de la ciudad de Marcos paz a fin recopilar\nelementos y detener a un imputado por \u201cRobo calificado\u201d, a instancias del\ntitular de la UFIJ 6, Dr. Luis Carcagno.<\/p>\n\n\n\n<p>Para los investigadores estar\u00eda acreditado\nque&nbsp; el 4 de julio, en horas de la\nmadrugada, el imputado junto con otro sujeto a\u00fan no identificado, irrumpieron\nen una vivienda, donde previo forzar y da\u00f1ar una de las ventanas de la finca\ningresaron y ya en el interior procedieron a reducir a su propietaria. La mujer\nse encontraba descansando junto a su hijo de dos a\u00f1os de edad, a quien\namenazaron e intimidaron con un arma blanca al tiempo que le exigieron\nviolentamente que les entregara dinero. <\/p>\n\n\n\n<p>Ante tal grave situaci\u00f3n la v\u00edctima les indic\u00f3 donde ten\u00eda guardo el dinero, y as\u00ed lograron cumplir su cometido. Una vez con el dinero en sus manos, se retiraron de la finca. En la jornada de este jueves 18 le tomaron declaraci\u00f3n indagatoria por el delito de \u201cRobo doblemente agravado por ser cometido con arma blanca y con efracci\u00f3n\u201d. <\/p>\n\n\n\n<p>Fuente: Prensa Ministerio P\u00fablico Bonaerense &#8211; Depto. Judicial Mercedes<\/p>\n","protected":false},"excerpt":{"rendered":"<p>El pasado mi\u00e9rcoles 17 del corriente, se realiz\u00f3 un allanamiento en una vivienda de la ciudad de Marcos paz a &#8230; <a title=\"Detenido por robo en Marco Paz\" class=\"read-more\" href=\"https:\/\/www.hoymercedes.com.ar\/principal\/2019\/07\/22\/detenido-por-robo-en-marco-paz\/\" aria-label=\"Leer m\u00e1s sobre Detenido por robo en Marco Paz\">Leer m\u00e1s<\/a><\/p>\n","protected":false},"author":1,"featured_media":93340,"comment_status":"closed","ping_status":"open","sticky":false,"template":"","format":"standard","meta":{"_monsterinsights_skip_tracking":false,"_monsterinsights_sitenote_active":false,"_monsterinsights_sitenote_note":"","_monsterinsights_sitenote_category":0,"jetpack_post_was_ever_published":false,"_jetpack_newsletter_access":"","_jetpack_dont_email_post_to_subs":false,"_jetpack_newsletter_tier_id":0,"_jetpack_memberships_contains_paywalled_content":false,"_jetpack_memberships_contains_paid_content":false,"footnotes":"","jetpack_publicize_message":"","jetpack_publicize_feature_enabled":true,"jetpack_social_post_already_shared":true,"jetpack_social_options":{"image_generator_settings":{"template":"highway","default_image_id":0,"font":"","enabled":false},"version":2},"_wpas_customize_per_network":false},"categories":[85],"tags":[10689,12006,96,1057],"class_list":["post-96940","post","type-post","status-publish","format-standard","has-post-thumbnail","hentry","category-policial","tag-marcos-paz","tag-ministerio-publico","tag-policial-2","tag-regional","generate-columns","tablet-grid-50","mobile-grid-100","grid-parent","grid-50"],"jetpack_publicize_connections":[],"jetpack_featured_media_url":"https:\/\/www.hoymercedes.com.ar\/principal\/wp-content\/uploads\/2019\/05\/21-policia-25-de-mayo.jpg","wps_subtitle":"","jetpack_sharing_enabled":true,"_links":{"self":[{"href":"https:\/\/www.hoymercedes.com.ar\/principal\/wp-json\/wp\/v2\/posts\/96940","targetHints":{"allow":["GET"]}}],"collection":[{"href":"https:\/\/www.hoymercedes.com.ar\/principal\/wp-json\/wp\/v2\/posts"}],"about":[{"href":"https:\/\/www.hoymercedes.com.ar\/principal\/wp-json\/wp\/v2\/types\/post"}],"author":[{"embeddable":true,"href":"https:\/\/www.hoymercedes.com.ar\/principal\/wp-json\/wp\/v2\/users\/1"}],"replies":[{"embeddable":true,"href":"https:\/\/www.hoymercedes.com.ar\/principal\/wp-json\/wp\/v2\/comments?post=96940"}],"version-history":[{"count":0,"href":"https:\/\/www.hoymercedes.com.ar\/principal\/wp-json\/wp\/v2\/posts\/96940\/revisions"}],"wp:featuredmedia":[{"embeddable":true,"href":"https:\/\/www.hoymercedes.com.ar\/principal\/wp-json\/wp\/v2\/media\/93340"}],"wp:attachment":[{"href":"https:\/\/www.hoymercedes.com.ar\/principal\/wp-json\/wp\/v2\/media?parent=96940"}],"wp:term":[{"taxonomy":"category","embeddable":true,"href":"https:\/\/www.hoymercedes.com.ar\/principal\/wp-json\/wp\/v2\/categories?post=96940"},{"taxonomy":"post_tag","embeddable":true,"href":"https:\/\/www.hoymercedes.com.ar\/principal\/wp-json\/wp\/v2\/tags?post=96940"}],"curies":[{"name":"wp","href":"https:\/\/api.w.org\/{rel}","templated":true}]}}