{"id":96942,"date":"2019-07-21T18:39:19","date_gmt":"2019-07-21T21:39:19","guid":{"rendered":"http:\/\/www.hoymercedes.com.ar\/principal\/?p=96942"},"modified":"2019-07-21T16:24:19","modified_gmt":"2019-07-21T19:24:19","slug":"tecnico-en-paleontologia-se-suma-al-equipo-del-museo-carlos-ameghino","status":"publish","type":"post","link":"https:\/\/www.hoymercedes.com.ar\/principal\/2019\/07\/21\/tecnico-en-paleontologia-se-suma-al-equipo-del-museo-carlos-ameghino\/","title":{"rendered":"T\u00e9cnico en Paleontolog\u00eda se suma al equipo del Museo Carlos Ameghino"},"content":{"rendered":"\n<p>Por TeCleArte \u2013 Por estos d\u00edas se confirm\u00f3 que el equipo del Museo de Ciencias Naturales Carlos Ameghino de Mercedes sumaba un nuevo integrante. Se trata de Gonzalo Mu\u00f1oz, t\u00e9cnico en paleontolog\u00eda de vertebrados, que forma parte tambi\u00e9n del equipo de paleontolog\u00eda del Museo Argentino de Ciencias Naturales \u201cBernardino Rivadavia\u201d. Las tareas espec\u00edficas que tendr\u00e1 Mu\u00f1oz ser\u00e1n la organizaci\u00f3n de las piezas paleontol\u00f3gicas y la reparaci\u00f3n y reposici\u00f3n de las especies expuestas en las salas. <\/p>\n\n\n\n<figure class=\"wp-block-image\"><img loading=\"lazy\" decoding=\"async\" width=\"750\" height=\"500\" data-attachment-id=\"96943\" data-permalink=\"https:\/\/www.hoymercedes.com.ar\/principal\/2019\/07\/21\/tecnico-en-paleontologia-se-suma-al-equipo-del-museo-carlos-ameghino\/21-museo-ameghino-2\/#main\" data-orig-file=\"https:\/\/www.hoymercedes.com.ar\/principal\/wp-content\/uploads\/2019\/07\/21-museo-ameghino.jpg\" data-orig-size=\"750,500\" data-comments-opened=\"0\" data-image-meta=\"{&quot;aperture&quot;:&quot;2&quot;,&quot;credit&quot;:&quot;&quot;,&quot;camera&quot;:&quot;Moto G (5S) Plus&quot;,&quot;caption&quot;:&quot;&quot;,&quot;created_timestamp&quot;:&quot;1563536082&quot;,&quot;copyright&quot;:&quot;&quot;,&quot;focal_length&quot;:&quot;3.59&quot;,&quot;iso&quot;:&quot;731&quot;,&quot;shutter_speed&quot;:&quot;0.03030303030303&quot;,&quot;title&quot;:&quot;&quot;,&quot;orientation&quot;:&quot;1&quot;}\" data-image-title=\"21 museo ameghino\" data-image-description=\"\" data-image-caption=\"\" data-large-file=\"https:\/\/www.hoymercedes.com.ar\/principal\/wp-content\/uploads\/2019\/07\/21-museo-ameghino.jpg\" src=\"https:\/\/www.hoymercedes.com.ar\/principal\/wp-content\/uploads\/2019\/07\/21-museo-ameghino.jpg\" alt=\"\" class=\"wp-image-96943\" srcset=\"https:\/\/www.hoymercedes.com.ar\/principal\/wp-content\/uploads\/2019\/07\/21-museo-ameghino.jpg 750w, https:\/\/www.hoymercedes.com.ar\/principal\/wp-content\/uploads\/2019\/07\/21-museo-ameghino-150x100.jpg 150w, https:\/\/www.hoymercedes.com.ar\/principal\/wp-content\/uploads\/2019\/07\/21-museo-ameghino-630x420.jpg 630w, https:\/\/www.hoymercedes.com.ar\/principal\/wp-content\/uploads\/2019\/07\/21-museo-ameghino-720x480.jpg 720w, https:\/\/www.hoymercedes.com.ar\/principal\/wp-content\/uploads\/2019\/07\/21-museo-ameghino-360x240.jpg 360w\" sizes=\"auto, (max-width: 750px) 100vw, 750px\" \/><figcaption>Gonzalo Mu\u00f1oz junto a Viviana Buide responsable del Museo Municipal<\/figcaption><\/figure>\n\n\n\n<p>Con 26 a\u00f1os, el joven oriundo de Rafael\nCalzada fue contratado para cumplir 60 horas mensuales con el fin de trabajar\ncon el resto de los empleados en la renovaci\u00f3n y organizaci\u00f3n del Museo que\ntiene m\u00e1s de 60 a\u00f1os. Desde hace un tiempo, Gonzalo visita el Museo junto a sus\ncolegas del Museo de Buenos Aires para hacer colaboraciones e investigaci\u00f3n con\nlos materiales que supieron hallar en distintas \u00e9pocas los investigadores\nmercedinos fundadores del Museo Ameghino entre quienes se encuentra el Paleont\u00f3logo\nJos\u00e9 Bonaparte. <\/p>\n\n\n\n<p>\u201cHay materiales muy interesantes para\ntrabajar, de mam\u00edferos principalmente, que ser\u00eda lo que aflora por esta zona y\ngracias a los recorridos de Bonaparte tenemos cosas de todo el pa\u00eds\u201d cont\u00f3\nsobre la colecci\u00f3n que se encuentra en el Museo Carlos Ameghino de piezas\nhalladas por el equipo de fundadores y los colaboradores con los que se cont\u00f3\nlos a\u00f1os siguientes, adem\u00e1s de tener una biblioteca y materiales que don\u00f3 Jos\u00e9\nBonaparte al regresar a Mercedes hace m\u00e1s de diez a\u00f1os. <\/p>\n\n\n\n<p>\u201cParte de mi trabajo es organizar esa\ncolecci\u00f3n para que sea m\u00e1s manejable para los investigadores, mejorar la sala,\nlos montajes que se pueden ver en las distintas salas, cambiar algunas de las\nexposiciones de las vitrinas y dem\u00e1s\u201d explic\u00f3 el T\u00e9cnico en Paleontolog\u00eda para\nlo cual viene a la ciudad una o dos veces por semana. <\/p>\n\n\n\n<p>Desde peque\u00f1o se aficion\u00f3 a los animales prehist\u00f3ricos y ley\u00f3 y coleccion\u00f3 cada revista, libros o im\u00e1genes que llegaban a sus manos. Terminado el secundario empez\u00f3 a estudiar y a integrar equipos de campa\u00f1a que trabajaron en la formaci\u00f3n de Los Chaniares en La Rioja, en Los Colorados, estuvo en Chile en dos campa\u00f1as, en Santa Cruz y en R\u00edo Negro, entre otros lugares en donde se realizaron b\u00fasquedas paleontol\u00f3gicas. <\/p>\n\n\n\n<figure class=\"wp-block-image\"><img loading=\"lazy\" decoding=\"async\" width=\"750\" height=\"710\" data-attachment-id=\"96944\" data-permalink=\"https:\/\/www.hoymercedes.com.ar\/principal\/2019\/07\/21\/tecnico-en-paleontologia-se-suma-al-equipo-del-museo-carlos-ameghino\/21-museo-ameghino2\/#main\" data-orig-file=\"https:\/\/www.hoymercedes.com.ar\/principal\/wp-content\/uploads\/2019\/07\/21-museo-ameghino2.jpg\" data-orig-size=\"750,710\" data-comments-opened=\"0\" data-image-meta=\"{&quot;aperture&quot;:&quot;0&quot;,&quot;credit&quot;:&quot;&quot;,&quot;camera&quot;:&quot;&quot;,&quot;caption&quot;:&quot;&quot;,&quot;created_timestamp&quot;:&quot;0&quot;,&quot;copyright&quot;:&quot;&quot;,&quot;focal_length&quot;:&quot;0&quot;,&quot;iso&quot;:&quot;0&quot;,&quot;shutter_speed&quot;:&quot;0&quot;,&quot;title&quot;:&quot;&quot;,&quot;orientation&quot;:&quot;0&quot;}\" data-image-title=\"21 museo ameghino2\" data-image-description=\"\" data-image-caption=\"\" data-large-file=\"https:\/\/www.hoymercedes.com.ar\/principal\/wp-content\/uploads\/2019\/07\/21-museo-ameghino2.jpg\" src=\"https:\/\/www.hoymercedes.com.ar\/principal\/wp-content\/uploads\/2019\/07\/21-museo-ameghino2.jpg\" alt=\"\" class=\"wp-image-96944\" srcset=\"https:\/\/www.hoymercedes.com.ar\/principal\/wp-content\/uploads\/2019\/07\/21-museo-ameghino2.jpg 750w, https:\/\/www.hoymercedes.com.ar\/principal\/wp-content\/uploads\/2019\/07\/21-museo-ameghino2-150x142.jpg 150w, https:\/\/www.hoymercedes.com.ar\/principal\/wp-content\/uploads\/2019\/07\/21-museo-ameghino2-630x596.jpg 630w\" sizes=\"auto, (max-width: 750px) 100vw, 750px\" \/><\/figure>\n","protected":false},"excerpt":{"rendered":"<p>Por TeCleArte \u2013 Por estos d\u00edas se confirm\u00f3 que el equipo del Museo de Ciencias Naturales Carlos Ameghino de Mercedes &#8230; <a title=\"T\u00e9cnico en Paleontolog\u00eda se suma al equipo del Museo Carlos Ameghino\" class=\"read-more\" href=\"https:\/\/www.hoymercedes.com.ar\/principal\/2019\/07\/21\/tecnico-en-paleontologia-se-suma-al-equipo-del-museo-carlos-ameghino\/\" aria-label=\"Leer m\u00e1s sobre T\u00e9cnico en Paleontolog\u00eda se suma al equipo del Museo Carlos Ameghino\">Leer m\u00e1s<\/a><\/p>\n","protected":false},"author":1,"featured_media":96944,"comment_status":"closed","ping_status":"open","sticky":false,"template":"","format":"standard","meta":{"_monsterinsights_skip_tracking":false,"_monsterinsights_sitenote_active":false,"_monsterinsights_sitenote_note":"","_monsterinsights_sitenote_category":0,"jetpack_post_was_ever_published":false,"_jetpack_newsletter_access":"","_jetpack_dont_email_post_to_subs":false,"_jetpack_newsletter_tier_id":0,"_jetpack_memberships_contains_paywalled_content":false,"_jetpack_memberships_contains_paid_content":false,"footnotes":"","jetpack_publicize_message":"","jetpack_publicize_feature_enabled":true,"jetpack_social_post_already_shared":true,"jetpack_social_options":{"image_generator_settings":{"template":"highway","default_image_id":0,"font":"","enabled":false},"version":2},"_wpas_customize_per_network":false},"categories":[104],"tags":[8603,7805,10707,8600],"class_list":["post-96942","post","type-post","status-publish","format-standard","has-post-thumbnail","hentry","category-cultura","tag-ciencias-naturales","tag-cultura","tag-museo-carlos-ameghino","tag-paleontologia","generate-columns","tablet-grid-50","mobile-grid-100","grid-parent","grid-50"],"jetpack_publicize_connections":[],"jetpack_featured_media_url":"https:\/\/www.hoymercedes.com.ar\/principal\/wp-content\/uploads\/2019\/07\/21-museo-ameghino2.jpg","wps_subtitle":"Incorporaci\u00f3n profesional","jetpack_sharing_enabled":true,"_links":{"self":[{"href":"https:\/\/www.hoymercedes.com.ar\/principal\/wp-json\/wp\/v2\/posts\/96942","targetHints":{"allow":["GET"]}}],"collection":[{"href":"https:\/\/www.hoymercedes.com.ar\/principal\/wp-json\/wp\/v2\/posts"}],"about":[{"href":"https:\/\/www.hoymercedes.com.ar\/principal\/wp-json\/wp\/v2\/types\/post"}],"author":[{"embeddable":true,"href":"https:\/\/www.hoymercedes.com.ar\/principal\/wp-json\/wp\/v2\/users\/1"}],"replies":[{"embeddable":true,"href":"https:\/\/www.hoymercedes.com.ar\/principal\/wp-json\/wp\/v2\/comments?post=96942"}],"version-history":[{"count":0,"href":"https:\/\/www.hoymercedes.com.ar\/principal\/wp-json\/wp\/v2\/posts\/96942\/revisions"}],"wp:featuredmedia":[{"embeddable":true,"href":"https:\/\/www.hoymercedes.com.ar\/principal\/wp-json\/wp\/v2\/media\/96944"}],"wp:attachment":[{"href":"https:\/\/www.hoymercedes.com.ar\/principal\/wp-json\/wp\/v2\/media?parent=96942"}],"wp:term":[{"taxonomy":"category","embeddable":true,"href":"https:\/\/www.hoymercedes.com.ar\/principal\/wp-json\/wp\/v2\/categories?post=96942"},{"taxonomy":"post_tag","embeddable":true,"href":"https:\/\/www.hoymercedes.com.ar\/principal\/wp-json\/wp\/v2\/tags?post=96942"}],"curies":[{"name":"wp","href":"https:\/\/api.w.org\/{rel}","templated":true}]}}