{"id":9695,"date":"2011-12-08T23:09:23","date_gmt":"2011-12-08T23:09:23","guid":{"rendered":"http:\/\/www.hoymercedes.com.ar\/principal\/?p=9695"},"modified":"2011-12-08T23:09:23","modified_gmt":"2011-12-08T23:09:23","slug":"oscar-filipin-seguira-presidiendo-el-consejo-escolar-por-desempate","status":"publish","type":"post","link":"https:\/\/www.hoymercedes.com.ar\/principal\/2011\/12\/08\/oscar-filipin-seguira-presidiendo-el-consejo-escolar-por-desempate\/","title":{"rendered":"Oscar Filipin seguir\u00e1 presidiendo el Consejo Escolar por desempate"},"content":{"rendered":"<p>Los integrantes del Consejo Escolar votaron qui\u00e9n ser\u00eda el presidente arribando a un empate entre el Sr. Filipin y la profesora M\u00f3nica Brown teniendo tres votos cada uno representando al Frente para la Victoria y Uni\u00f3n Pro respectivamente.<\/p>\n<p>Para resolver la situaci\u00f3n debieron recurrir al reglamento que estable la elecci\u00f3n en aquel cuya lista obtuvo m\u00e1s votos cuando fueron electos siendo en esta ocasi\u00f3n Filip\u00edn qui\u00e9n integraba la lista de Carlos Selva, actual primer mandatario local.<\/p>\n<p>La reuni\u00f3n preparatoria arroj\u00f3 el siguiente orden para lo que ser\u00e1 el funcionaminto durante los pr\u00f3ximos dos a\u00f1os:<\/p>\n<p>Presidente\u2026\u2026\u2026.Oscar Filip\u00edn (FpV)<\/p>\n<p>Vicepresidente\u2026M\u00f3nica Brown (Uni\u00f3n Pro)<\/p>\n<p>Tesorera\u2026\u2026\u2026\u2026.Mar\u00eda Elena Oliva (FpV)<\/p>\n<p>Secretaria\u2026\u2026\u2026..Mar\u00eda de los \u00c1ngeles Ben\u00edtez (FpV)<\/p>\n<p>Vocales\u2026\u2026\u2026\u2026\u2026Graciela Alvis (FSBA)<\/p>\n<p>Mar\u00eda del Carmen Morlotti (ACyS).<\/p>\n<p>&nbsp;<\/p>\n","protected":false},"excerpt":{"rendered":"<p>Los integrantes del Consejo Escolar votaron qui\u00e9n ser\u00eda el presidente arribando a un empate entre el Sr. Filipin y la &#8230; <a title=\"Oscar Filipin seguir\u00e1 presidiendo el Consejo Escolar por desempate\" class=\"read-more\" href=\"https:\/\/www.hoymercedes.com.ar\/principal\/2011\/12\/08\/oscar-filipin-seguira-presidiendo-el-consejo-escolar-por-desempate\/\" aria-label=\"Leer m\u00e1s sobre Oscar Filipin seguir\u00e1 presidiendo el Consejo Escolar por desempate\">Leer m\u00e1s<\/a><\/p>\n","protected":false},"author":1,"featured_media":0,"comment_status":"open","ping_status":"open","sticky":false,"template":"","format":"standard","meta":{"_monsterinsights_skip_tracking":false,"_monsterinsights_sitenote_active":false,"_monsterinsights_sitenote_note":"","_monsterinsights_sitenote_category":0,"jetpack_post_was_ever_published":false,"_jetpack_newsletter_access":"","_jetpack_dont_email_post_to_subs":false,"_jetpack_newsletter_tier_id":0,"_jetpack_memberships_contains_paywalled_content":false,"_jetpack_memberships_contains_paid_content":false,"footnotes":"","jetpack_publicize_message":"","jetpack_publicize_feature_enabled":true,"jetpack_social_post_already_shared":false,"jetpack_social_options":{"image_generator_settings":{"template":"highway","default_image_id":0,"font":"","enabled":false},"version":2},"_wpas_customize_per_network":false},"categories":[5],"tags":[628],"class_list":["post-9695","post","type-post","status-publish","format-standard","hentry","category-politica","tag-consejo-escolar-mercedes","generate-columns","tablet-grid-50","mobile-grid-100","grid-parent","grid-50"],"jetpack_publicize_connections":[],"jetpack_featured_media_url":"","wps_subtitle":"","jetpack_sharing_enabled":true,"_links":{"self":[{"href":"https:\/\/www.hoymercedes.com.ar\/principal\/wp-json\/wp\/v2\/posts\/9695","targetHints":{"allow":["GET"]}}],"collection":[{"href":"https:\/\/www.hoymercedes.com.ar\/principal\/wp-json\/wp\/v2\/posts"}],"about":[{"href":"https:\/\/www.hoymercedes.com.ar\/principal\/wp-json\/wp\/v2\/types\/post"}],"author":[{"embeddable":true,"href":"https:\/\/www.hoymercedes.com.ar\/principal\/wp-json\/wp\/v2\/users\/1"}],"replies":[{"embeddable":true,"href":"https:\/\/www.hoymercedes.com.ar\/principal\/wp-json\/wp\/v2\/comments?post=9695"}],"version-history":[{"count":0,"href":"https:\/\/www.hoymercedes.com.ar\/principal\/wp-json\/wp\/v2\/posts\/9695\/revisions"}],"wp:attachment":[{"href":"https:\/\/www.hoymercedes.com.ar\/principal\/wp-json\/wp\/v2\/media?parent=9695"}],"wp:term":[{"taxonomy":"category","embeddable":true,"href":"https:\/\/www.hoymercedes.com.ar\/principal\/wp-json\/wp\/v2\/categories?post=9695"},{"taxonomy":"post_tag","embeddable":true,"href":"https:\/\/www.hoymercedes.com.ar\/principal\/wp-json\/wp\/v2\/tags?post=9695"}],"curies":[{"name":"wp","href":"https:\/\/api.w.org\/{rel}","templated":true}]}}