{"id":96961,"date":"2019-07-22T16:32:35","date_gmt":"2019-07-22T19:32:35","guid":{"rendered":"http:\/\/www.hoymercedes.com.ar\/principal\/?p=96961"},"modified":"2019-07-22T18:36:13","modified_gmt":"2019-07-22T21:36:13","slug":"comenzaron-las-vacaciones-de-invierno-con-muchas-propuestas-para-toda-la-familia","status":"publish","type":"post","link":"https:\/\/www.hoymercedes.com.ar\/principal\/2019\/07\/22\/comenzaron-las-vacaciones-de-invierno-con-muchas-propuestas-para-toda-la-familia\/","title":{"rendered":"Comenzaron las vacaciones de invierno con muchas propuestas para toda la familia"},"content":{"rendered":"\n<p><strong> <\/strong><\/p>\n\n\n\n<figure class=\"wp-block-image\"><img loading=\"lazy\" decoding=\"async\" width=\"1024\" height=\"343\" data-attachment-id=\"96962\" data-permalink=\"https:\/\/www.hoymercedes.com.ar\/principal\/2019\/07\/22\/comenzaron-las-vacaciones-de-invierno-con-muchas-propuestas-para-toda-la-familia\/pelambre\/#main\" data-orig-file=\"https:\/\/www.hoymercedes.com.ar\/principal\/wp-content\/uploads\/2019\/07\/Pelambre.jpeg\" data-orig-size=\"1280,429\" data-comments-opened=\"0\" data-image-meta=\"{&quot;aperture&quot;:&quot;0&quot;,&quot;credit&quot;:&quot;&quot;,&quot;camera&quot;:&quot;&quot;,&quot;caption&quot;:&quot;&quot;,&quot;created_timestamp&quot;:&quot;0&quot;,&quot;copyright&quot;:&quot;&quot;,&quot;focal_length&quot;:&quot;0&quot;,&quot;iso&quot;:&quot;0&quot;,&quot;shutter_speed&quot;:&quot;0&quot;,&quot;title&quot;:&quot;&quot;,&quot;orientation&quot;:&quot;0&quot;}\" data-image-title=\"Pelambre\" data-image-description=\"\" data-image-caption=\"\" data-large-file=\"https:\/\/www.hoymercedes.com.ar\/principal\/wp-content\/uploads\/2019\/07\/Pelambre-1024x343.jpeg\" src=\"https:\/\/www.hoymercedes.com.ar\/principal\/wp-content\/uploads\/2019\/07\/Pelambre-1024x343.jpeg\" alt=\"\" class=\"wp-image-96962\" srcset=\"https:\/\/www.hoymercedes.com.ar\/principal\/wp-content\/uploads\/2019\/07\/Pelambre-1024x343.jpeg 1024w, https:\/\/www.hoymercedes.com.ar\/principal\/wp-content\/uploads\/2019\/07\/Pelambre-150x50.jpeg 150w, https:\/\/www.hoymercedes.com.ar\/principal\/wp-content\/uploads\/2019\/07\/Pelambre-630x211.jpeg 630w, https:\/\/www.hoymercedes.com.ar\/principal\/wp-content\/uploads\/2019\/07\/Pelambre-600x200.jpeg 600w, https:\/\/www.hoymercedes.com.ar\/principal\/wp-content\/uploads\/2019\/07\/Pelambre.jpeg 1280w\" sizes=\"auto, (max-width: 1024px) 100vw, 1024px\" \/><figcaption>Payaso Pelambre<\/figcaption><\/figure>\n\n\n\n<p>Para esta primera semana de\nvacaciones la Municipalidad de Mercedes tiene un amplio abanico de actividades\npara todos los vecinos de la ciudad. La misma cuenta con espect\u00e1culos art\u00edsticos,\nculturales, circenses y juegos. Toda esta impresionante agenda es libre,\np\u00fablica y gratuita. \u201cPoder brindarles a todos los mercedinos esta extensa y\nprogramada propuesta en estas vacaciones de invierno verdaderamente nos pone\nmuy felices\u201d manifest\u00f3 el intendente Juan Ignacio Ustarroz. <\/p>\n\n\n\n<p>En este receso invernal 2019\npodr\u00e1 disfrutarse a lo largo de toda la ciudad ya que las actividades no s\u00f3lo\nse desarrollar\u00e1n el Complejo Cultural La Trocha, sino que adem\u00e1s, ser\u00e1n parte\nde esta amplia propuesta, el teatro Argentino, los museos de la ciudad, centros\ncomunitarios de los barrios San Mart\u00edn, Ravello, Blandengues, Marchetti y el\nCentro Integral Comunitario de calle 10 y 65.&nbsp;&nbsp;\n<\/p>\n\n\n\n<p>Conjuntamente, este a\u00f1o habr\u00e1 una\nnueva iniciativa impulsada por la compa\u00f1\u00eda \u201cPelambre y Matambre\u201d quienes\nrealizar\u00e1n el primer festival de circo independiente en la ciudad. Este\nfestival estar\u00e1 desde el 22 de julio al 4 de agosto, todos los d\u00edas, con 4\nfunciones a la gorra. Todo esto podr\u00e1 disfrutarse en el Complejo Cultural La\nTrocha, adem\u00e1s de los inflables y actividades deportivas que est\u00e1n dispuestas\npara todos los chicos que se acerquen a disfrutar en este receso invernal.&nbsp; <\/p>\n\n\n\n<p>El cierre de esta extraordinaria agenda cultural estar\u00e1 a cargo de una de las bandas del momento \u201cEl Kuelgue\u201d show que se realizar\u00e1 en el predio del Complejo Cultural La Trocha, de manera libre y gratuita. Quienes quieran m\u00e1s informaci\u00f3n podr\u00e1n encontrarla en www.cultura.mercedes.gob.ar\u00a0 o en el Facebook culturamercedes.<\/p>\n\n\n\n<p><strong>Actividades para esta semana:<\/strong><\/p>\n\n\n\n<p><strong>GALPON NI\u00d1EZ<\/strong> (del 22 al 28 de julio)<\/p>\n\n\n\n<p>Ludoteca creativa y Kermesse<\/p>\n\n\n\n<p>De 14 a 18 hs<\/p>\n\n\n\n<p><strong>MAMM<\/strong><\/p>\n\n\n\n<p>Lunes 22\/7<\/p>\n\n\n\n<p>\u201cHacia el infinito \u00a1y m\u00e1s all\u00e1!\u201d\nMODELADO Prof Luciana Aguiar- Melisa Melgar (de 6 a 11 a\u00f1os)<\/p>\n\n\n\n<p>De 15 a 16:30hs<\/p>\n\n\n\n<p>Martes 23\/7<\/p>\n\n\n\n<p>\u201cAsteroide B 612\u201d<\/p>\n\n\n\n<p>Taller con materiales reutilizables<\/p>\n\n\n\n<p>Prof. Susana Lofiego (6 a 11\na\u00f1os)<\/p>\n\n\n\n<p>De 15 a 16:30hs<\/p>\n\n\n\n<p>Mi\u00e9rcoles 24\/7<\/p>\n\n\n\n<p>\u201cEsfumamos con tizas\u201d<\/p>\n\n\n\n<p>Prof Luciana Aguiar- Melisa\nMelgar<\/p>\n\n\n\n<p>(de 6 a 12 a\u00f1os)<\/p>\n\n\n\n<p>De 15 a 16:30<\/p>\n\n\n\n<p>FUNCI\u00d3N DE TEATRO INFANTIL<\/p>\n\n\n\n<p>MAMADERAS Y BIBERONES<\/p>\n\n\n\n<p>ORG \u201cEl negro Olmedo\u201d<\/p>\n\n\n\n<p>Direcci\u00f3n Fabi\u00e1n Morales<\/p>\n\n\n\n<p>PARA BEB\u00c9S HASTA 3 A\u00d1OS \/ 17 HS<\/p>\n\n\n\n<p>Jueves 25\/7<\/p>\n\n\n\n<p>La prensa viajera<\/p>\n\n\n\n<p>Grabado. Pablo Russo \/ Laura\nParra \/ Diego Ismael Moyano (de 6 a 12 a\u00f1os)<\/p>\n\n\n\n<p>Horario: de 15 a 17<\/p>\n\n\n\n<p>Viernes 26\/7<\/p>\n\n\n\n<p>Cuentacuentos, candombe y\nmarionetas.<\/p>\n\n\n\n<p>Funci\u00f3n de 15 a 17 Todo p\u00fablico.<\/p>\n\n\n\n<p><strong>MUSEO V\u00cdCTOR MIGUEZ<\/strong><\/p>\n\n\n\n<p>Lunes, Mi\u00e9rcoles y Viernes.<\/p>\n\n\n\n<p>22, 24, 26, 29, 31 de Julio y 1\nde Agosto<\/p>\n\n\n\n<p>15.30 HS a 17.00 HS<\/p>\n\n\n\n<p>La cocina de la abuela<\/p>\n\n\n\n<p>Muestra de elementos, utensilios,\nalimentos, libros de cocina, publicidades de anta\u00f1o Destinada a ni\u00f1os de 5 a 9\na\u00f1os<\/p>\n\n\n\n<p>Martes de 23 y 30 de Julio<\/p>\n\n\n\n<p>14 a 17 HS<\/p>\n\n\n\n<p>Actividades did\u00e1cticas<\/p>\n\n\n\n<p>relacionadas con la cocina<\/p>\n\n\n\n<p>Elaboraci\u00f3n de tortas fritas en\nfamilia<\/p>\n\n\n\n<p>Jueves 25 de Julio \/ 2 de Agosto<\/p>\n\n\n\n<p>14 a 17 HS<\/p>\n\n\n\n<p>Amasado de tallarines<\/p>\n\n\n\n<p><strong>MUSEO AMEGHINO<\/strong><\/p>\n\n\n\n<p>LUNES 22 y 29 de julio<\/p>\n\n\n\n<p>Taller de mandalas tejidos<\/p>\n\n\n\n<p>A partir de 5 a\u00f1os<\/p>\n\n\n\n<p>De 14:00 a 15:30 y de 15:30 a\n17:00 hs.<\/p>\n\n\n\n<p>MARTES 23 y 30 de julio<\/p>\n\n\n\n<p>Elaboraci\u00f3n de compost y<\/p>\n\n\n\n<p>plantines org\u00e1nicos De 5 a 12\na\u00f1os<\/p>\n\n\n\n<p>De 14:00 a 15:30 y de 15:30 a\n17:00 hs.<\/p>\n\n\n\n<p>MI\u00c9RCOLES 24 y 31 de julio<\/p>\n\n\n\n<p>Modelado de dinosaurios<\/p>\n\n\n\n<p>De 5 a 12 a\u00f1os, a cargo de Camila\nColombatti y M\u00f3nica D\u00edaz.<\/p>\n\n\n\n<p>De 14:00 a 15:30 y de 15:30 a\n17:00 hs.<\/p>\n\n\n\n<p>JUEVES 25 de julio Y 1 de agosto<\/p>\n\n\n\n<p>Modelado de vasijas<\/p>\n\n\n\n<p>A partir de 5 a\u00f1os.<\/p>\n\n\n\n<p>De 14:00 a 15:30 y de 15:30 a\n17:00 hs.<\/p>\n\n\n\n<p>VIERNES 26 de julio y 2 de agosto<\/p>\n\n\n\n<p>\u201cPaleont\u00f3logos por un d\u00eda\u201d<\/p>\n\n\n\n<p>Rescate y extracci\u00f3n de f\u00f3siles.<\/p>\n\n\n\n<p>A partir de 6 a\u00f1os<\/p>\n\n\n\n<p>De 14:00 a 15:30 y de 15:30 a\n17:00 hs.<\/p>\n\n\n\n<p>S\u00c1BADO 27 de julio y 3 de agosto,\nDOMINGO 28 de julio Y 4 de agosto<\/p>\n\n\n\n<p>Aprendiendo a ser arque\u00f3logos y\npaleont\u00f3logos en arenero de f\u00f3siles<\/p>\n\n\n\n<p>S\u00c1BADO 27 de julio y 2 de agosto<\/p>\n\n\n\n<p>Confecci\u00f3n de dinotiteres<\/p>\n\n\n\n<p>De 14 a 17 HS<\/p>\n\n\n\n<p>Paseo en Bicidinosaurios<\/p>\n\n\n\n<p>Horario: de 14:00 a 17:00 hs, de\n3 a 10 a\u00f1os<\/p>\n\n\n\n<p><strong>TEATRO ARGENTINO \u201cJULIO C\u00c9SAR GIOSCIO\u201d<\/strong><\/p>\n\n\n\n<p>LUNES 22 Y JUEVES 29<\/p>\n\n\n\n<p>15 HS &amp; 17 HS<\/p>\n\n\n\n<p>TEATRO CIEGO ESPECIAL NI\u00d1@S<\/p>\n\n\n\n<p>MI AMIGA LA OSCURIDAD<\/p>\n\n\n\n<p>JUEVES 25<\/p>\n\n\n\n<p>EL PATIO DE MI CASA<\/p>\n\n\n\n<p>GRUPO PICA PICA<\/p>\n\n\n\n<p>VIERNES 26 Y&nbsp; SABADO 27<\/p>\n\n\n\n<p>TIEMPO DE SUE\u00d1O <\/p>\n\n\n\n<p>MUSICAL CRUCE DEL ARTE 20 HS<\/p>\n\n\n\n<p>DOMINGO 28<\/p>\n\n\n\n<p>PINOCHO<\/p>\n\n\n\n<p>VERSION LIBRE<\/p>\n\n\n\n<p>DIR OSVALDO DRAT<\/p>\n\n\n\n<p><strong>CENTRO CULTURAL LA TROCHA <\/strong><\/p>\n\n\n\n<p>FESTIVAL DE CIRCO Y ARTE\nINDEPENDIENTE MERCEDES \u2013 22 JUL \/ 4 AGO<\/p>\n\n\n\n<p>Funciones a partir de las 15:30 Hs.<\/p>\n\n\n\n<p><\/p>\n\n\n\n<p>Info: Dir Cultura <\/p>\n","protected":false},"excerpt":{"rendered":"<p>Para esta primera semana de vacaciones la Municipalidad de Mercedes tiene un amplio abanico de actividades para todos los vecinos &#8230; <a title=\"Comenzaron las vacaciones de invierno con muchas propuestas para toda la familia\" class=\"read-more\" href=\"https:\/\/www.hoymercedes.com.ar\/principal\/2019\/07\/22\/comenzaron-las-vacaciones-de-invierno-con-muchas-propuestas-para-toda-la-familia\/\" aria-label=\"Leer m\u00e1s sobre Comenzaron las vacaciones de invierno con muchas propuestas para toda la familia\">Leer m\u00e1s<\/a><\/p>\n","protected":false},"author":1,"featured_media":96963,"comment_status":"closed","ping_status":"open","sticky":false,"template":"","format":"standard","meta":{"_monsterinsights_skip_tracking":false,"_monsterinsights_sitenote_active":false,"_monsterinsights_sitenote_note":"","_monsterinsights_sitenote_category":0,"jetpack_post_was_ever_published":false,"_jetpack_newsletter_access":"","_jetpack_dont_email_post_to_subs":false,"_jetpack_newsletter_tier_id":0,"_jetpack_memberships_contains_paywalled_content":false,"_jetpack_memberships_contains_paid_content":false,"footnotes":"","jetpack_publicize_message":"","jetpack_publicize_feature_enabled":true,"jetpack_social_post_already_shared":true,"jetpack_social_options":{"image_generator_settings":{"template":"highway","default_image_id":0,"font":"","enabled":false},"version":2},"_wpas_customize_per_network":false},"categories":[30],"tags":[244,424,7629],"class_list":["post-96961","post","type-post","status-publish","format-standard","has-post-thumbnail","hentry","category-municipio","tag-municipio-2","tag-ustarroz","tag-vacaciones-de-invierno","generate-columns","tablet-grid-50","mobile-grid-100","grid-parent","grid-50"],"jetpack_publicize_connections":[],"jetpack_featured_media_url":"https:\/\/www.hoymercedes.com.ar\/principal\/wp-content\/uploads\/2019\/07\/Inflables-1.jpeg","wps_subtitle":"Actividades familiares","jetpack_sharing_enabled":true,"_links":{"self":[{"href":"https:\/\/www.hoymercedes.com.ar\/principal\/wp-json\/wp\/v2\/posts\/96961","targetHints":{"allow":["GET"]}}],"collection":[{"href":"https:\/\/www.hoymercedes.com.ar\/principal\/wp-json\/wp\/v2\/posts"}],"about":[{"href":"https:\/\/www.hoymercedes.com.ar\/principal\/wp-json\/wp\/v2\/types\/post"}],"author":[{"embeddable":true,"href":"https:\/\/www.hoymercedes.com.ar\/principal\/wp-json\/wp\/v2\/users\/1"}],"replies":[{"embeddable":true,"href":"https:\/\/www.hoymercedes.com.ar\/principal\/wp-json\/wp\/v2\/comments?post=96961"}],"version-history":[{"count":0,"href":"https:\/\/www.hoymercedes.com.ar\/principal\/wp-json\/wp\/v2\/posts\/96961\/revisions"}],"wp:featuredmedia":[{"embeddable":true,"href":"https:\/\/www.hoymercedes.com.ar\/principal\/wp-json\/wp\/v2\/media\/96963"}],"wp:attachment":[{"href":"https:\/\/www.hoymercedes.com.ar\/principal\/wp-json\/wp\/v2\/media?parent=96961"}],"wp:term":[{"taxonomy":"category","embeddable":true,"href":"https:\/\/www.hoymercedes.com.ar\/principal\/wp-json\/wp\/v2\/categories?post=96961"},{"taxonomy":"post_tag","embeddable":true,"href":"https:\/\/www.hoymercedes.com.ar\/principal\/wp-json\/wp\/v2\/tags?post=96961"}],"curies":[{"name":"wp","href":"https:\/\/api.w.org\/{rel}","templated":true}]}}