{"id":9698,"date":"2011-12-08T23:20:49","date_gmt":"2011-12-08T23:20:49","guid":{"rendered":"http:\/\/www.hoymercedes.com.ar\/principal\/?p=9698"},"modified":"2011-12-08T23:33:53","modified_gmt":"2011-12-08T23:33:53","slug":"asuncion-de-concejales-con-final-a-los-golpes","status":"publish","type":"post","link":"https:\/\/www.hoymercedes.com.ar\/principal\/2011\/12\/08\/asuncion-de-concejales-con-final-a-los-golpes\/","title":{"rendered":"Asunci\u00f3n de Concejales con final a los golpes"},"content":{"rendered":"<p><a href=\"https:\/\/www.hoymercedes.com.ar\/principal\/wp-content\/uploads\/2011\/12\/BarraAsuncionConcejo11-1.jpg\"><img loading=\"lazy\" decoding=\"async\" data-attachment-id=\"9705\" data-permalink=\"https:\/\/www.hoymercedes.com.ar\/principal\/2011\/12\/08\/asuncion-de-concejales-con-final-a-los-golpes\/barraasuncionconcejo11-1\/#main\" data-orig-file=\"https:\/\/www.hoymercedes.com.ar\/principal\/wp-content\/uploads\/2011\/12\/BarraAsuncionConcejo11-1.jpg\" data-orig-size=\"612,459\" data-comments-opened=\"1\" data-image-meta=\"{&quot;aperture&quot;:&quot;2.8&quot;,&quot;credit&quot;:&quot;&quot;,&quot;camera&quot;:&quot;COOLPIX L10&quot;,&quot;caption&quot;:&quot;&quot;,&quot;created_timestamp&quot;:&quot;1323100713&quot;,&quot;copyright&quot;:&quot;Copyright 2006&quot;,&quot;focal_length&quot;:&quot;6.2&quot;,&quot;iso&quot;:&quot;259&quot;,&quot;shutter_speed&quot;:&quot;0.016666666666667&quot;,&quot;title&quot;:&quot;&quot;}\" data-image-title=\"BarraAsuncionConcejo11 (1)\" data-image-description=\"\" data-image-caption=\"\" data-large-file=\"https:\/\/www.hoymercedes.com.ar\/principal\/wp-content\/uploads\/2011\/12\/BarraAsuncionConcejo11-1.jpg\" class=\"aligncenter size-full wp-image-9705\" title=\"BarraAsuncionConcejo11 (1)\" src=\"https:\/\/www.hoymercedes.com.ar\/principal\/wp-content\/uploads\/2011\/12\/BarraAsuncionConcejo11-1.jpg\" alt=\"\" width=\"612\" height=\"459\" \/><\/a><\/p>\n<p>Golpes, gritos, mal tratos y una mujer que debi\u00f3 ser atendida en el hospital Blas L. Dubarry luego de que una ambulancia convocada especialmente la trasladara para efectuarle la asistencia mencionada.<\/p>\n<p>La barra del recinto estaba completa con militantes y seguidores de las principales bancadas: Frente para la Victoria y Frente Mercedeino. El ambienta dada para el juego, la chicana y las bromas, pero, la situaci\u00f3n fue m\u00e1s all\u00e1 cuando a la salida se agarraron a golpes, patadas voladoras e insultos por doquier.<\/p>\n<p>Principalmente fueron un par de militantes que llevaron su discusi\u00f3n a los empujones y mostr\u00f3 el caldeado encuentro de los seguidores de las fuerzas. La persona golpeada, una mujer, fue luego de haber recibido un golpe y una ca\u00edda.<\/p>\n<p>La polic\u00eda que se encontraba en las afueras del municipio debi\u00f3 intervenir y se llamaron por prevenci\u00f3n m\u00e1s efectivos.<\/p>\n<p>La situaci\u00f3n result\u00f3 absolutamente inc\u00f3moda para todos los presentes.<\/p>\n<p><a href=\"https:\/\/www.hoymercedes.com.ar\/principal\/wp-content\/uploads\/2011\/12\/BarraAsuncionConcejo11-3.jpg\"><img loading=\"lazy\" decoding=\"async\" data-attachment-id=\"9702\" data-permalink=\"https:\/\/www.hoymercedes.com.ar\/principal\/2011\/12\/08\/asuncion-de-concejales-con-final-a-los-golpes\/barraasuncionconcejo11-3\/#main\" data-orig-file=\"https:\/\/www.hoymercedes.com.ar\/principal\/wp-content\/uploads\/2011\/12\/BarraAsuncionConcejo11-3.jpg\" data-orig-size=\"612,459\" data-comments-opened=\"1\" data-image-meta=\"{&quot;aperture&quot;:&quot;2.8&quot;,&quot;credit&quot;:&quot;&quot;,&quot;camera&quot;:&quot;COOLPIX L10&quot;,&quot;caption&quot;:&quot;&quot;,&quot;created_timestamp&quot;:&quot;1323101528&quot;,&quot;copyright&quot;:&quot;Copyright 2006&quot;,&quot;focal_length&quot;:&quot;6.2&quot;,&quot;iso&quot;:&quot;200&quot;,&quot;shutter_speed&quot;:&quot;0.016666666666667&quot;,&quot;title&quot;:&quot;&quot;}\" data-image-title=\"BarraAsuncionConcejo11 (3)\" data-image-description=\"\" data-image-caption=\"\" data-large-file=\"https:\/\/www.hoymercedes.com.ar\/principal\/wp-content\/uploads\/2011\/12\/BarraAsuncionConcejo11-3.jpg\" class=\"aligncenter size-full wp-image-9702\" title=\"BarraAsuncionConcejo11 (3)\" src=\"https:\/\/www.hoymercedes.com.ar\/principal\/wp-content\/uploads\/2011\/12\/BarraAsuncionConcejo11-3.jpg\" alt=\"\" width=\"612\" height=\"459\" srcset=\"https:\/\/www.hoymercedes.com.ar\/principal\/wp-content\/uploads\/2011\/12\/BarraAsuncionConcejo11-3.jpg 612w, https:\/\/www.hoymercedes.com.ar\/principal\/wp-content\/uploads\/2011\/12\/BarraAsuncionConcejo11-3-300x225.jpg 300w\" sizes=\"auto, (max-width: 612px) 100vw, 612px\" \/><\/a><\/p>\n<p><a href=\"https:\/\/www.hoymercedes.com.ar\/principal\/wp-content\/uploads\/2011\/12\/DSCN9382.jpg\"><img loading=\"lazy\" decoding=\"async\" data-attachment-id=\"9703\" data-permalink=\"https:\/\/www.hoymercedes.com.ar\/principal\/2011\/12\/08\/asuncion-de-concejales-con-final-a-los-golpes\/dscn9382\/#main\" data-orig-file=\"https:\/\/www.hoymercedes.com.ar\/principal\/wp-content\/uploads\/2011\/12\/DSCN9382.jpg\" data-orig-size=\"612,459\" data-comments-opened=\"1\" data-image-meta=\"{&quot;aperture&quot;:&quot;2.8&quot;,&quot;credit&quot;:&quot;&quot;,&quot;camera&quot;:&quot;COOLPIX L10&quot;,&quot;caption&quot;:&quot;&quot;,&quot;created_timestamp&quot;:&quot;1323100842&quot;,&quot;copyright&quot;:&quot;Copyright 2006&quot;,&quot;focal_length&quot;:&quot;6.2&quot;,&quot;iso&quot;:&quot;259&quot;,&quot;shutter_speed&quot;:&quot;0.016666666666667&quot;,&quot;title&quot;:&quot;&quot;}\" data-image-title=\"DSCN9382\" data-image-description=\"\" data-image-caption=\"\" data-large-file=\"https:\/\/www.hoymercedes.com.ar\/principal\/wp-content\/uploads\/2011\/12\/DSCN9382.jpg\" class=\"aligncenter size-full wp-image-9703\" title=\"DSCN9382\" src=\"https:\/\/www.hoymercedes.com.ar\/principal\/wp-content\/uploads\/2011\/12\/DSCN9382.jpg\" alt=\"\" width=\"612\" height=\"459\" srcset=\"https:\/\/www.hoymercedes.com.ar\/principal\/wp-content\/uploads\/2011\/12\/DSCN9382.jpg 612w, https:\/\/www.hoymercedes.com.ar\/principal\/wp-content\/uploads\/2011\/12\/DSCN9382-300x225.jpg 300w\" sizes=\"auto, (max-width: 612px) 100vw, 612px\" \/><\/a><\/p>\n<p><a href=\"https:\/\/www.hoymercedes.com.ar\/principal\/wp-content\/uploads\/2011\/12\/BarraAsuncionConcejo11-2.jpg\"><img loading=\"lazy\" decoding=\"async\" data-attachment-id=\"9704\" data-permalink=\"https:\/\/www.hoymercedes.com.ar\/principal\/2011\/12\/08\/asuncion-de-concejales-con-final-a-los-golpes\/barraasuncionconcejo11-2\/#main\" data-orig-file=\"https:\/\/www.hoymercedes.com.ar\/principal\/wp-content\/uploads\/2011\/12\/BarraAsuncionConcejo11-2.jpg\" data-orig-size=\"612,459\" data-comments-opened=\"1\" data-image-meta=\"{&quot;aperture&quot;:&quot;4.7&quot;,&quot;credit&quot;:&quot;&quot;,&quot;camera&quot;:&quot;COOLPIX L10&quot;,&quot;caption&quot;:&quot;&quot;,&quot;created_timestamp&quot;:&quot;1323100747&quot;,&quot;copyright&quot;:&quot;Copyright 2006&quot;,&quot;focal_length&quot;:&quot;15.3&quot;,&quot;iso&quot;:&quot;400&quot;,&quot;shutter_speed&quot;:&quot;0.016666666666667&quot;,&quot;title&quot;:&quot;&quot;}\" data-image-title=\"BarraAsuncionConcejo11 (2)\" data-image-description=\"\" data-image-caption=\"\" data-large-file=\"https:\/\/www.hoymercedes.com.ar\/principal\/wp-content\/uploads\/2011\/12\/BarraAsuncionConcejo11-2.jpg\" class=\"aligncenter size-full wp-image-9704\" title=\"BarraAsuncionConcejo11 (2)\" src=\"https:\/\/www.hoymercedes.com.ar\/principal\/wp-content\/uploads\/2011\/12\/BarraAsuncionConcejo11-2.jpg\" alt=\"\" width=\"612\" height=\"459\" srcset=\"https:\/\/www.hoymercedes.com.ar\/principal\/wp-content\/uploads\/2011\/12\/BarraAsuncionConcejo11-2.jpg 612w, https:\/\/www.hoymercedes.com.ar\/principal\/wp-content\/uploads\/2011\/12\/BarraAsuncionConcejo11-2-300x225.jpg 300w\" sizes=\"auto, (max-width: 612px) 100vw, 612px\" \/><\/a><\/p>\n","protected":false},"excerpt":{"rendered":"<p>Golpes, gritos, mal tratos y una mujer que debi\u00f3 ser atendida en el hospital Blas L. Dubarry luego de que &#8230; <a title=\"Asunci\u00f3n de Concejales con final a los golpes\" class=\"read-more\" href=\"https:\/\/www.hoymercedes.com.ar\/principal\/2011\/12\/08\/asuncion-de-concejales-con-final-a-los-golpes\/\" aria-label=\"Leer m\u00e1s sobre Asunci\u00f3n de Concejales con final a los golpes\">Leer m\u00e1s<\/a><\/p>\n","protected":false},"author":1,"featured_media":0,"comment_status":"open","ping_status":"open","sticky":false,"template":"","format":"standard","meta":{"_monsterinsights_skip_tracking":false,"_monsterinsights_sitenote_active":false,"_monsterinsights_sitenote_note":"","_monsterinsights_sitenote_category":0,"jetpack_post_was_ever_published":false,"_jetpack_newsletter_access":"","_jetpack_dont_email_post_to_subs":false,"_jetpack_newsletter_tier_id":0,"_jetpack_memberships_contains_paywalled_content":false,"_jetpack_memberships_contains_paid_content":false,"footnotes":"","jetpack_publicize_message":"","jetpack_publicize_feature_enabled":true,"jetpack_social_post_already_shared":false,"jetpack_social_options":{"image_generator_settings":{"template":"highway","default_image_id":0,"font":"","enabled":false},"version":2},"_wpas_customize_per_network":false},"categories":[8],"tags":[1693,1692],"class_list":["post-9698","post","type-post","status-publish","format-standard","hentry","category-sociedad","tag-escandalo-concejo-deliberante-mercedes","tag-pinas-en-concejo-deliberante","generate-columns","tablet-grid-50","mobile-grid-100","grid-parent","grid-50"],"jetpack_publicize_connections":[],"jetpack_featured_media_url":"","wps_subtitle":"","jetpack_sharing_enabled":true,"_links":{"self":[{"href":"https:\/\/www.hoymercedes.com.ar\/principal\/wp-json\/wp\/v2\/posts\/9698","targetHints":{"allow":["GET"]}}],"collection":[{"href":"https:\/\/www.hoymercedes.com.ar\/principal\/wp-json\/wp\/v2\/posts"}],"about":[{"href":"https:\/\/www.hoymercedes.com.ar\/principal\/wp-json\/wp\/v2\/types\/post"}],"author":[{"embeddable":true,"href":"https:\/\/www.hoymercedes.com.ar\/principal\/wp-json\/wp\/v2\/users\/1"}],"replies":[{"embeddable":true,"href":"https:\/\/www.hoymercedes.com.ar\/principal\/wp-json\/wp\/v2\/comments?post=9698"}],"version-history":[{"count":0,"href":"https:\/\/www.hoymercedes.com.ar\/principal\/wp-json\/wp\/v2\/posts\/9698\/revisions"}],"wp:attachment":[{"href":"https:\/\/www.hoymercedes.com.ar\/principal\/wp-json\/wp\/v2\/media?parent=9698"}],"wp:term":[{"taxonomy":"category","embeddable":true,"href":"https:\/\/www.hoymercedes.com.ar\/principal\/wp-json\/wp\/v2\/categories?post=9698"},{"taxonomy":"post_tag","embeddable":true,"href":"https:\/\/www.hoymercedes.com.ar\/principal\/wp-json\/wp\/v2\/tags?post=9698"}],"curies":[{"name":"wp","href":"https:\/\/api.w.org\/{rel}","templated":true}]}}