{"id":96992,"date":"2019-07-23T11:00:47","date_gmt":"2019-07-23T14:00:47","guid":{"rendered":"http:\/\/www.hoymercedes.com.ar\/principal\/?p=96992"},"modified":"2019-07-23T09:52:57","modified_gmt":"2019-07-23T12:52:57","slug":"nueva-barrileteada-de-la-murga-de-la-ribera","status":"publish","type":"post","link":"https:\/\/www.hoymercedes.com.ar\/principal\/2019\/07\/23\/nueva-barrileteada-de-la-murga-de-la-ribera\/","title":{"rendered":"Nueva barrileteada de la Murga de la Ribera"},"content":{"rendered":"\n<p> La Murga de la Ribera organiza su tradicional barrileteada del Dia del Ni\u00f1o. Es la cuarta edici\u00f3n de una propuesta que \u00abfue tomando vuelo\u00bb desde que arranc\u00f3 y que enfatiza en las costumbres de los ni\u00f1os de anta\u00f1o. el armado de los barriletes, juntando y cortando ca\u00f1as, para luego recortar el papel y pegarlo con engrudo o cinta son tradiciones que se quieren mantener y difundir a los ni\u00f1os de ahora.<\/p>\n\n\n\n<p>Desde la Murga de la Ribera, entonces convocan el d\u00eda s\u00e1bado 10 de agosto a acercarse al Complejo Cultural La Trocha desde la hora 14:30 con su barrilete, o asimismo armarlo en el predio donde habr\u00e1 un puesto gratuito para la confecci\u00f3n de barriletes caseros, como los de antes.<\/p>\n\n\n\n<p>En el Complejo tambi\u00e9n estar\u00e1n todas las propuestas que ya expusieron en los a\u00f1os anteriores, los inflables, los juegos recreativos, m\u00fasica, artistas callejeros, entre otras propuestas anticipando el D\u00eda del Ni\u00f1o. <br><\/p>\n","protected":false},"excerpt":{"rendered":"<p>La Murga de la Ribera organiza su tradicional barrileteada del Dia del Ni\u00f1o. Es la cuarta edici\u00f3n de una propuesta &#8230; <a title=\"Nueva barrileteada de la Murga de la Ribera\" class=\"read-more\" href=\"https:\/\/www.hoymercedes.com.ar\/principal\/2019\/07\/23\/nueva-barrileteada-de-la-murga-de-la-ribera\/\" aria-label=\"Leer m\u00e1s sobre Nueva barrileteada de la Murga de la Ribera\">Leer m\u00e1s<\/a><\/p>\n","protected":false},"author":1,"featured_media":96993,"comment_status":"closed","ping_status":"open","sticky":false,"template":"","format":"standard","meta":{"_monsterinsights_skip_tracking":false,"_monsterinsights_sitenote_active":false,"_monsterinsights_sitenote_note":"","_monsterinsights_sitenote_category":0,"jetpack_post_was_ever_published":false,"_jetpack_newsletter_access":"","_jetpack_dont_email_post_to_subs":false,"_jetpack_newsletter_tier_id":0,"_jetpack_memberships_contains_paywalled_content":false,"_jetpack_memberships_contains_paid_content":false,"footnotes":"","jetpack_publicize_message":"","jetpack_publicize_feature_enabled":true,"jetpack_social_post_already_shared":true,"jetpack_social_options":{"image_generator_settings":{"template":"highway","default_image_id":0,"font":"","enabled":false},"version":2},"_wpas_customize_per_network":false},"categories":[104],"tags":[9904,7805,1174,7664],"class_list":["post-96992","post","type-post","status-publish","format-standard","has-post-thumbnail","hentry","category-cultura","tag-barrileteada","tag-cultura","tag-dia-del-nino","tag-murga-de-la-ribera","generate-columns","tablet-grid-50","mobile-grid-100","grid-parent","grid-50"],"jetpack_publicize_connections":[],"jetpack_featured_media_url":"https:\/\/www.hoymercedes.com.ar\/principal\/wp-content\/uploads\/2019\/07\/23-murga-barriletes.jpg","wps_subtitle":"Para ir agendando","jetpack_sharing_enabled":true,"_links":{"self":[{"href":"https:\/\/www.hoymercedes.com.ar\/principal\/wp-json\/wp\/v2\/posts\/96992","targetHints":{"allow":["GET"]}}],"collection":[{"href":"https:\/\/www.hoymercedes.com.ar\/principal\/wp-json\/wp\/v2\/posts"}],"about":[{"href":"https:\/\/www.hoymercedes.com.ar\/principal\/wp-json\/wp\/v2\/types\/post"}],"author":[{"embeddable":true,"href":"https:\/\/www.hoymercedes.com.ar\/principal\/wp-json\/wp\/v2\/users\/1"}],"replies":[{"embeddable":true,"href":"https:\/\/www.hoymercedes.com.ar\/principal\/wp-json\/wp\/v2\/comments?post=96992"}],"version-history":[{"count":0,"href":"https:\/\/www.hoymercedes.com.ar\/principal\/wp-json\/wp\/v2\/posts\/96992\/revisions"}],"wp:featuredmedia":[{"embeddable":true,"href":"https:\/\/www.hoymercedes.com.ar\/principal\/wp-json\/wp\/v2\/media\/96993"}],"wp:attachment":[{"href":"https:\/\/www.hoymercedes.com.ar\/principal\/wp-json\/wp\/v2\/media?parent=96992"}],"wp:term":[{"taxonomy":"category","embeddable":true,"href":"https:\/\/www.hoymercedes.com.ar\/principal\/wp-json\/wp\/v2\/categories?post=96992"},{"taxonomy":"post_tag","embeddable":true,"href":"https:\/\/www.hoymercedes.com.ar\/principal\/wp-json\/wp\/v2\/tags?post=96992"}],"curies":[{"name":"wp","href":"https:\/\/api.w.org\/{rel}","templated":true}]}}