{"id":97029,"date":"2019-07-24T08:44:03","date_gmt":"2019-07-24T11:44:03","guid":{"rendered":"http:\/\/www.hoymercedes.com.ar\/principal\/?p=97029"},"modified":"2019-07-24T08:44:06","modified_gmt":"2019-07-24T11:44:06","slug":"santiago-malano-inicia-la-segunda-ronda-de-clasificacion-a-champions-con-valletta","status":"publish","type":"post","link":"https:\/\/www.hoymercedes.com.ar\/principal\/2019\/07\/24\/santiago-malano-inicia-la-segunda-ronda-de-clasificacion-a-champions-con-valletta\/","title":{"rendered":"Santiago Malano inicia la segunda ronda de clasificaci\u00f3n a Champions con Valletta"},"content":{"rendered":"\n<p>En Europa comenz\u00f3 a disputarse la Champions League. Lo que habitualmente vemos con los equipos m\u00e1s poderosos del Viejo Continente comienza al inicio de la temporada con las primeras fases de clasificaci\u00f3n de los paises que se encuentran en los \u00faltimos lugares de la tabla de posiciones de la UEFA y Malta, donde juega el mercedino Santiago Malano, comenz\u00f3 a disputarla.<\/p>\n\n\n\n<figure class=\"wp-block-image\"><img loading=\"lazy\" decoding=\"async\" width=\"630\" height=\"420\" data-attachment-id=\"97030\" data-permalink=\"https:\/\/www.hoymercedes.com.ar\/principal\/2019\/07\/24\/santiago-malano-inicia-la-segunda-ronda-de-clasificacion-a-champions-con-valletta\/santiago-malano-valletta-fc-2-3\/#main\" data-orig-file=\"https:\/\/www.hoymercedes.com.ar\/principal\/wp-content\/uploads\/2019\/07\/Santiago-Malano-Valletta-FC-2.jpg\" data-orig-size=\"630,420\" data-comments-opened=\"0\" data-image-meta=\"{&quot;aperture&quot;:&quot;0&quot;,&quot;credit&quot;:&quot;&quot;,&quot;camera&quot;:&quot;&quot;,&quot;caption&quot;:&quot;&quot;,&quot;created_timestamp&quot;:&quot;0&quot;,&quot;copyright&quot;:&quot;&quot;,&quot;focal_length&quot;:&quot;0&quot;,&quot;iso&quot;:&quot;0&quot;,&quot;shutter_speed&quot;:&quot;0&quot;,&quot;title&quot;:&quot;&quot;,&quot;orientation&quot;:&quot;0&quot;}\" data-image-title=\"Santiago-Malano-Valletta-FC-2\" data-image-description=\"\" data-image-caption=\"\" data-large-file=\"https:\/\/www.hoymercedes.com.ar\/principal\/wp-content\/uploads\/2019\/07\/Santiago-Malano-Valletta-FC-2.jpg\" src=\"https:\/\/www.hoymercedes.com.ar\/principal\/wp-content\/uploads\/2019\/07\/Santiago-Malano-Valletta-FC-2.jpg\" alt=\"\" class=\"wp-image-97030\" srcset=\"https:\/\/www.hoymercedes.com.ar\/principal\/wp-content\/uploads\/2019\/07\/Santiago-Malano-Valletta-FC-2.jpg 630w, https:\/\/www.hoymercedes.com.ar\/principal\/wp-content\/uploads\/2019\/07\/Santiago-Malano-Valletta-FC-2-150x100.jpg 150w, https:\/\/www.hoymercedes.com.ar\/principal\/wp-content\/uploads\/2019\/07\/Santiago-Malano-Valletta-FC-2-360x240.jpg 360w\" sizes=\"auto, (max-width: 630px) 100vw, 630px\" \/><\/figure>\n\n\n\n<p>El campe\u00f3n de la Liga maltesa evit\u00f3 la ronda preliminar, que la juegan los equipos de los pa\u00edses ubicados entre el puesto 52 y 55, ya que Malta actualmente est\u00e1 47. En esta oportunidad le toc\u00f3 medirse ante Dudelange de Luxemburgo y por el gol de visitante, pas\u00f3 de fase. En el primer partido empat\u00f3 fuera de casa 2 a 2, donde el Malano fue titular, y en el segundo, 1 a 1, donde el mercedino no jug\u00f3.<\/p>\n\n\n\n<p>Ahora se medir\u00e1 ante Ferencvaros de Hungr\u00eda. El primer partido se jugar\u00e1 hoy a partir de las 15 hora argentina y la vuelta, en Malta, el pr\u00f3ximo martes.<\/p>\n","protected":false},"excerpt":{"rendered":"<p>En Europa comenz\u00f3 a disputarse la Champions League. Lo que habitualmente vemos con los equipos m\u00e1s poderosos del Viejo Continente &#8230; <a title=\"Santiago Malano inicia la segunda ronda de clasificaci\u00f3n a Champions con Valletta\" class=\"read-more\" href=\"https:\/\/www.hoymercedes.com.ar\/principal\/2019\/07\/24\/santiago-malano-inicia-la-segunda-ronda-de-clasificacion-a-champions-con-valletta\/\" aria-label=\"Leer m\u00e1s sobre Santiago Malano inicia la segunda ronda de clasificaci\u00f3n a Champions con Valletta\">Leer m\u00e1s<\/a><\/p>\n","protected":false},"author":1,"featured_media":97030,"comment_status":"closed","ping_status":"open","sticky":false,"template":"","format":"standard","meta":{"_monsterinsights_skip_tracking":false,"_monsterinsights_sitenote_active":false,"_monsterinsights_sitenote_note":"","_monsterinsights_sitenote_category":0,"jetpack_post_was_ever_published":false,"_jetpack_newsletter_access":"","_jetpack_dont_email_post_to_subs":false,"_jetpack_newsletter_tier_id":0,"_jetpack_memberships_contains_paywalled_content":false,"_jetpack_memberships_contains_paid_content":false,"footnotes":"","jetpack_publicize_message":"","jetpack_publicize_feature_enabled":true,"jetpack_social_post_already_shared":true,"jetpack_social_options":{"image_generator_settings":{"template":"highway","default_image_id":0,"font":"","enabled":false},"version":2},"_wpas_customize_per_network":false},"categories":[21],"tags":[15528,15529,9675],"class_list":["post-97029","post","type-post","status-publish","format-standard","has-post-thumbnail","hentry","category-deportes","tag-dundelange","tag-ferencvaros","tag-santiago-malano","generate-columns","tablet-grid-50","mobile-grid-100","grid-parent","grid-50"],"jetpack_publicize_connections":[],"jetpack_featured_media_url":"https:\/\/www.hoymercedes.com.ar\/principal\/wp-content\/uploads\/2019\/07\/Santiago-Malano-Valletta-FC-2.jpg","wps_subtitle":"La Legi\u00f3n","jetpack_sharing_enabled":true,"_links":{"self":[{"href":"https:\/\/www.hoymercedes.com.ar\/principal\/wp-json\/wp\/v2\/posts\/97029","targetHints":{"allow":["GET"]}}],"collection":[{"href":"https:\/\/www.hoymercedes.com.ar\/principal\/wp-json\/wp\/v2\/posts"}],"about":[{"href":"https:\/\/www.hoymercedes.com.ar\/principal\/wp-json\/wp\/v2\/types\/post"}],"author":[{"embeddable":true,"href":"https:\/\/www.hoymercedes.com.ar\/principal\/wp-json\/wp\/v2\/users\/1"}],"replies":[{"embeddable":true,"href":"https:\/\/www.hoymercedes.com.ar\/principal\/wp-json\/wp\/v2\/comments?post=97029"}],"version-history":[{"count":0,"href":"https:\/\/www.hoymercedes.com.ar\/principal\/wp-json\/wp\/v2\/posts\/97029\/revisions"}],"wp:featuredmedia":[{"embeddable":true,"href":"https:\/\/www.hoymercedes.com.ar\/principal\/wp-json\/wp\/v2\/media\/97030"}],"wp:attachment":[{"href":"https:\/\/www.hoymercedes.com.ar\/principal\/wp-json\/wp\/v2\/media?parent=97029"}],"wp:term":[{"taxonomy":"category","embeddable":true,"href":"https:\/\/www.hoymercedes.com.ar\/principal\/wp-json\/wp\/v2\/categories?post=97029"},{"taxonomy":"post_tag","embeddable":true,"href":"https:\/\/www.hoymercedes.com.ar\/principal\/wp-json\/wp\/v2\/tags?post=97029"}],"curies":[{"name":"wp","href":"https:\/\/api.w.org\/{rel}","templated":true}]}}