{"id":97033,"date":"2019-07-24T10:46:59","date_gmt":"2019-07-24T13:46:59","guid":{"rendered":"http:\/\/www.hoymercedes.com.ar\/principal\/?p=97033"},"modified":"2019-07-24T15:45:48","modified_gmt":"2019-07-24T18:45:48","slug":"comenzo-un-nuevo-torneo-de-veteranos","status":"publish","type":"post","link":"https:\/\/www.hoymercedes.com.ar\/principal\/2019\/07\/24\/comenzo-un-nuevo-torneo-de-veteranos\/","title":{"rendered":"Comenz\u00f3 un nuevo torneo de veteranos"},"content":{"rendered":"\n<p>La Copa Goodyear Neum\u00e1ticos volvi\u00f3 a ponerse en marcha, con diez equipos intervinientes. La Copa Mercedes Deportes de menores complet\u00f3 otra fecha m\u00e1s.<\/p>\n\n\n\n<figure class=\"wp-block-image\"><img loading=\"lazy\" decoding=\"async\" width=\"1024\" height=\"768\" data-attachment-id=\"97034\" data-permalink=\"https:\/\/www.hoymercedes.com.ar\/principal\/2019\/07\/24\/comenzo-un-nuevo-torneo-de-veteranos\/lo-jarrones-jpg-2\/#main\" data-orig-file=\"https:\/\/www.hoymercedes.com.ar\/principal\/wp-content\/uploads\/2019\/07\/lo-jarrones.jpg-2.jpg\" data-orig-size=\"1032,774\" data-comments-opened=\"0\" data-image-meta=\"{&quot;aperture&quot;:&quot;0&quot;,&quot;credit&quot;:&quot;&quot;,&quot;camera&quot;:&quot;&quot;,&quot;caption&quot;:&quot;&quot;,&quot;created_timestamp&quot;:&quot;0&quot;,&quot;copyright&quot;:&quot;&quot;,&quot;focal_length&quot;:&quot;0&quot;,&quot;iso&quot;:&quot;0&quot;,&quot;shutter_speed&quot;:&quot;0&quot;,&quot;title&quot;:&quot;&quot;,&quot;orientation&quot;:&quot;0&quot;}\" data-image-title=\"lo-jarrones.jpg-2\" data-image-description=\"\" data-image-caption=\"\" data-large-file=\"https:\/\/www.hoymercedes.com.ar\/principal\/wp-content\/uploads\/2019\/07\/lo-jarrones.jpg-2-1024x768.jpg\" src=\"https:\/\/www.hoymercedes.com.ar\/principal\/wp-content\/uploads\/2019\/07\/lo-jarrones.jpg-2-1024x768.jpg\" alt=\"\" class=\"wp-image-97034\" srcset=\"https:\/\/www.hoymercedes.com.ar\/principal\/wp-content\/uploads\/2019\/07\/lo-jarrones.jpg-2-1024x768.jpg 1024w, https:\/\/www.hoymercedes.com.ar\/principal\/wp-content\/uploads\/2019\/07\/lo-jarrones.jpg-2-150x113.jpg 150w, https:\/\/www.hoymercedes.com.ar\/principal\/wp-content\/uploads\/2019\/07\/lo-jarrones.jpg-2-630x473.jpg 630w, https:\/\/www.hoymercedes.com.ar\/principal\/wp-content\/uploads\/2019\/07\/lo-jarrones.jpg-2-320x240.jpg 320w, https:\/\/www.hoymercedes.com.ar\/principal\/wp-content\/uploads\/2019\/07\/lo-jarrones.jpg-2-100x75.jpg 100w, https:\/\/www.hoymercedes.com.ar\/principal\/wp-content\/uploads\/2019\/07\/lo-jarrones.jpg-2.jpg 1032w\" sizes=\"auto, (max-width: 1024px) 100vw, 1024px\" \/><\/figure>\n\n\n\n<p>En una jornada festiva, por la celebraci\u00f3n del d\u00eda del amigo, igualmente hubo acci\u00f3n en el complejo de la ciudad de Mercedes. De la mano del siempre impecable Walter Banega, con una organizaci\u00f3n perfecta, el f\u00fatbol vibro en las instalaciones del sindicato, y se vieron incre\u00edbles partidos en las correspondientes canchas.<\/p>\n\n\n\n<p>Copa Goodyear Neum\u00e1ticos (veteranos)<\/p>\n\n\n\n<p>En primera instancia, hay que mencionar que pasada la primera jornada de f\u00fatbol, la misma dej\u00f3 a tres \u00fanicos l\u00edderes. En lo m\u00e1s alto de la tabla de posiciones, se encuentran Electromec\u00e1nica Zunino, La Cortada y El Rejunte. Los veteranos de zunino, tuvieron que enfrentarse contra la siempre complicada Agrupaci\u00f3n Cipriano Reyes. Electromec\u00e1nica Zunino ya supo coronarse en el sindicato, y no le pes\u00f3 nada el encuentro. Termin\u00f3 favorecido en el marcador por tres tantos contra uno por sobre su rival, para sumar las dos primeras benditas unidades.<\/p>\n\n\n\n<p>La gente de La Cortada tambi\u00e9n es primera. En un extenuante match, y parejo a cada minuto, se bati\u00f3 a duelo frente Forrajer\u00eda El Cholo, que ten\u00eda en el campo de juego al intratable goleador Javier D\u00edaz, quien anot\u00f3 un doblete que no alcanz\u00f3, ya que el triunfo fue para su adversario por tres a dos, en un final no apto para cardiacos.<\/p>\n\n\n\n<p>El otro en discordia fue el Rejunte, que siempre se para contra lo que le toque, y busca las maneras de poder contrarrestar a su contrincante. En esta oportunidad, el rival fue Goodyear Neum\u00e1ticos, que entraron al verde c\u00e9sped con hambre de gloria. M\u00e1s all\u00e1 de las situaciones de gol que ambos tuvieron, solamente la n\u00b05 entr\u00f3 en una sola oportunidad, siendo la misma para El Rejunte, adue\u00f1\u00e1ndose del resultado por uno a cero.<\/p>\n\n\n\n<p>En otros dos encuentros, los marcadores fueron empates en un tanto por bando. En primer t\u00e9rmino, Lo Jarrones, con indumentaria nueva igualaron en uno contra Ap\u00edcola Mercedes. Ambos tuvieron chances de quedarse con el partido, pero la balanza no se termin\u00f3 de desequilibrar. El actual<\/p>\n\n\n\n<p>campe\u00f3n, Rosario Pl\u00e1stico-Autoservicio Marisol, inici\u00f3 su camino con un empate ante Consultorio Nuestra Se\u00f1ora.<\/p>\n\n\n\n<p>Copa Mercedes Deportes (menores)<\/p>\n\n\n\n<p>Los menores siguen haciendo de las suyas, y de a poco se van acercando al cierre de la fase de grupos, y nadie quiere quedarse afuera de la siguiente cita futbol\u00edstica. La zona A tiene como puntero en soledad a Despensa El Cone, quienes fueron contundentes contra Carnicer\u00eda la 11-Nefergas srl. Despensa El Cone se qued\u00f3 con el enfrentamiento por dos goles a uno, y ya acumula 9 puntos.<\/p>\n\n\n\n<p>Los Pibes y Pasaron Cosas, verdaderamente jugaron el partido del d\u00eda. Ambos est\u00e1n en la cima de la tabla de la zona B, y alguno de los dos seguramente iba a quedarse en el camino, pero al parecer Dios fue justo y determin\u00f3 que el pleito culminase en igualdad por uno a uno.<\/p>\n\n\n\n<p>Chacinados Las Mar\u00edas se alej\u00f3 un poco del fondo de la tabla, e igualando la l\u00ednea de puntos de Tienda de Huevos FC, a quien justamente el mencionado en primer t\u00e9rmino derrot\u00f3 por dos a uno.<\/p>\n\n\n\n<p>Tres enfrentamientos tuvieron la no presentaci\u00f3n de uno de los dos que se ten\u00edan que enfrentar. Por un lado, Club Gimnasia termin\u00f3 siendo el vencedor ante la no presentaci\u00f3n del plantel por parte de Verduler\u00eda Roc\u00edo. Lo mismo ocurri\u00f3 en el encuentro entre Verduler\u00eda More y Tercer Tiempo, siendo Tercer Tiempo el ausente. La misma historia se repiti\u00f3 en Estudio Jur\u00eddico Pagano-Poggio y el Barrio San Mart\u00edn. Los del barrio no se hicieron presentes a la cita, y los del estudio fueron los due\u00f1os de los puntos.<\/p>\n\n\n\n<p>Por \u00faltimo, El Rejunte es el escolta de Despensa El Cone en la zona A. Sigue haciendo bien las cosas. Fue certero a la hora de las definiciones, y le gan\u00f3 a Gimnasio M&amp;M por dos a uno.<\/p>\n\n\n\n<p>Resultados completos Copa Mercedes Deportes:<\/p>\n\n\n\n<p>Despensa El Cone: 2 (Lucas Novo 2)<\/p>\n\n\n\n<p>Carnicer\u00eda la 11-Nefergas srl: 1 (Joaqu\u00edn Monte)<\/p>\n\n\n\n<p>Los Pibes: 1 (Carlos Larrea)<\/p>\n\n\n\n<p>Pasaron Cosas: 1 (Tom\u00e1s Scasso)<\/p>\n\n\n\n<p>Tienda de Huevos FC: 1 (Jos\u00e9 Ram\u00edrez)<\/p>\n\n\n\n<p>Chacinados Las Mar\u00edas: 2 (Mart\u00edn Landini 2)<\/p>\n\n\n\n<p>Club Gimnasia: 3<\/p>\n\n\n\n<p>Verduler\u00eda Roc\u00edo: 0<\/p>\n\n\n\n<p>Verduler\u00eda More: 3<\/p>\n\n\n\n<p>Tercer Tiempo: 0<\/p>\n\n\n\n<p>Estudio Jur\u00eddico Pagano-Poggio: 3<\/p>\n\n\n\n<p>Barrio San Mart\u00edn: 0<\/p>\n\n\n\n<p>El Rejunte: 2 (Mart\u00edn Torres 2)<\/p>\n\n\n\n<p>Gimnasio M&amp;M: 1 (Franco Pertossi)<\/p>\n\n\n\n<p>Resultados completos Copa Goodyear Neum\u00e1ticos:<\/p>\n\n\n\n<p>Agrupaci\u00f3n Cipriano Reyes: 1<\/p>\n\n\n\n<p>Electromec\u00e1nica Zunino: 3<\/p>\n\n\n\n<p>Forrajer\u00eda El Cholo: 2 (Javier D\u00edaz 2)<\/p>\n\n\n\n<p>La Cortada: 3 (Juan Jos\u00e9 Ram\u00edrez 2, Javier Quiroga)<\/p>\n\n\n\n<p>Lo Jarrones: 1<\/p>\n\n\n\n<p>Ap\u00edcola Mercedes: 1<\/p>\n\n\n\n<p>Rosario Pl\u00e1stico-Autoservicio Marisol: 1 (\u00c1ngel Cuello)<\/p>\n\n\n\n<p>Consultorio Nuestra Se\u00f1ora: 1<\/p>\n\n\n\n<p>El Rejunte: 1<\/p>\n\n\n\n<p>Goodyear Neum\u00e1ticos: 0<\/p>\n\n\n\n<div class=\"wp-block-image\"><figure class=\"aligncenter\"><img loading=\"lazy\" decoding=\"async\" width=\"372\" height=\"382\" data-attachment-id=\"97035\" data-permalink=\"https:\/\/www.hoymercedes.com.ar\/principal\/2019\/07\/24\/comenzo-un-nuevo-torneo-de-veteranos\/imagen-carne-veteranos\/#main\" data-orig-file=\"https:\/\/www.hoymercedes.com.ar\/principal\/wp-content\/uploads\/2019\/07\/imagen-carne-veteranos.png\" data-orig-size=\"372,382\" data-comments-opened=\"0\" data-image-meta=\"{&quot;aperture&quot;:&quot;0&quot;,&quot;credit&quot;:&quot;&quot;,&quot;camera&quot;:&quot;&quot;,&quot;caption&quot;:&quot;&quot;,&quot;created_timestamp&quot;:&quot;0&quot;,&quot;copyright&quot;:&quot;&quot;,&quot;focal_length&quot;:&quot;0&quot;,&quot;iso&quot;:&quot;0&quot;,&quot;shutter_speed&quot;:&quot;0&quot;,&quot;title&quot;:&quot;&quot;,&quot;orientation&quot;:&quot;0&quot;}\" data-image-title=\"imagen-carne-veteranos\" data-image-description=\"\" data-image-caption=\"\" data-large-file=\"https:\/\/www.hoymercedes.com.ar\/principal\/wp-content\/uploads\/2019\/07\/imagen-carne-veteranos.png\" src=\"https:\/\/www.hoymercedes.com.ar\/principal\/wp-content\/uploads\/2019\/07\/imagen-carne-veteranos.png\" alt=\"\" class=\"wp-image-97035\" srcset=\"https:\/\/www.hoymercedes.com.ar\/principal\/wp-content\/uploads\/2019\/07\/imagen-carne-veteranos.png 372w, https:\/\/www.hoymercedes.com.ar\/principal\/wp-content\/uploads\/2019\/07\/imagen-carne-veteranos-146x150.png 146w\" sizes=\"auto, (max-width: 372px) 100vw, 372px\" \/><\/figure><\/div>\n\n\n\n<div class=\"wp-block-image\"><figure class=\"aligncenter\"><img loading=\"lazy\" decoding=\"async\" width=\"405\" height=\"507\" data-attachment-id=\"97036\" data-permalink=\"https:\/\/www.hoymercedes.com.ar\/principal\/2019\/07\/24\/comenzo-un-nuevo-torneo-de-veteranos\/imagen-carne-menores\/#main\" data-orig-file=\"https:\/\/www.hoymercedes.com.ar\/principal\/wp-content\/uploads\/2019\/07\/imagen-carne-menores.png\" data-orig-size=\"405,507\" data-comments-opened=\"0\" data-image-meta=\"{&quot;aperture&quot;:&quot;0&quot;,&quot;credit&quot;:&quot;&quot;,&quot;camera&quot;:&quot;&quot;,&quot;caption&quot;:&quot;&quot;,&quot;created_timestamp&quot;:&quot;0&quot;,&quot;copyright&quot;:&quot;&quot;,&quot;focal_length&quot;:&quot;0&quot;,&quot;iso&quot;:&quot;0&quot;,&quot;shutter_speed&quot;:&quot;0&quot;,&quot;title&quot;:&quot;&quot;,&quot;orientation&quot;:&quot;0&quot;}\" data-image-title=\"imagen-carne-menores\" data-image-description=\"\" data-image-caption=\"\" data-large-file=\"https:\/\/www.hoymercedes.com.ar\/principal\/wp-content\/uploads\/2019\/07\/imagen-carne-menores.png\" src=\"https:\/\/www.hoymercedes.com.ar\/principal\/wp-content\/uploads\/2019\/07\/imagen-carne-menores.png\" alt=\"\" class=\"wp-image-97036\" srcset=\"https:\/\/www.hoymercedes.com.ar\/principal\/wp-content\/uploads\/2019\/07\/imagen-carne-menores.png 405w, https:\/\/www.hoymercedes.com.ar\/principal\/wp-content\/uploads\/2019\/07\/imagen-carne-menores-120x150.png 120w\" sizes=\"auto, (max-width: 405px) 100vw, 405px\" \/><\/figure><\/div>\n","protected":false},"excerpt":{"rendered":"<p>La Copa Goodyear Neum\u00e1ticos volvi\u00f3 a ponerse en marcha, con diez equipos intervinientes. La Copa Mercedes Deportes de menores complet\u00f3 &#8230; <a title=\"Comenz\u00f3 un nuevo torneo de veteranos\" class=\"read-more\" href=\"https:\/\/www.hoymercedes.com.ar\/principal\/2019\/07\/24\/comenzo-un-nuevo-torneo-de-veteranos\/\" aria-label=\"Leer m\u00e1s sobre Comenz\u00f3 un nuevo torneo de veteranos\">Leer m\u00e1s<\/a><\/p>\n","protected":false},"author":1,"featured_media":97034,"comment_status":"closed","ping_status":"open","sticky":false,"template":"","format":"standard","meta":{"_monsterinsights_skip_tracking":false,"_monsterinsights_sitenote_active":false,"_monsterinsights_sitenote_note":"","_monsterinsights_sitenote_category":0,"jetpack_post_was_ever_published":false,"_jetpack_newsletter_access":"","_jetpack_dont_email_post_to_subs":false,"_jetpack_newsletter_tier_id":0,"_jetpack_memberships_contains_paywalled_content":false,"_jetpack_memberships_contains_paid_content":false,"footnotes":"","jetpack_publicize_message":"","jetpack_publicize_feature_enabled":true,"jetpack_social_post_already_shared":true,"jetpack_social_options":{"image_generator_settings":{"template":"highway","default_image_id":0,"font":"","enabled":false},"version":2},"_wpas_customize_per_network":false},"categories":[21],"tags":[15536],"class_list":["post-97033","post","type-post","status-publish","format-standard","has-post-thumbnail","hentry","category-deportes","tag-deportes-futbol-amateur","generate-columns","tablet-grid-50","mobile-grid-100","grid-parent","grid-50"],"jetpack_publicize_connections":[],"jetpack_featured_media_url":"https:\/\/www.hoymercedes.com.ar\/principal\/wp-content\/uploads\/2019\/07\/lo-jarrones.jpg-2.jpg","wps_subtitle":"Torneo Sindicato de la Carne","jetpack_sharing_enabled":true,"_links":{"self":[{"href":"https:\/\/www.hoymercedes.com.ar\/principal\/wp-json\/wp\/v2\/posts\/97033","targetHints":{"allow":["GET"]}}],"collection":[{"href":"https:\/\/www.hoymercedes.com.ar\/principal\/wp-json\/wp\/v2\/posts"}],"about":[{"href":"https:\/\/www.hoymercedes.com.ar\/principal\/wp-json\/wp\/v2\/types\/post"}],"author":[{"embeddable":true,"href":"https:\/\/www.hoymercedes.com.ar\/principal\/wp-json\/wp\/v2\/users\/1"}],"replies":[{"embeddable":true,"href":"https:\/\/www.hoymercedes.com.ar\/principal\/wp-json\/wp\/v2\/comments?post=97033"}],"version-history":[{"count":0,"href":"https:\/\/www.hoymercedes.com.ar\/principal\/wp-json\/wp\/v2\/posts\/97033\/revisions"}],"wp:featuredmedia":[{"embeddable":true,"href":"https:\/\/www.hoymercedes.com.ar\/principal\/wp-json\/wp\/v2\/media\/97034"}],"wp:attachment":[{"href":"https:\/\/www.hoymercedes.com.ar\/principal\/wp-json\/wp\/v2\/media?parent=97033"}],"wp:term":[{"taxonomy":"category","embeddable":true,"href":"https:\/\/www.hoymercedes.com.ar\/principal\/wp-json\/wp\/v2\/categories?post=97033"},{"taxonomy":"post_tag","embeddable":true,"href":"https:\/\/www.hoymercedes.com.ar\/principal\/wp-json\/wp\/v2\/tags?post=97033"}],"curies":[{"name":"wp","href":"https:\/\/api.w.org\/{rel}","templated":true}]}}