{"id":97060,"date":"2019-07-23T21:53:55","date_gmt":"2019-07-24T00:53:55","guid":{"rendered":"http:\/\/www.hoymercedes.com.ar\/principal\/?p=97060"},"modified":"2019-07-24T16:05:32","modified_gmt":"2019-07-24T19:05:32","slug":"entregan-articulos-de-limpieza-al-centro-de-formacion-integral-n-1","status":"publish","type":"post","link":"https:\/\/www.hoymercedes.com.ar\/principal\/2019\/07\/23\/entregan-articulos-de-limpieza-al-centro-de-formacion-integral-n-1\/","title":{"rendered":"Entregan art\u00edculos de limpieza al Centro de Formaci\u00f3n Integral N\u00b0 1"},"content":{"rendered":"\n<p>El Municipio de Mercedes a trav\u00e9s de la Direcci\u00f3n de Discapacidad se le hizo entrega al Centro de Formaci\u00f3n integral N\u00b0 1 productos e insumos de limpieza. La comunidad educativa de la instituci\u00f3n de calle 38 y 47 atiende a personas con discapacidad que realizan formaci\u00f3n secundaria y laboral. <\/p>\n\n\n\n<p>El intendente Juan Ustarroz explic\u00f3 que \u201cesto es una ayuda puntual ante una solicitud de esta instituci\u00f3n. La cooperadora nos manifesta que no estaban recibiendo de forma peri\u00f3dica insumos para la limpieza y mantenimiento del establecimiento\u00bb. <\/p>\n\n\n\n<p>Por su parte, la Directora de Discapacidad, Tatiana L\u00f3pez dijo:  \u201csiempre estamos atentos a sus consultas y solicitudes. Cada vez que venimos y recorremos sus pasillos podemos ver como gracias al gran trabajo de su cooperadora, grupo docente y familias esta instituci\u00f3n crece\u201d. \u00a0<\/p>\n","protected":false},"excerpt":{"rendered":"<p>El Municipio de Mercedes a trav\u00e9s de la Direcci\u00f3n de Discapacidad se le hizo entrega al Centro de Formaci\u00f3n integral &#8230; <a title=\"Entregan art\u00edculos de limpieza al Centro de Formaci\u00f3n Integral N\u00b0 1\" class=\"read-more\" href=\"https:\/\/www.hoymercedes.com.ar\/principal\/2019\/07\/23\/entregan-articulos-de-limpieza-al-centro-de-formacion-integral-n-1\/\" aria-label=\"Leer m\u00e1s sobre Entregan art\u00edculos de limpieza al Centro de Formaci\u00f3n Integral N\u00b0 1\">Leer m\u00e1s<\/a><\/p>\n","protected":false},"author":1,"featured_media":97061,"comment_status":"closed","ping_status":"open","sticky":false,"template":"","format":"standard","meta":{"_monsterinsights_skip_tracking":false,"_monsterinsights_sitenote_active":false,"_monsterinsights_sitenote_note":"","_monsterinsights_sitenote_category":0,"jetpack_post_was_ever_published":false,"_jetpack_newsletter_access":"","_jetpack_dont_email_post_to_subs":false,"_jetpack_newsletter_tier_id":0,"_jetpack_memberships_contains_paywalled_content":false,"_jetpack_memberships_contains_paid_content":false,"footnotes":"","jetpack_publicize_message":"","jetpack_publicize_feature_enabled":true,"jetpack_social_post_already_shared":true,"jetpack_social_options":{"image_generator_settings":{"template":"highway","default_image_id":0,"font":"","enabled":false},"version":2},"_wpas_customize_per_network":false},"categories":[30],"tags":[],"class_list":["post-97060","post","type-post","status-publish","format-standard","has-post-thumbnail","hentry","category-municipio","generate-columns","tablet-grid-50","mobile-grid-100","grid-parent","grid-50"],"jetpack_publicize_connections":[],"jetpack_featured_media_url":"https:\/\/www.hoymercedes.com.ar\/principal\/wp-content\/uploads\/2019\/07\/23-centro-laboral.jpeg","wps_subtitle":"","jetpack_sharing_enabled":true,"_links":{"self":[{"href":"https:\/\/www.hoymercedes.com.ar\/principal\/wp-json\/wp\/v2\/posts\/97060","targetHints":{"allow":["GET"]}}],"collection":[{"href":"https:\/\/www.hoymercedes.com.ar\/principal\/wp-json\/wp\/v2\/posts"}],"about":[{"href":"https:\/\/www.hoymercedes.com.ar\/principal\/wp-json\/wp\/v2\/types\/post"}],"author":[{"embeddable":true,"href":"https:\/\/www.hoymercedes.com.ar\/principal\/wp-json\/wp\/v2\/users\/1"}],"replies":[{"embeddable":true,"href":"https:\/\/www.hoymercedes.com.ar\/principal\/wp-json\/wp\/v2\/comments?post=97060"}],"version-history":[{"count":0,"href":"https:\/\/www.hoymercedes.com.ar\/principal\/wp-json\/wp\/v2\/posts\/97060\/revisions"}],"wp:featuredmedia":[{"embeddable":true,"href":"https:\/\/www.hoymercedes.com.ar\/principal\/wp-json\/wp\/v2\/media\/97061"}],"wp:attachment":[{"href":"https:\/\/www.hoymercedes.com.ar\/principal\/wp-json\/wp\/v2\/media?parent=97060"}],"wp:term":[{"taxonomy":"category","embeddable":true,"href":"https:\/\/www.hoymercedes.com.ar\/principal\/wp-json\/wp\/v2\/categories?post=97060"},{"taxonomy":"post_tag","embeddable":true,"href":"https:\/\/www.hoymercedes.com.ar\/principal\/wp-json\/wp\/v2\/tags?post=97060"}],"curies":[{"name":"wp","href":"https:\/\/api.w.org\/{rel}","templated":true}]}}