{"id":97063,"date":"2019-07-25T06:05:56","date_gmt":"2019-07-25T09:05:56","guid":{"rendered":"http:\/\/www.hoymercedes.com.ar\/principal\/?p=97063"},"modified":"2019-07-24T16:23:18","modified_gmt":"2019-07-24T19:23:18","slug":"el-clima-en-buenos-aires-en-el-ano-2050-sera-como-el-de-sydney","status":"publish","type":"post","link":"https:\/\/www.hoymercedes.com.ar\/principal\/2019\/07\/25\/el-clima-en-buenos-aires-en-el-ano-2050-sera-como-el-de-sydney\/","title":{"rendered":"El clima en Buenos Aires en el a\u00f1o 2050 ser\u00e1 como el de Sydney"},"content":{"rendered":"\n<p>Por Cristi\u00e1n Frers* &#8211; Si nada lo impide, el mundo se dirige irremediablemente a un escenario apocal\u00edptico. Nada parecen importar las advertencias que la comunidad cient\u00edfica lleva observando desde hace d\u00e9cadas, ni el incremento del nivel de los oc\u00e9anos, ni el aumento alarmante de las temperaturas, ni la tala indiscriminada; mientras se sigan ignorando las iniciativas de protecci\u00f3n medioambiental, el ser humano est\u00e1 condenado a propiciar su propia extinci\u00f3n.<\/p>\n\n\n\n<p>El\nmundo tiende hacia la homogeneizaci\u00f3n tropical, mientras que el tr\u00f3pico se\nsecar\u00e1 tanto que sus principales ciudades tienen un destino incierto. A medida que las emisiones de gases de efecto\ninvernadero contin\u00faen aumentando, en medio de una gran cantidad de sequ\u00edas,\ninundaciones y grandes tormentas, agravadas por el aumento del nivel del mar,\nexiste una creciente aprobaci\u00f3n pol\u00edtica de que el cambio clim\u00e1tico representa\nun riesgo futuro para miles de millones de personas.<\/p>\n\n\n\n<p>En 2.050, cuando el 70% de los habitantes del mundo sean urbanos, la quinta parte de las ciudades tendr\u00e1n \u00abcondiciones clim\u00e1ticas<strong> <\/strong>nunca vistas\u00bb<strong>, <\/strong>seg\u00fan un estudio de la universidad de ciencia y tecnolog\u00eda ETH Zurich, de Suiza<strong>.\u00a0<\/strong><\/p>\n\n\n\n<p>Se analizaron las condiciones clim\u00e1ticas actuales de las ciudades -como lluvias y variaciones en las estaciones- y proyectaron qu\u00e9 suceder\u00eda si la temperatura global aumentar\u00e1<strong> <\/strong>otro 0,5\u00baC, y se acercase as\u00ed al objetivo menor, que se fij\u00f3 en 2.015 en el Acuerdo de Par\u00eds en 1,5\u00baC. El resultado revel\u00f3 que las ciudades tendr\u00e1n condiciones clim\u00e1ticas que actualmente no se dan en ninguna de las m\u00e1s importantes urbes-<\/p>\n\n\n\n<p>Hoy\npor hoy, el clima de la ciudad de Sydney es subtropical, h\u00famedo, con veranos\nsuaves e inviernos algo fr\u00edos. Las precipitaciones no son muy frecuentes pero\n-cuando llueve, lo hace de manera intensa-. Su proximidad\nal mar hace que el clima sea moderado aunque en verano la sensaci\u00f3n de calor\npuede resultar m\u00e1s alta debido a la humedad. &nbsp;Pensar que las temperaturas\npueden variar, en funci\u00f3n de las zonas, no es lo mismo que vivir cerca del mar\nen el oeste de Sydney.<\/p>\n\n\n\n<p>El\ntema es que la Ciudad Aut\u00f3noma de Buenos Aires, en el 2.050, no tendr\u00e1 el\ninflujo del mar como s\u00ed lo tiene la Ciudad de Sydney. La temperatura m\u00e1xima del\nmes m\u00e1s c\u00e1lido se incrementar\u00e1 por &nbsp;2,4\u00baC, lo que resultar\u00e1 en un cambio\nmedio anual de 1,1\u00baC. Es un cambio en las condiciones clim\u00e1ticas que\nprobablemente aumentar\u00e1 el riesgo de inundaciones y sequ\u00edas extremas.<\/p>\n\n\n\n<p>Muchas\nciudades, especialmente en las naciones m\u00e1s pobres, enfrentan desaf\u00edos\nimportantes, que incluyen crecientes poblaciones en barrios marginales que\ncarecen de servicios b\u00e1sicos y son cada vez m\u00e1s propensos a sufrir desastres\nclim\u00e1ticos.<\/p>\n\n\n\n<p>El\ncambio clim\u00e1tico se sit\u00faa en el epicentro del problema. Sin embargo, la\nconsiderable reducci\u00f3n de agua potable, la contaminaci\u00f3n del aire, la presencia\ncada vez m\u00e1s apremiante de pl\u00e1sticos en oc\u00e9anos y en mares, los cambios de\necosistemas, el derretimiento de los polos o la sobrepesca son otros temas\nalarmantes.<\/p>\n\n\n\n<p>El\nagua, como todos los recursos que nos proporciona la Tierra, es finita: las\nreservas de agua dulce en el planeta, presente en acu\u00edferos, r\u00edos, lagos o\nglaciares, se est\u00e1n reduciendo a un ritmo preocupante y ya comienzan a secarse\nbajo tierra. La desertificaci\u00f3n no solo influye (y, a menudo, destruye) un\necosistema concreto, sino que tambi\u00e9n tiene una incidencia directa en el resto\ndel planeta: sin amplios bosques, no se generan lluvias y, sin lluvias, no se\ngeneran zonas verdes.<\/p>\n\n\n\n<p>La\nTierra pierde cada a\u00f1o 15.000 millones de \u00e1rboles, lo que se traduce en\nmillones de hect\u00e1reas de tierra f\u00e9rtil, que acabar\u00e1n sec\u00e1ndose. El problema es\nque bajo el suelo yermo tambi\u00e9n desaparecen caudales subterr\u00e1neos de agua que\nactualmente abastecen a buena parte del planeta. Y, si se cumplen las\nprevisiones, de los 7.300 millones de gargantas humanas que a d\u00eda de hoy calman\nsu sed gracias a estas reservas de agua, pasaremos a 11.000 millones en\n&nbsp;2.050. Por eso, si no se toman medidas urgentes, es probable que la\nescasez sea una realidad en lugares que hoy en d\u00eda disfrutan de abundante\nl\u00edquido potable.<\/p>\n\n\n\n<p>Si\nno hacemos nada, las temperaturas ser\u00e1n cada vez m\u00e1s extremas hasta que llegar\u00e1\nel d\u00eda en que todo lo que vemos ser\u00e1 un paisaje totalmente des\u00e9rtico, sin\nning\u00fan tipo de vida inteligente, sin vegetaci\u00f3n y plagado de cucarachas pues\nser\u00e1n los \u00fanicos animales capaces de soportar el nuevo clima.<\/p>\n\n\n\n<p>En\ns\u00edntesis, se vivir\u00e1 con m\u00e1s calor, en una &nbsp;aridez m\u00e1s intensa&nbsp;y\nlluvias y&nbsp;fen\u00f3menos como ciclones y monzones m\u00e1s pronunciados. Son\ncondiciones desconocidas.<\/p>\n\n\n\n<p>*Cristi\u00e1n Frers \u2013 T\u00e9cnico Superior en Gesti\u00f3n Ambiental y T\u00e9cnico Superior en Comunicaci\u00f3n Social (Periodista).<\/p>\n","protected":false},"excerpt":{"rendered":"<p>Por Cristi\u00e1n Frers* &#8211; Si nada lo impide, el mundo se dirige irremediablemente a un escenario apocal\u00edptico. Nada parecen importar &#8230; <a title=\"El clima en Buenos Aires en el a\u00f1o 2050 ser\u00e1 como el de Sydney\" class=\"read-more\" href=\"https:\/\/www.hoymercedes.com.ar\/principal\/2019\/07\/25\/el-clima-en-buenos-aires-en-el-ano-2050-sera-como-el-de-sydney\/\" aria-label=\"Leer m\u00e1s sobre El clima en Buenos Aires en el a\u00f1o 2050 ser\u00e1 como el de Sydney\">Leer m\u00e1s<\/a><\/p>\n","protected":false},"author":1,"featured_media":79611,"comment_status":"closed","ping_status":"open","sticky":false,"template":"","format":"standard","meta":{"_monsterinsights_skip_tracking":false,"_monsterinsights_sitenote_active":false,"_monsterinsights_sitenote_note":"","_monsterinsights_sitenote_category":0,"jetpack_post_was_ever_published":false,"_jetpack_newsletter_access":"","_jetpack_dont_email_post_to_subs":false,"_jetpack_newsletter_tier_id":0,"_jetpack_memberships_contains_paywalled_content":false,"_jetpack_memberships_contains_paid_content":false,"footnotes":"","jetpack_publicize_message":"","jetpack_publicize_feature_enabled":true,"jetpack_social_post_already_shared":true,"jetpack_social_options":{"image_generator_settings":{"template":"highway","default_image_id":0,"font":"","enabled":false},"version":2},"_wpas_customize_per_network":false},"categories":[1],"tags":[13876,43,8748],"class_list":["post-97063","post","type-post","status-publish","format-standard","has-post-thumbnail","hentry","category-opinion","tag-cambio-climatico","tag-medio-ambiente","tag-opinion","generate-columns","tablet-grid-50","mobile-grid-100","grid-parent","grid-50"],"jetpack_publicize_connections":[],"jetpack_featured_media_url":"https:\/\/www.hoymercedes.com.ar\/principal\/wp-content\/uploads\/2018\/08\/09-cambioclimatico.jpg","wps_subtitle":"","jetpack_sharing_enabled":true,"_links":{"self":[{"href":"https:\/\/www.hoymercedes.com.ar\/principal\/wp-json\/wp\/v2\/posts\/97063","targetHints":{"allow":["GET"]}}],"collection":[{"href":"https:\/\/www.hoymercedes.com.ar\/principal\/wp-json\/wp\/v2\/posts"}],"about":[{"href":"https:\/\/www.hoymercedes.com.ar\/principal\/wp-json\/wp\/v2\/types\/post"}],"author":[{"embeddable":true,"href":"https:\/\/www.hoymercedes.com.ar\/principal\/wp-json\/wp\/v2\/users\/1"}],"replies":[{"embeddable":true,"href":"https:\/\/www.hoymercedes.com.ar\/principal\/wp-json\/wp\/v2\/comments?post=97063"}],"version-history":[{"count":0,"href":"https:\/\/www.hoymercedes.com.ar\/principal\/wp-json\/wp\/v2\/posts\/97063\/revisions"}],"wp:featuredmedia":[{"embeddable":true,"href":"https:\/\/www.hoymercedes.com.ar\/principal\/wp-json\/wp\/v2\/media\/79611"}],"wp:attachment":[{"href":"https:\/\/www.hoymercedes.com.ar\/principal\/wp-json\/wp\/v2\/media?parent=97063"}],"wp:term":[{"taxonomy":"category","embeddable":true,"href":"https:\/\/www.hoymercedes.com.ar\/principal\/wp-json\/wp\/v2\/categories?post=97063"},{"taxonomy":"post_tag","embeddable":true,"href":"https:\/\/www.hoymercedes.com.ar\/principal\/wp-json\/wp\/v2\/tags?post=97063"}],"curies":[{"name":"wp","href":"https:\/\/api.w.org\/{rel}","templated":true}]}}