{"id":97067,"date":"2019-07-24T17:10:01","date_gmt":"2019-07-24T20:10:01","guid":{"rendered":"http:\/\/www.hoymercedes.com.ar\/principal\/?p=97067"},"modified":"2019-07-24T17:51:56","modified_gmt":"2019-07-24T20:51:56","slug":"la-ley-de-paridad-de-genero-se-aplico-en-los-135-distritos-bonaerenses","status":"publish","type":"post","link":"https:\/\/www.hoymercedes.com.ar\/principal\/2019\/07\/24\/la-ley-de-paridad-de-genero-se-aplico-en-los-135-distritos-bonaerenses\/","title":{"rendered":"La ley de paridad de g\u00e9nero se aplic\u00f3 en los 135 distritos bonaerenses"},"content":{"rendered":"\n<p>Los datos se desprenden de un relevamiento que llev\u00f3 adelante el \u00e1rea de Asuntos Pol\u00edticos y Electorales de la Defensor\u00eda, junto a la Asociaci\u00f3n de Mujeres Mentoras, la Asociaci\u00f3n de Defensores de la Rep\u00fablica Argentina (ADPRA) y el Instituto Nacional de las Mujeres (INAM).<\/p>\n\n\n\n<p>La ley de paridad de g\u00e9nero se cumpli\u00f3 en las 978 listas registradas por la Junta Electoral en la Provincia de Buenos Aires, las que contienen el cargo de Gobernador\/a, las seccionales y las distritales. Esto deriva en un total de 21964 candidaturas registradas, de las cuales 10640 son mujeres y 11324 son hombres. Adem\u00e1s, se corrobor\u00f3 que 1007 mujeres que encabezan las postulaciones en las listas registradas, mientras que en el caso de los hombres el n\u00famero asciende a 1761.<\/p>\n\n\n\n<p>Con estos datos, el resultado del monitoreo en territorio bonaerense, que se trabaj\u00f3 a partir de las listas publicadas oficialmente por la Junta Electoral y relevadas por de las Delegaciones de la Defensor\u00eda, arroj\u00f3 un resultado del cumplimiento absoluto en las candidaturas de los 135 distritos de las 8 secciones electorales de la Provincia, tanto en materia de paridad de g\u00e9nero, como en alternancia en los integrantes de las listas. <\/p>\n\n\n\n<p>La ley de Paridad de G\u00e9nero fue sancionada por la legislatura bonaerense el 4 de octubre del 2016, la norma exige que las listas de candidatos a senadores, diputados provinciales, concejales y consejeros escolares incluyan un 50% de personas de cada g\u00e9nero \u2013determinado por su DNI- en forma alternada y secuencial por binomios (var\u00f3n-mujer o mujer-var\u00f3n). Por su parte, la norma fue sancionada por el Congreso de la Naci\u00f3n en el a\u00f1o 2017.<\/p>\n\n\n\n<p>Fuente: Defensor\u00eda Bonaerense<\/p>\n","protected":false},"excerpt":{"rendered":"<p>Los datos se desprenden de un relevamiento que llev\u00f3 adelante el \u00e1rea de Asuntos Pol\u00edticos y Electorales de la Defensor\u00eda, &#8230; <a title=\"La ley de paridad de g\u00e9nero se aplic\u00f3 en los 135 distritos bonaerenses\" class=\"read-more\" href=\"https:\/\/www.hoymercedes.com.ar\/principal\/2019\/07\/24\/la-ley-de-paridad-de-genero-se-aplico-en-los-135-distritos-bonaerenses\/\" aria-label=\"Leer m\u00e1s sobre La ley de paridad de g\u00e9nero se aplic\u00f3 en los 135 distritos bonaerenses\">Leer m\u00e1s<\/a><\/p>\n","protected":false},"author":1,"featured_media":97068,"comment_status":"closed","ping_status":"open","sticky":false,"template":"","format":"standard","meta":{"_monsterinsights_skip_tracking":false,"_monsterinsights_sitenote_active":false,"_monsterinsights_sitenote_note":"","_monsterinsights_sitenote_category":0,"jetpack_post_was_ever_published":false,"_jetpack_newsletter_access":"","_jetpack_dont_email_post_to_subs":false,"_jetpack_newsletter_tier_id":0,"_jetpack_memberships_contains_paywalled_content":false,"_jetpack_memberships_contains_paid_content":false,"footnotes":"","jetpack_publicize_message":"","jetpack_publicize_feature_enabled":true,"jetpack_social_post_already_shared":true,"jetpack_social_options":{"image_generator_settings":{"template":"highway","default_image_id":0,"font":"","enabled":false},"version":2},"_wpas_customize_per_network":false},"categories":[8881],"tags":[9284,1803],"class_list":["post-97067","post","type-post","status-publish","format-standard","has-post-thumbnail","hentry","category-provincia","tag-defensor-del-pueblo","tag-provincia","generate-columns","tablet-grid-50","mobile-grid-100","grid-parent","grid-50"],"jetpack_publicize_connections":[],"jetpack_featured_media_url":"https:\/\/www.hoymercedes.com.ar\/principal\/wp-content\/uploads\/2019\/07\/23-defensor-paridad.jpg","wps_subtitle":"","jetpack_sharing_enabled":true,"_links":{"self":[{"href":"https:\/\/www.hoymercedes.com.ar\/principal\/wp-json\/wp\/v2\/posts\/97067","targetHints":{"allow":["GET"]}}],"collection":[{"href":"https:\/\/www.hoymercedes.com.ar\/principal\/wp-json\/wp\/v2\/posts"}],"about":[{"href":"https:\/\/www.hoymercedes.com.ar\/principal\/wp-json\/wp\/v2\/types\/post"}],"author":[{"embeddable":true,"href":"https:\/\/www.hoymercedes.com.ar\/principal\/wp-json\/wp\/v2\/users\/1"}],"replies":[{"embeddable":true,"href":"https:\/\/www.hoymercedes.com.ar\/principal\/wp-json\/wp\/v2\/comments?post=97067"}],"version-history":[{"count":0,"href":"https:\/\/www.hoymercedes.com.ar\/principal\/wp-json\/wp\/v2\/posts\/97067\/revisions"}],"wp:featuredmedia":[{"embeddable":true,"href":"https:\/\/www.hoymercedes.com.ar\/principal\/wp-json\/wp\/v2\/media\/97068"}],"wp:attachment":[{"href":"https:\/\/www.hoymercedes.com.ar\/principal\/wp-json\/wp\/v2\/media?parent=97067"}],"wp:term":[{"taxonomy":"category","embeddable":true,"href":"https:\/\/www.hoymercedes.com.ar\/principal\/wp-json\/wp\/v2\/categories?post=97067"},{"taxonomy":"post_tag","embeddable":true,"href":"https:\/\/www.hoymercedes.com.ar\/principal\/wp-json\/wp\/v2\/tags?post=97067"}],"curies":[{"name":"wp","href":"https:\/\/api.w.org\/{rel}","templated":true}]}}