{"id":9707,"date":"2011-12-09T18:06:09","date_gmt":"2011-12-09T18:06:09","guid":{"rendered":"http:\/\/www.hoymercedes.com.ar\/principal\/?p=9707"},"modified":"2011-12-09T18:06:09","modified_gmt":"2011-12-09T18:06:09","slug":"marcelo-denapole-vuelve-a-ser-presidente-del-concejo-deliberante-por-dos-anos","status":"publish","type":"post","link":"https:\/\/www.hoymercedes.com.ar\/principal\/2011\/12\/09\/marcelo-denapole-vuelve-a-ser-presidente-del-concejo-deliberante-por-dos-anos\/","title":{"rendered":"Marcelo Denapole vuelve a ser presidente del Concejo Deliberante por dos a\u00f1os"},"content":{"rendered":"<p>Obtuvo 11 sobre 18 votos contando con el apoyo de la UCR, GEN y Coalici\u00f3n C\u00edvica ARI. Vicepresidente primera ser\u00e1 In\u00e9s Mar\u00eda Ghione y la vicepresidencia segunda estar\u00e1 en manos de Jos\u00e9 Cestari. Yolanda Gorosito mantiene su cargo de Secretaria por dos a\u00f1os m\u00e1s. Perazzo y Cirilo renunciaron a sus Dietas.<\/p>\n<p>El oficialismo logr\u00f3 ayer durante la Sesi\u00f3n preparatoria efectuada en el concejo Deliberante imponer su voluntad con ayuda de concejales de la oposici\u00f3n consagrando como presidente del Cuerpo por dos a\u00f1os a Marcelo Den\u00e1pole, Vicepresidente primero a la radical In\u00e9s Ghione y como vicepresidente segundo al \u00fanico representante de la CCF-ARI, Jos\u00e9 Cestari<\/p>\n<p>La sesi\u00f3n, tal cual lo indica la Ley Org\u00e1nica de las Municipalidades y el Reglamento Interno del HCD fue presidida por el concejal de mayor edad perteneciente a la lista que se impuso en las ultimas elecciones recayendo el nombramiento en qui\u00e9n a la postre volver\u00eda a ser electo Presidente del Cuerpo, el Ingeniero Marcelo Den\u00e1pole.<\/p>\n<p>Previo al inicio del tratamiento del Orden del D\u00eda que establec\u00eda la elecci\u00f3n de las autoridades del Cuerpo, un representante de cada bloque mantuvieron una reuni\u00f3n en la Presidencia comprobando el envi\u00f3 de los correspondientes Certificados desde la Junta Electoral certificando la legitimad de cada uno de los nueve ediles que se integran al Cuerpo.<\/p>\n<p>En el acta respectiva que debi\u00f3 firmarse consta que los concejales Pablo Daniel Perazzo y Roberto Cirilo presentaron sus respectivas renuncia a las dietas que deben percibir por lo cual se remitir\u00e1n los documentos aportados por ambos ediles a las autoridades correspondientes.<\/p>\n<p>Fue la concejal Mercedes Mazzocchi quien en representaci\u00f3n del bloque PJ-Frente para la Victoria nomino al ingeniero Marcelo Den\u00e1pole para ocupar la presidencia mientras que desde el Frente Mercedino, Juan Pablo L\u00f3pez propon\u00eda a Celeste Burone.<\/p>\n<p>La votaci\u00f3n final determin\u00f3 once votos para Denapole, los ocho de su bloque m\u00e1s los de Ghione, Ramos y Cestari, cuatro votos para Burone (Los del MMPV) mientras que los tres votos restantes, los de Ben\u00edtez, Aristi y Muracca no se contabilizaron ya que no votaron para ninguno de los dos.<\/p>\n<p>Luego la concejal Mazzocchi propuso como vicepresidente primera a la se\u00f1ora In\u00e9s Ghione, mientras que L\u00f3pez nuevamente postulaba a Celeste Burone. Antes de la votaci\u00f3n In\u00e9s Ghione sostuvo que ella votar\u00eda por la moci\u00f3n de L\u00f3pez entendiendo que correspond\u00eda por ser integrante de la fuerza que obtuvo elsegundo lugar en las elecciones y cuatro concejales, postura a la que se sum\u00f3 Jos\u00e9 Cestari pero no Jos\u00e9 Luis Ramos que vot\u00f3 por su ex compa\u00f1era de militancia pol\u00edtica dentro de la UCR con lo cual Ghione obten\u00eda nueve votos, contra cuatro de Burone y los tres no definidos de Uni\u00f3n Pro.<\/p>\n<p>Luego Mercedes Mazzocchi propuso a Jos\u00e9 Cestari (CC-ARI) para ocupar la vicepresidencia segunda y Juan Pablo L\u00f3pez a Celeste Burone y de la misma forma que en las dos oportunidades anteriores, es decir sin que contabilizaran los votos de Uni\u00f3n Pro y con el apoyo del arco opositor al Kirchnerismo, la propuesta de Mazzocchi se logr\u00f3 los votos necesarios para ubicar a Cestari en la Vicepresidencia Segunda del Cuerpo.<\/p>\n<p>Con relaci\u00f3n a la elecci\u00f3n del Secretario Administrativo, la propuesta de la edil Mazzocchi recay\u00f3 en quien hasta dicho momento ejerc\u00eda el cargo, es decir la se\u00f1ora Yolanda Gorosito quien ahora si por unanimidad ya que los tres integrantes de Uni\u00f3n Pro si votaron, fue consagrada por dos a\u00f1os m\u00e1s para ejercer dicho cargo recibiendo palabras de elogios por parte de integrantes de todos los bloques y en especial del presidente saliente Dr. Mart\u00edn Ubaldo Zubeld\u00eda.<\/p>\n","protected":false},"excerpt":{"rendered":"<p>Obtuvo 11 sobre 18 votos contando con el apoyo de la UCR, GEN y Coalici\u00f3n C\u00edvica ARI. Vicepresidente primera ser\u00e1 &#8230; <a title=\"Marcelo Denapole vuelve a ser presidente del Concejo Deliberante por dos a\u00f1os\" class=\"read-more\" href=\"https:\/\/www.hoymercedes.com.ar\/principal\/2011\/12\/09\/marcelo-denapole-vuelve-a-ser-presidente-del-concejo-deliberante-por-dos-anos\/\" aria-label=\"Leer m\u00e1s sobre Marcelo Denapole vuelve a ser presidente del Concejo Deliberante por dos a\u00f1os\">Leer m\u00e1s<\/a><\/p>\n","protected":false},"author":1,"featured_media":0,"comment_status":"open","ping_status":"open","sticky":false,"template":"","format":"standard","meta":{"_monsterinsights_skip_tracking":false,"_monsterinsights_sitenote_active":false,"_monsterinsights_sitenote_note":"","_monsterinsights_sitenote_category":0,"jetpack_post_was_ever_published":false,"_jetpack_newsletter_access":"","_jetpack_dont_email_post_to_subs":false,"_jetpack_newsletter_tier_id":0,"_jetpack_memberships_contains_paywalled_content":false,"_jetpack_memberships_contains_paid_content":false,"footnotes":"","jetpack_publicize_message":"","jetpack_publicize_feature_enabled":true,"jetpack_social_post_already_shared":false,"jetpack_social_options":{"image_generator_settings":{"template":"highway","default_image_id":0,"font":"","enabled":false},"version":2},"_wpas_customize_per_network":false},"categories":[5],"tags":[236,370],"class_list":["post-9707","post","type-post","status-publish","format-standard","hentry","category-politica","tag-concejo-deliberante","tag-denapole","generate-columns","tablet-grid-50","mobile-grid-100","grid-parent","grid-50"],"jetpack_publicize_connections":[],"jetpack_featured_media_url":"","wps_subtitle":"","jetpack_sharing_enabled":true,"_links":{"self":[{"href":"https:\/\/www.hoymercedes.com.ar\/principal\/wp-json\/wp\/v2\/posts\/9707","targetHints":{"allow":["GET"]}}],"collection":[{"href":"https:\/\/www.hoymercedes.com.ar\/principal\/wp-json\/wp\/v2\/posts"}],"about":[{"href":"https:\/\/www.hoymercedes.com.ar\/principal\/wp-json\/wp\/v2\/types\/post"}],"author":[{"embeddable":true,"href":"https:\/\/www.hoymercedes.com.ar\/principal\/wp-json\/wp\/v2\/users\/1"}],"replies":[{"embeddable":true,"href":"https:\/\/www.hoymercedes.com.ar\/principal\/wp-json\/wp\/v2\/comments?post=9707"}],"version-history":[{"count":0,"href":"https:\/\/www.hoymercedes.com.ar\/principal\/wp-json\/wp\/v2\/posts\/9707\/revisions"}],"wp:attachment":[{"href":"https:\/\/www.hoymercedes.com.ar\/principal\/wp-json\/wp\/v2\/media?parent=9707"}],"wp:term":[{"taxonomy":"category","embeddable":true,"href":"https:\/\/www.hoymercedes.com.ar\/principal\/wp-json\/wp\/v2\/categories?post=9707"},{"taxonomy":"post_tag","embeddable":true,"href":"https:\/\/www.hoymercedes.com.ar\/principal\/wp-json\/wp\/v2\/tags?post=9707"}],"curies":[{"name":"wp","href":"https:\/\/api.w.org\/{rel}","templated":true}]}}