{"id":97088,"date":"2019-07-25T14:28:36","date_gmt":"2019-07-25T17:28:36","guid":{"rendered":"http:\/\/www.hoymercedes.com.ar\/principal\/?p=97088"},"modified":"2019-07-25T09:59:16","modified_gmt":"2019-07-25T12:59:16","slug":"la-escuela-de-futsal-empato-en-reserva-y-cayo-en-primera","status":"publish","type":"post","link":"https:\/\/www.hoymercedes.com.ar\/principal\/2019\/07\/25\/la-escuela-de-futsal-empato-en-reserva-y-cayo-en-primera\/","title":{"rendered":"La Escuela de Futsal empat\u00f3 en Reserva y cay\u00f3 en Primera"},"content":{"rendered":"\n<p>En el gimnasio Pablo Brienza del CEF N\u00b040 se jug\u00f3 la segunda fecha del torneo de Futsal de la Liga BAFI, siendo la Escuela Municipal local de Bristol de Parque Patricios.<\/p>\n\n\n\n<figure class=\"wp-block-image\"><img loading=\"lazy\" decoding=\"async\" width=\"650\" height=\"384\" data-attachment-id=\"97089\" data-permalink=\"https:\/\/www.hoymercedes.com.ar\/principal\/2019\/07\/25\/la-escuela-de-futsal-empato-en-reserva-y-cayo-en-primera\/escuela-municipal-2-2-bristol\/#main\" data-orig-file=\"https:\/\/www.hoymercedes.com.ar\/principal\/wp-content\/uploads\/2019\/07\/Escuela-Municipal-2-2-Bristol.jpg\" data-orig-size=\"650,384\" data-comments-opened=\"0\" data-image-meta=\"{&quot;aperture&quot;:&quot;0&quot;,&quot;credit&quot;:&quot;&quot;,&quot;camera&quot;:&quot;&quot;,&quot;caption&quot;:&quot;&quot;,&quot;created_timestamp&quot;:&quot;0&quot;,&quot;copyright&quot;:&quot;&quot;,&quot;focal_length&quot;:&quot;0&quot;,&quot;iso&quot;:&quot;0&quot;,&quot;shutter_speed&quot;:&quot;0&quot;,&quot;title&quot;:&quot;&quot;,&quot;orientation&quot;:&quot;0&quot;}\" data-image-title=\"Escuela-Municipal-2-2-Bristol\" data-image-description=\"\" data-image-caption=\"\" data-large-file=\"https:\/\/www.hoymercedes.com.ar\/principal\/wp-content\/uploads\/2019\/07\/Escuela-Municipal-2-2-Bristol.jpg\" src=\"https:\/\/www.hoymercedes.com.ar\/principal\/wp-content\/uploads\/2019\/07\/Escuela-Municipal-2-2-Bristol.jpg\" alt=\"\" class=\"wp-image-97089\" srcset=\"https:\/\/www.hoymercedes.com.ar\/principal\/wp-content\/uploads\/2019\/07\/Escuela-Municipal-2-2-Bristol.jpg 650w, https:\/\/www.hoymercedes.com.ar\/principal\/wp-content\/uploads\/2019\/07\/Escuela-Municipal-2-2-Bristol-150x89.jpg 150w, https:\/\/www.hoymercedes.com.ar\/principal\/wp-content\/uploads\/2019\/07\/Escuela-Municipal-2-2-Bristol-630x372.jpg 630w\" sizes=\"auto, (max-width: 650px) 100vw, 650px\" \/><\/figure>\n\n\n\n<p>En Tercera Divisi\u00f3n fue empate en 2, con tantos de Gonzalo Maciel para los locales. El plantel de Reserva lo conformaron: Julio Maciel, Diego Mart\u00ednez, Gonzalo Maciel, Franco Maciel, Carlos Cousse, Tom\u00e1s Zamb\u00f3n, Lucas Ayala, Tob\u00edas Far\u00edas y Cristian Barroca. <\/p>\n\n\n\n<p>Luego fue el turno de Primera, que cay\u00f3 por 7 a 2. Los goles mercedinos fueron de Gabriel Gordillo. En cancha estuvieron Pedro Bocco, Mariano Ramos, Mat\u00edas Ben\u00edtez, Maximiliano Devincensi, Gabriel Gordillo, Franco Panesi, Benjam\u00edn Nicodemo, \u00c1ngel Silva, Jorge Montenegro y Federico Zelaya. <\/p>\n\n\n\n<p>La tercera fecha tendr\u00e1 a la EMF como visitante de FutPo UBA. En cuanto a las posiciones, la Primera tiene tres puntos, mientras que la Reserva, uno.<\/p>\n","protected":false},"excerpt":{"rendered":"<p>En el gimnasio Pablo Brienza del CEF N\u00b040 se jug\u00f3 la segunda fecha del torneo de Futsal de la Liga &#8230; <a title=\"La Escuela de Futsal empat\u00f3 en Reserva y cay\u00f3 en Primera\" class=\"read-more\" href=\"https:\/\/www.hoymercedes.com.ar\/principal\/2019\/07\/25\/la-escuela-de-futsal-empato-en-reserva-y-cayo-en-primera\/\" aria-label=\"Leer m\u00e1s sobre La Escuela de Futsal empat\u00f3 en Reserva y cay\u00f3 en Primera\">Leer m\u00e1s<\/a><\/p>\n","protected":false},"author":1,"featured_media":97089,"comment_status":"closed","ping_status":"open","sticky":false,"template":"","format":"standard","meta":{"_monsterinsights_skip_tracking":false,"_monsterinsights_sitenote_active":false,"_monsterinsights_sitenote_note":"","_monsterinsights_sitenote_category":0,"jetpack_post_was_ever_published":false,"_jetpack_newsletter_access":"","_jetpack_dont_email_post_to_subs":false,"_jetpack_newsletter_tier_id":0,"_jetpack_memberships_contains_paywalled_content":false,"_jetpack_memberships_contains_paid_content":false,"footnotes":"","jetpack_publicize_message":"","jetpack_publicize_feature_enabled":true,"jetpack_social_post_already_shared":true,"jetpack_social_options":{"image_generator_settings":{"template":"highway","default_image_id":0,"font":"","enabled":false},"version":2},"_wpas_customize_per_network":false},"categories":[21],"tags":[15539,14720],"class_list":["post-97088","post","type-post","status-publish","format-standard","has-post-thumbnail","hentry","category-deportes","tag-bristol-parque-patricios","tag-escuela-municipal-futsal","generate-columns","tablet-grid-50","mobile-grid-100","grid-parent","grid-50"],"jetpack_publicize_connections":[],"jetpack_featured_media_url":"https:\/\/www.hoymercedes.com.ar\/principal\/wp-content\/uploads\/2019\/07\/Escuela-Municipal-2-2-Bristol.jpg","wps_subtitle":"Futsal","jetpack_sharing_enabled":true,"_links":{"self":[{"href":"https:\/\/www.hoymercedes.com.ar\/principal\/wp-json\/wp\/v2\/posts\/97088","targetHints":{"allow":["GET"]}}],"collection":[{"href":"https:\/\/www.hoymercedes.com.ar\/principal\/wp-json\/wp\/v2\/posts"}],"about":[{"href":"https:\/\/www.hoymercedes.com.ar\/principal\/wp-json\/wp\/v2\/types\/post"}],"author":[{"embeddable":true,"href":"https:\/\/www.hoymercedes.com.ar\/principal\/wp-json\/wp\/v2\/users\/1"}],"replies":[{"embeddable":true,"href":"https:\/\/www.hoymercedes.com.ar\/principal\/wp-json\/wp\/v2\/comments?post=97088"}],"version-history":[{"count":0,"href":"https:\/\/www.hoymercedes.com.ar\/principal\/wp-json\/wp\/v2\/posts\/97088\/revisions"}],"wp:featuredmedia":[{"embeddable":true,"href":"https:\/\/www.hoymercedes.com.ar\/principal\/wp-json\/wp\/v2\/media\/97089"}],"wp:attachment":[{"href":"https:\/\/www.hoymercedes.com.ar\/principal\/wp-json\/wp\/v2\/media?parent=97088"}],"wp:term":[{"taxonomy":"category","embeddable":true,"href":"https:\/\/www.hoymercedes.com.ar\/principal\/wp-json\/wp\/v2\/categories?post=97088"},{"taxonomy":"post_tag","embeddable":true,"href":"https:\/\/www.hoymercedes.com.ar\/principal\/wp-json\/wp\/v2\/tags?post=97088"}],"curies":[{"name":"wp","href":"https:\/\/api.w.org\/{rel}","templated":true}]}}